{"id":8792,"date":"2017-09-06T11:14:29","date_gmt":"2017-09-06T14:14:29","guid":{"rendered":"http:\/\/www.ifbaiano.edu.br\/unidades\/santaines\/?p=8792"},"modified":"2017-09-06T11:15:05","modified_gmt":"2017-09-06T14:15:05","slug":"acontece-hoje-no-campus-santa-ines-0609-colacao-de-grau-em-gabinete-de-formandos-do-curso-bacharelado-em-zootecnia","status":"publish","type":"post","link":"https:\/\/www.ifbaiano.edu.br\/unidades\/santaines\/acontece-hoje-no-campus-santa-ines-0609-colacao-de-grau-em-gabinete-de-formandos-do-curso-bacharelado-em-zootecnia\/","title":{"rendered":"Acontece hoje (06\/09) no Campus Santa In\u00eas Cola\u00e7\u00e3o de grau, em Gabinete, de Formandos do Curso Bacharelado em Zootecnia"},"content":{"rendered":"<hr \/>\n<p>&nbsp;<\/p>\n<p align=\"justify\"><span style=\"color: #333333\"><span style=\"font-family: Arial, sans-serif\"><span style=\"font-size: large\">O Diretor Geral do Instituto Federal de Educa\u00e7\u00e3o Ci\u00eancia e Tecnologia Baiano Campus Santa In\u00eas, Nelson Vieira da Silva Filho, tem a honra de convidar a comunidade para o Cerimonial e Cola\u00e7\u00e3o de Grau, em Gabinete, dos formandos L\u00daCIO DA CUNHA OLIVEIRA e PRICILLA CARVALHO MUNIZ, estudantes do Curso Bacharelado em Zootecnia deste Campus, a realizar-se no dia 06 de setembro de 2017, \u00e0s 13h30min, no Audit\u00f3rio do Campus.<\/span><\/span><\/span><\/p>\n<p align=\"justify\"><span style=\"font-family: Arial, sans-serif\"><span style=\"font-size: large\"><span style=\"color: #ffffff\">&#8230;<\/span><\/span><\/span><\/p>\n<p align=\"justify\"><span style=\"color: #333333\"><span style=\"font-family: Arial, sans-serif\"><span style=\"font-size: large\">A Cola\u00e7\u00e3o de Grau em Gabinete acontece em casos excepcionais. Para solicita\u00e7\u00f5es de cola\u00e7\u00e3o de grau em separado, dever\u00e3o ser requeridas ao Gabinete da Reitoria, com as respectivas justificativas, para an\u00e1lise e parecer. Caso o formando obtenha deferimento de seu pedido, a cola\u00e7\u00e3o ser\u00e1 feita em car\u00e1ter extra-oficial.<\/span><\/span><\/span><\/p>\n<hr \/>\n<p>&nbsp;<\/p>\n","protected":false},"excerpt":{"rendered":"<p>A Cerim\u00f4nia acontecer\u00e1 hoje (06\/09) no Audit\u00f3rio do Campus.<\/p>\n","protected":false},"author":86,"featured_media":0,"comment_status":"closed","ping_status":"closed","sticky":false,"template":"","format":"standard","meta":[],"categories":[4,19,10,57],"tags":[],"_links":{"self":[{"href":"https:\/\/www.ifbaiano.edu.br\/unidades\/santaines\/wp-json\/wp\/v2\/posts\/8792"}],"collection":[{"href":"https:\/\/www.ifbaiano.edu.br\/unidades\/santaines\/wp-json\/wp\/v2\/posts"}],"about":[{"href":"https:\/\/www.ifbaiano.edu.br\/unidades\/santaines\/wp-json\/wp\/v2\/types\/post"}],"author":[{"embeddable":true,"href":"https:\/\/www.ifbaiano.edu.br\/unidades\/santaines\/wp-json\/wp\/v2\/users\/86"}],"replies":[{"embeddable":true,"href":"https:\/\/www.ifbaiano.edu.br\/unidades\/santaines\/wp-json\/wp\/v2\/comments?post=8792"}],"version-history":[{"count":3,"href":"https:\/\/www.ifbaiano.edu.br\/unidades\/santaines\/wp-json\/wp\/v2\/posts\/8792\/revisions"}],"predecessor-version":[{"id":8795,"href":"https:\/\/www.ifbaiano.edu.br\/unidades\/santaines\/wp-json\/wp\/v2\/posts\/8792\/revisions\/8795"}],"wp:attachment":[{"href":"https:\/\/www.ifbaiano.edu.br\/unidades\/santaines\/wp-json\/wp\/v2\/media?parent=8792"}],"wp:term":[{"taxonomy":"category","embeddable":true,"href":"https:\/\/www.ifbaiano.edu.br\/unidades\/santaines\/wp-json\/wp\/v2\/categories?post=8792"},{"taxonomy":"post_tag","embeddable":true,"href":"https:\/\/www.ifbaiano.edu.br\/unidades\/santaines\/wp-json\/wp\/v2\/tags?post=8792"}],"curies":[{"name":"wp","href":"https:\/\/api.w.org\/{rel}","templated":true}]}}