{"id":8812,"date":"2017-09-11T08:22:27","date_gmt":"2017-09-11T11:22:27","guid":{"rendered":"http:\/\/www.ifbaiano.edu.br\/unidades\/santaines\/?p=8812"},"modified":"2017-09-11T09:15:19","modified_gmt":"2017-09-11T12:15:19","slug":"curso-bacharelado-em-geografia-do-campus-santa-ines-tambem-foi-estrelado-na-avaliacao-de-cursos-superiores-realizada-pelo-guia-do-estudante-ge-no-ano-de-2017","status":"publish","type":"post","link":"https:\/\/www.ifbaiano.edu.br\/unidades\/santaines\/curso-bacharelado-em-geografia-do-campus-santa-ines-tambem-foi-estrelado-na-avaliacao-de-cursos-superiores-realizada-pelo-guia-do-estudante-ge-no-ano-de-2017\/","title":{"rendered":"Curso de Licenciatura em Geografia do Campus Santa In\u00eas tamb\u00e9m foi estrelado na avalia\u00e7\u00e3o de Cursos Superiores realizada pelo Guia do Estudante (GE) no ano de 2017"},"content":{"rendered":"<div class=\"textoNoticiaDestaque\">\n<hr \/>\n<p style=\"text-align: justify\" align=\"justify\">O Curso de Licenciatura em Geografia do Instituto Federal de Educa\u00e7\u00e3o Ci\u00eancia e Tecnologia Baiano \u2013 Campus Santa In\u00eas tamb\u00e9m foi estrelado (4 estrelas) na avalia\u00e7\u00e3o de cursos superiores realizada pelo Guia do Estudante (GE) no ano de 2017 e constar\u00e1 na publica\u00e7\u00e3o GE Profiss\u00f5es Vestibular 2018, dispon\u00edvel nas bancas a partir do dia 16 de outubro,\u00a0conforme seus editores.<\/p>\n<p style=\"text-align: justify\" align=\"justify\"><span style=\"color: #ffffff\">\u2026<\/span><br \/>\nO Guia do Estudante \u00e9 uma publica\u00e7\u00e3o anual que tradicionalmente avalia os cursos superiores medindo suas qualidades e elegendo os melhores cursos. A avalia\u00e7\u00e3o \u00e9 realizada por professores e coordenadores pareceristas do GE, os quais emitem conceitos que permitem classificar os cursos em ruins (uma estrela), regulares (duas estrelas), bons (tr\u00eas estrelas), muito bons (quatro estrelas) e excelentes (cinco estrelas), sendo que apenas os cursos que recebem tr\u00eas, quatro e cinco estrelas constar\u00e3o nas publica\u00e7\u00f5es do GE.<\/p>\n<table width=\"100%\" cellspacing=\"0\" cellpadding=\"4\">\n<colgroup>\n<col width=\"256*\" \/> <\/colgroup>\n<tbody>\n<tr>\n<td valign=\"top\" width=\"100%\">\u00a0<img decoding=\"async\" loading=\"lazy\" class=\"wp-image-8813 alignleft\" src=\"http:\/\/www.ifbaiano.edu.br\/unidades\/santaines\/files\/2017\/09\/Selo-Geografia.jpg\" alt=\"Selo Geografia\" width=\"850\" height=\"504\" \/><\/td>\n<\/tr>\n<\/tbody>\n<\/table>\n<hr \/>\n<p align=\"justify\">\n<\/div>\n","protected":false},"excerpt":{"rendered":"<p>A avalia\u00e7\u00e3o constar\u00e1 na publica\u00e7\u00e3o GE Profiss\u00f5es Vestibular 2018, dispon\u00edvel nas bancas a partir do dia 16 de outubro de 2017<\/p>\n","protected":false},"author":86,"featured_media":0,"comment_status":"closed","ping_status":"closed","sticky":false,"template":"","format":"standard","meta":[],"categories":[4,20,12,5,10],"tags":[],"_links":{"self":[{"href":"https:\/\/www.ifbaiano.edu.br\/unidades\/santaines\/wp-json\/wp\/v2\/posts\/8812"}],"collection":[{"href":"https:\/\/www.ifbaiano.edu.br\/unidades\/santaines\/wp-json\/wp\/v2\/posts"}],"about":[{"href":"https:\/\/www.ifbaiano.edu.br\/unidades\/santaines\/wp-json\/wp\/v2\/types\/post"}],"author":[{"embeddable":true,"href":"https:\/\/www.ifbaiano.edu.br\/unidades\/santaines\/wp-json\/wp\/v2\/users\/86"}],"replies":[{"embeddable":true,"href":"https:\/\/www.ifbaiano.edu.br\/unidades\/santaines\/wp-json\/wp\/v2\/comments?post=8812"}],"version-history":[{"count":6,"href":"https:\/\/www.ifbaiano.edu.br\/unidades\/santaines\/wp-json\/wp\/v2\/posts\/8812\/revisions"}],"predecessor-version":[{"id":8819,"href":"https:\/\/www.ifbaiano.edu.br\/unidades\/santaines\/wp-json\/wp\/v2\/posts\/8812\/revisions\/8819"}],"wp:attachment":[{"href":"https:\/\/www.ifbaiano.edu.br\/unidades\/santaines\/wp-json\/wp\/v2\/media?parent=8812"}],"wp:term":[{"taxonomy":"category","embeddable":true,"href":"https:\/\/www.ifbaiano.edu.br\/unidades\/santaines\/wp-json\/wp\/v2\/categories?post=8812"},{"taxonomy":"post_tag","embeddable":true,"href":"https:\/\/www.ifbaiano.edu.br\/unidades\/santaines\/wp-json\/wp\/v2\/tags?post=8812"}],"curies":[{"name":"wp","href":"https:\/\/api.w.org\/{rel}","templated":true}]}}