{"id":8834,"date":"2017-09-20T17:17:42","date_gmt":"2017-09-20T20:17:42","guid":{"rendered":"http:\/\/www.ifbaiano.edu.br\/unidades\/santaines\/?p=8834"},"modified":"2017-09-21T12:24:38","modified_gmt":"2017-09-21T15:24:38","slug":"selecao-de-discentes-para-ingresso-no-grupo-de-pesquisa","status":"publish","type":"post","link":"https:\/\/www.ifbaiano.edu.br\/unidades\/santaines\/selecao-de-discentes-para-ingresso-no-grupo-de-pesquisa\/","title":{"rendered":"Sele\u00e7\u00e3o de Discentes para Ingresso em Grupo de Pesquisa"},"content":{"rendered":"<hr \/>\n<p style=\"text-align: justify\">Est\u00e3o abertas, atrav\u00e9s do Edital de Chamada Interna n\u00ba 01\/2017, as inscri\u00e7\u00f5es de sele\u00e7\u00e3o para participa\u00e7\u00e3o nos seguintes Projetos:<br \/>\nI) Mem\u00f3ria e Identidades Sociais no Vale do Jiquiri\u00e7\u00e1-BA: o passado e o presente nos trilhos da hist\u00f3ria;<br \/>\nII) Mulheres no Vale do Jiquiri\u00e7\u00e1-BA: Mem\u00f3ria, G\u00eanero, Viol\u00eancia e Educa\u00e7\u00e3o;<br \/>\nIII) Territorialidade da Educa\u00e7\u00e3o do Campo;<br \/>\nIV) Corpo, educa\u00e7\u00e3o e sexualidade.<\/p>\n<p style=\"text-align: justify\">A Chamada tem por objetivo selecionar <strong>discentes do Campus Santa In\u00eas<\/strong> para participa\u00e7\u00e3o em projetos desenvolvidos pelo Grupo de Pesquisa em Ci\u00eancias Humanas, Educa\u00e7\u00e3o, Pol\u00edtica, Direitos Humanos e Cultura \u2013 GEHU.<\/p>\n<p style=\"text-align: justify\">O processo seletivo ser\u00e1 destinado ao preenchimento de 15 vagas para discentes do ensino superior e 05 vagas para discentes do ensino m\u00e9dio integrado e subsequente.<\/p>\n<p style=\"text-align: justify\"><strong>O per\u00edodo das inscri\u00e7\u00f5es compreender\u00e1 de 20\/09\/17 a 25\/09\/17<\/strong> (observados os hor\u00e1rios distintos descritos no cronograma).<\/p>\n<p style=\"text-align: justify\">O interessado(a) deve encaminhar dados como: nome completo, curso, turma e\/ou semestre, telefone para contato, e indica\u00e7\u00e3o do projeto que possui interesse em desenvolver as atividades de pesquisa, para o <strong>e-mail: gehu.ifbaiano@gmail.com, assunto: Sele\u00e7\u00e3o de Discentes Grupo de Pesquisa \u2013 GEHU, aos cuidados da Coordena\u00e7\u00e3o do GEHU.<\/strong><\/p>\n<p style=\"text-align: justify\">Demais documentos para comprova\u00e7\u00e3o e situa\u00e7\u00e3o do discente ser\u00e3o solicitados ap\u00f3s o processo de sele\u00e7\u00e3o. A sua n\u00e3o apresenta\u00e7\u00e3o redundar\u00e1 na exclus\u00e3o do discente.<\/p>\n<p style=\"text-align: justify\">O cronograma a ser observado pelos discentes do Ensino M\u00e9dio levou em considera\u00e7\u00e3o os hor\u00e1rios dispon\u00edveis para os grupos de estudos\/pesquisas e segue abaixo discriminado:<\/p>\n<p style=\"text-align: justify\"><strong><span style=\"text-decoration: underline\">Para maiores informa\u00e7\u00f5es acesse o <a href=\"http:\/\/www.ifbaiano.edu.br\/unidades\/santaines\/files\/2017\/09\/Chamada-Interna-N\u00ba-01_2017-GEHU-Sele\u00e7\u00e3o.pdf\" target=\"_blank\">Edital de Chamada Interna N\u00ba 01_2017 GEHU<\/a><\/span><\/strong><\/p>\n<p>&nbsp;<\/p>\n<hr \/>\n<p style=\"text-align: justify\">\n","protected":false},"excerpt":{"rendered":"<p>Grupo de Pesquisa em Ci\u00eancias Humanas, Educa\u00e7\u00e3o, Pol\u00edtica, Direitos Humanos e Cultura \u2013 GEHU<\/p>\n","protected":false},"author":86,"featured_media":0,"comment_status":"closed","ping_status":"closed","sticky":false,"template":"","format":"standard","meta":[],"categories":[4,38,5,10,8,57],"tags":[],"_links":{"self":[{"href":"https:\/\/www.ifbaiano.edu.br\/unidades\/santaines\/wp-json\/wp\/v2\/posts\/8834"}],"collection":[{"href":"https:\/\/www.ifbaiano.edu.br\/unidades\/santaines\/wp-json\/wp\/v2\/posts"}],"about":[{"href":"https:\/\/www.ifbaiano.edu.br\/unidades\/santaines\/wp-json\/wp\/v2\/types\/post"}],"author":[{"embeddable":true,"href":"https:\/\/www.ifbaiano.edu.br\/unidades\/santaines\/wp-json\/wp\/v2\/users\/86"}],"replies":[{"embeddable":true,"href":"https:\/\/www.ifbaiano.edu.br\/unidades\/santaines\/wp-json\/wp\/v2\/comments?post=8834"}],"version-history":[{"count":6,"href":"https:\/\/www.ifbaiano.edu.br\/unidades\/santaines\/wp-json\/wp\/v2\/posts\/8834\/revisions"}],"predecessor-version":[{"id":8851,"href":"https:\/\/www.ifbaiano.edu.br\/unidades\/santaines\/wp-json\/wp\/v2\/posts\/8834\/revisions\/8851"}],"wp:attachment":[{"href":"https:\/\/www.ifbaiano.edu.br\/unidades\/santaines\/wp-json\/wp\/v2\/media?parent=8834"}],"wp:term":[{"taxonomy":"category","embeddable":true,"href":"https:\/\/www.ifbaiano.edu.br\/unidades\/santaines\/wp-json\/wp\/v2\/categories?post=8834"},{"taxonomy":"post_tag","embeddable":true,"href":"https:\/\/www.ifbaiano.edu.br\/unidades\/santaines\/wp-json\/wp\/v2\/tags?post=8834"}],"curies":[{"name":"wp","href":"https:\/\/api.w.org\/{rel}","templated":true}]}}