{"id":8866,"date":"2017-09-22T11:20:18","date_gmt":"2017-09-22T14:20:18","guid":{"rendered":"http:\/\/www.ifbaiano.edu.br\/unidades\/santaines\/?p=8866"},"modified":"2017-09-28T12:16:16","modified_gmt":"2017-09-28T15:16:16","slug":"professores-mocambicanos-participam-de-programa-de-formacao-no-if-baiano","status":"publish","type":"post","link":"https:\/\/www.ifbaiano.edu.br\/unidades\/santaines\/professores-mocambicanos-participam-de-programa-de-formacao-no-if-baiano\/","title":{"rendered":"Professores mo\u00e7ambicanos participam de programa de forma\u00e7\u00e3o no IF Baiano"},"content":{"rendered":"<hr \/>\n<div class=\"subtitulo-post\"><\/div>\n<div id=\"textoNoticia\">\n<div class=\"addtoany_share_save_container addtoany_content_top\" style=\"text-align: justify\"><\/div>\n<div class=\"pf-content\" style=\"text-align: justify\">\n<p class=\"western\">Um grupo formado por quatro professores mo\u00e7ambicanos chega, na pr\u00f3xima segunda-feira (25), no Instituto Federal Baiano \u2013\u00a0<i>Campus<\/i>\u00a0Santa In\u00eas para participar de cursos\u00a0de forma\u00e7\u00e3o. A iniciativa faz parte de um acordo de coopera\u00e7\u00e3o t\u00e9cnica entre o Conselho Nacional das Institui\u00e7\u00f5es da Rede Federal de Educa\u00e7\u00e3o Profissional, Cient\u00edfica e Tecnol\u00f3gica (Conif) e o governo de Mo\u00e7ambique.<\/p>\n<p class=\"western\">Os professores ir\u00e3o permanecer em Santa In\u00eas at\u00e9 3 de novembro, per\u00edodo em que ir\u00e3o participar \u00a0de cursos da modalidade FIC nas \u00e1reas de Agro-processamento, Irriga\u00e7\u00e3o, Mecaniza\u00e7\u00e3o Agr\u00e1ria, Sanidade Animal, Sanidade Vegetal, Sistemas de Produ\u00e7\u00e3o e Solos. As atividades fazem parte Programa de Forma\u00e7\u00e3o de Professores Mo\u00e7ambicanos em Ci\u00eancias Agr\u00e1rias. Ap\u00f3s a estadia no IF Baiano, o grupo segue para continuar a forma\u00e7\u00e3o em Petrolina, no IF Sert\u00e3o Pernambucano.<\/p>\n<p class=\"western\"><b>Acordo Conif e Mo\u00e7ambique<\/b><\/p>\n<p class=\"western\">Os quatro professores que estar\u00e3o no IF Baiano fazem parte de um grupo de 30 mo\u00e7ambicanos que est\u00e1 no Brasil desde 9 de setembro, e permanecem durante quatro meses, participando de programa de forma\u00e7\u00e3o em oito institui\u00e7\u00f5es da Rede Federal. A iniciativa faz parte de acordo de coopera\u00e7\u00e3o internacional entre o Conif e o Governo Africano, por meio da Autoridade Nacional de Educa\u00e7\u00e3o Profissional (Anep).<\/p>\n<p class=\"western\">O objetivo \u00e9 capacitar formadores das institui\u00e7\u00f5es agr\u00e1rias do pa\u00eds africano, a partir de conhecimentos e habilidades em agricultura e mecaniza\u00e7\u00e3o agr\u00e1ria para responder \u00e0s exig\u00eancias dos curr\u00edculos e fazer uso dos equipamentos existentes em suas institui\u00e7\u00f5es de origem.<\/p>\n<p class=\"western\"><b>Aula Inaugural<\/b><\/p>\n<p class=\"western\">Com o objetivo de recepcionar os professores, ser\u00e1 realizada uma Aula Inaugural do programa de forma\u00e7\u00e3o, no Audit\u00f3rio da Biblioteca do\u00a0<i>campus\u00a0<\/i>Santa In\u00eas, na segunda-feira (25), a partir das 8h30. Al\u00e9m de palestra sobre \u201cA import\u00e2ncia da forma\u00e7\u00e3o de professores\u201d, ministrada pelo professor e Coordenador de Extens\u00e3o do\u00a0<em>campus<\/em>, F\u00e1bio Carvalho, est\u00e1 prevista uma apresenta\u00e7\u00e3o cultural realizada pelos alunos da unidade.<\/p>\n<hr \/>\n<\/div>\n<p style=\"text-align: justify\">Fonte: ASCOM\/Reitoria. Dispon\u00edvel em: <a href=\"http:\/\/ifbaiano.edu.br\/portal\/blog\/2017\/09\/22\/professores-mocambicanos-participam-de-programa-de-formacao-no-if-baiano\/\" target=\"_blank\">http:\/\/ifbaiano.edu.br\/portal\/blog\/2017\/09\/22\/professores-mocambicanos-participam-de-programa-de-formacao-no-if-baiano\/<\/a><\/p>\n<\/div>\n<div id=\"boxtags\">\n<hr \/>\n<h5 style=\"text-align: justify\"><\/h5>\n<\/div>\n","protected":false},"excerpt":{"rendered":"<p>Grupo ser\u00e1 recepcionado no Campus Santa In\u00eas em Aula Inaugural.<\/p>\n","protected":false},"author":86,"featured_media":0,"comment_status":"closed","ping_status":"closed","sticky":false,"template":"","format":"standard","meta":[],"categories":[4,5,37,10,57],"tags":[],"_links":{"self":[{"href":"https:\/\/www.ifbaiano.edu.br\/unidades\/santaines\/wp-json\/wp\/v2\/posts\/8866"}],"collection":[{"href":"https:\/\/www.ifbaiano.edu.br\/unidades\/santaines\/wp-json\/wp\/v2\/posts"}],"about":[{"href":"https:\/\/www.ifbaiano.edu.br\/unidades\/santaines\/wp-json\/wp\/v2\/types\/post"}],"author":[{"embeddable":true,"href":"https:\/\/www.ifbaiano.edu.br\/unidades\/santaines\/wp-json\/wp\/v2\/users\/86"}],"replies":[{"embeddable":true,"href":"https:\/\/www.ifbaiano.edu.br\/unidades\/santaines\/wp-json\/wp\/v2\/comments?post=8866"}],"version-history":[{"count":4,"href":"https:\/\/www.ifbaiano.edu.br\/unidades\/santaines\/wp-json\/wp\/v2\/posts\/8866\/revisions"}],"predecessor-version":[{"id":8870,"href":"https:\/\/www.ifbaiano.edu.br\/unidades\/santaines\/wp-json\/wp\/v2\/posts\/8866\/revisions\/8870"}],"wp:attachment":[{"href":"https:\/\/www.ifbaiano.edu.br\/unidades\/santaines\/wp-json\/wp\/v2\/media?parent=8866"}],"wp:term":[{"taxonomy":"category","embeddable":true,"href":"https:\/\/www.ifbaiano.edu.br\/unidades\/santaines\/wp-json\/wp\/v2\/categories?post=8866"},{"taxonomy":"post_tag","embeddable":true,"href":"https:\/\/www.ifbaiano.edu.br\/unidades\/santaines\/wp-json\/wp\/v2\/tags?post=8866"}],"curies":[{"name":"wp","href":"https:\/\/api.w.org\/{rel}","templated":true}]}}