{"id":8910,"date":"2017-09-28T12:15:14","date_gmt":"2017-09-28T15:15:14","guid":{"rendered":"http:\/\/www.ifbaiano.edu.br\/unidades\/santaines\/?p=8910"},"modified":"2017-09-28T12:15:14","modified_gmt":"2017-09-28T15:15:14","slug":"estudantes-do-curso-de-licenciatura-em-geografia-realizaram-atividade-de-campo-nos-municipios-de-ilheus-e-olivenca","status":"publish","type":"post","link":"https:\/\/www.ifbaiano.edu.br\/unidades\/santaines\/estudantes-do-curso-de-licenciatura-em-geografia-realizaram-atividade-de-campo-nos-municipios-de-ilheus-e-olivenca\/","title":{"rendered":"Estudantes do curso de Licenciatura em Geografia realizaram atividade de campo nos munic\u00edpios de Ilh\u00e9us e Oliven\u00e7a"},"content":{"rendered":"<hr \/>\n<table style=\"height: 262px\" width=\"890\" cellspacing=\"0\" cellpadding=\"4\">\n<colgroup>\n<col width=\"85*\" \/>\n<col width=\"85*\" \/>\n<col width=\"85*\" \/> <\/colgroup>\n<tbody>\n<tr valign=\"top\">\n<td width=\"33%\">\u00a0 <a href=\"http:\/\/www.ifbaiano.edu.br\/unidades\/santaines\/files\/2017\/09\/ILHEUS-2.jpg\"><img decoding=\"async\" loading=\"lazy\" class=\"alignnone  wp-image-8912\" src=\"http:\/\/www.ifbaiano.edu.br\/unidades\/santaines\/files\/2017\/09\/ILHEUS-2.jpg\" alt=\"ILHEUS 2\" width=\"259\" height=\"259\" \/><\/a><\/td>\n<td width=\"33%\">\u00a0<a href=\"http:\/\/www.ifbaiano.edu.br\/unidades\/santaines\/files\/2017\/09\/ILHEUS-1.jpg\"><img decoding=\"async\" loading=\"lazy\" class=\"alignnone  wp-image-8911\" src=\"http:\/\/www.ifbaiano.edu.br\/unidades\/santaines\/files\/2017\/09\/ILHEUS-1.jpg\" alt=\"ILHEUS 1\" width=\"259\" height=\"259\" \/><\/a><\/td>\n<td width=\"33%\">\u00a0<a href=\"http:\/\/www.ifbaiano.edu.br\/unidades\/santaines\/files\/2017\/09\/ILHEUS-3.jpg\"><img decoding=\"async\" loading=\"lazy\" class=\"alignnone  wp-image-8913\" src=\"http:\/\/www.ifbaiano.edu.br\/unidades\/santaines\/files\/2017\/09\/ILHEUS-3.jpg\" alt=\"ILHEUS 3\" width=\"258\" height=\"257\" \/><\/a><\/td>\n<\/tr>\n<tr valign=\"top\">\n<td width=\"33%\"><\/td>\n<td width=\"33%\"><\/td>\n<td width=\"33%\"><\/td>\n<\/tr>\n<\/tbody>\n<\/table>\n<p style=\"text-align: justify\">Entre os dias 22 e 24 de Setembro de 2017, os estudantes do curso de Licenciatura em Geografia realizaram uma atividade de campo nos munic\u00edpios de Ilh\u00e9us e Oliven\u00e7a, a atividade envolveu tr\u00eas disciplinas: Geografia Pol\u00edtica, Pedologia e Organiza\u00e7\u00e3o do espa\u00e7o mundial ministradas pelos professores Silvio Marcio M. Machado, F\u00e1bio Nunes e Moacyr Velame. O objetivo do campo foi compreender o significado do territ\u00f3rio e as estrat\u00e9gias de territorializa\u00e7\u00e3o dos povos ind\u00edgenas na atualidade, investigar a rela\u00e7\u00e3o entre etnia e solo dentro da ideia de Etnopedologia e verificar como se deu a articula\u00e7\u00e3o das escalas local, regional e global no per\u00edodo \u00e1ureo do cacau.<\/p>\n<p style=\"text-align: justify\">\nOs estudantes de Geografia do Instituto Federal Baiano &#8211; Campus Santa In\u00eas foram recebidos pelo Cacique Ramon na Aldeia Tucum da tribo Tupinamb\u00e1 no munic\u00edpio de Oliven\u00e7a-BA, onde ficaram alojados. Durante as atividades em campo, os estudantes tiveram a oportunidade de conhecer os costumes, a produ\u00e7\u00e3o, as habita\u00e7\u00f5es, rituais e a forma como vive a popula\u00e7\u00e3o ind\u00edgena na atualidade, de modo a desmistificar a no\u00e7\u00e3o de ind\u00edgena que em geral \u00e9 apresentada nos livros did\u00e1ticos. Por meio de rodas de conversa, foi poss\u00edvel levantar as informa\u00e7\u00f5es necess\u00e1rias ao campo, verificar como se deu o processo de expropria\u00e7\u00e3o do territ\u00f3rio tradicional dos povos origin\u00e1rios nesse per\u00edodo de mais de 500 anos de invas\u00e3o portuguesa e como, apesar de todas as dificuldades, o povo tupinamb\u00e1 consegue preservar sua identidade, sua cultura e se mantem em luta pela demarca\u00e7\u00e3o de seu territ\u00f3rio, sem o qual o seu modo de viver e de ser n\u00e3o pode ser reproduzido.<\/p>\n<p>Nesse sentido, os estudantes de Geografia foram convidados a participar da 17\u00aa Peregrina\u00e7\u00e3o em Mem\u00f3ria aos M\u00e1rtires do Massacre do Rio Cururupe. &#8220;A praia do Cururupe, extremo norte da Terra Ind\u00edgena Tupinamb\u00e1 de Oliven\u00e7a, foi cen\u00e1rio da sangrenta Batalha dos Nadadores, comandada por Mem de S\u00e1, em 1559. Segundo relato do pr\u00f3prio governador-geral, quando dispostos ao longo da praia, \u201ctomavam os corpos [dos ind\u00edgenas assassinados] perto de uma l\u00e9gua\u201d (apud Jo\u00e3o da Silva Campos. 2006 [1947]. Cr\u00f4nica da capitania de S\u00e3o Jorge dos Ilh\u00e9us. 3 ed. Ilh\u00e9us, Editus, p. 186). Em 30 de setembro de 2001, os ind\u00edgenas realizaram a primeira caminhada em mem\u00f3ria dos m\u00e1rtires do Cururupe, recordando tanto o massacre levado a cabo por Mem de S\u00e1 no s\u00e9culo XVI, quanto as a\u00e7\u00f5es do ind\u00edgena Marcellino Jos\u00e9 Alves e de seus companheiros, que, nas d\u00e9cadas de 1920 e 1930 lutaram contra a penetra\u00e7\u00e3o dos n\u00e3o-\u00edndios no territ\u00f3rio Tupinamb\u00e1.&#8221; (Campanha Tupinamb\u00e1).<\/p>\n<hr \/>\n<p style=\"text-align: justify\">Silvio Marcio M. Machado<br \/>\nCoordenador do Curso de Licenciatura em Geografia<br \/>\nInstituto Federal Baiano &#8211; Campus Santa In\u00eas<br \/>\nPortaria DOU 1.095 de 13 de junho de 2017<\/p>\n<table width=\"100%\" cellspacing=\"0\" cellpadding=\"4\">\n<colgroup>\n<col width=\"85*\" \/>\n<col width=\"85*\" \/>\n<col width=\"85*\" \/> <\/colgroup>\n<tbody>\n<tr valign=\"top\">\n<td width=\"33%\"><\/td>\n<td width=\"33%\"><\/td>\n<td width=\"33%\"><\/td>\n<\/tr>\n<tr valign=\"top\">\n<td width=\"33%\"><\/td>\n<td width=\"33%\"><\/td>\n<td width=\"33%\"><\/td>\n<\/tr>\n<\/tbody>\n<\/table>\n<p style=\"text-align: justify\">\n","protected":false},"excerpt":{"rendered":"<p>As atividades aconteceram entre os dias 22 e 24 de Setembro de 2017<\/p>\n","protected":false},"author":86,"featured_media":0,"comment_status":"closed","ping_status":"closed","sticky":false,"template":"","format":"standard","meta":[],"categories":[4,20,12,5,10],"tags":[],"_links":{"self":[{"href":"https:\/\/www.ifbaiano.edu.br\/unidades\/santaines\/wp-json\/wp\/v2\/posts\/8910"}],"collection":[{"href":"https:\/\/www.ifbaiano.edu.br\/unidades\/santaines\/wp-json\/wp\/v2\/posts"}],"about":[{"href":"https:\/\/www.ifbaiano.edu.br\/unidades\/santaines\/wp-json\/wp\/v2\/types\/post"}],"author":[{"embeddable":true,"href":"https:\/\/www.ifbaiano.edu.br\/unidades\/santaines\/wp-json\/wp\/v2\/users\/86"}],"replies":[{"embeddable":true,"href":"https:\/\/www.ifbaiano.edu.br\/unidades\/santaines\/wp-json\/wp\/v2\/comments?post=8910"}],"version-history":[{"count":3,"href":"https:\/\/www.ifbaiano.edu.br\/unidades\/santaines\/wp-json\/wp\/v2\/posts\/8910\/revisions"}],"predecessor-version":[{"id":8916,"href":"https:\/\/www.ifbaiano.edu.br\/unidades\/santaines\/wp-json\/wp\/v2\/posts\/8910\/revisions\/8916"}],"wp:attachment":[{"href":"https:\/\/www.ifbaiano.edu.br\/unidades\/santaines\/wp-json\/wp\/v2\/media?parent=8910"}],"wp:term":[{"taxonomy":"category","embeddable":true,"href":"https:\/\/www.ifbaiano.edu.br\/unidades\/santaines\/wp-json\/wp\/v2\/categories?post=8910"},{"taxonomy":"post_tag","embeddable":true,"href":"https:\/\/www.ifbaiano.edu.br\/unidades\/santaines\/wp-json\/wp\/v2\/tags?post=8910"}],"curies":[{"name":"wp","href":"https:\/\/api.w.org\/{rel}","templated":true}]}}