{"id":8965,"date":"2017-10-06T12:41:39","date_gmt":"2017-10-06T15:41:39","guid":{"rendered":"http:\/\/www.ifbaiano.edu.br\/unidades\/santaines\/?p=8965"},"modified":"2017-10-09T14:32:21","modified_gmt":"2017-10-09T17:32:21","slug":"professores-e-colegiado-do-curso-tecnico-em-alimentos-organizam-atividades-em-comemoracao-ao-dia-do-tecnico-em-alimentos","status":"publish","type":"post","link":"https:\/\/www.ifbaiano.edu.br\/unidades\/santaines\/professores-e-colegiado-do-curso-tecnico-em-alimentos-organizam-atividades-em-comemoracao-ao-dia-do-tecnico-em-alimentos\/","title":{"rendered":"Professores e Colegiado do Curso T\u00e9cnico em Alimentos organizam atividades em comemora\u00e7\u00e3o ao dia do T\u00e9cnico em Alimentos"},"content":{"rendered":"<hr \/>\n<table width=\"100%\" cellspacing=\"0\" cellpadding=\"4\">\n<colgroup>\n<col width=\"128*\" \/>\n<col width=\"128*\" \/><\/colgroup>\n<tbody>\n<tr>\n<td style=\"text-align: justify\" colspan=\"2\" valign=\"top\" width=\"100%\">Em comemora\u00e7\u00e3o ao Dia do T\u00e9cnico em Alimentos (13\/10), os professores, juntamente com o colegiado do curso T\u00e9cnico em Alimentos, organizaram uma manh\u00e3 bastante calorosa com a presen\u00e7a de convidados que mostrar\u00e3o a import\u00e2ncia da forma\u00e7\u00e3o e carreira t\u00e9cnica na \u00e1rea. Essa manh\u00e3 acontecer\u00e1 no pr\u00f3ximo\u00a0<span id=\"OBJ_PREFIX_DWT105_com_zimbra_date\" class=\"Object\"><span id=\"OBJ_PREFIX_DWT106_com_zimbra_date\" class=\"Object\"><span id=\"OBJ_PREFIX_DWT108_com_zimbra_date\" class=\"Object\">s\u00e1bado,<\/span><\/span><\/span>\u00a0\u00a0dia 07\/10, no audit\u00f3rio do Campus Santa In\u00eas, culminando com um lance preparado a partir de produtos elaborados pelos alunos do 3\u00ba ano do curso.<\/td>\n<\/tr>\n<tr valign=\"top\">\n<td width=\"50%\">\u00a0<img decoding=\"async\" loading=\"lazy\" class=\"size-full wp-image-8966 alignleft\" src=\"http:\/\/www.ifbaiano.edu.br\/unidades\/santaines\/files\/2017\/10\/Cartaz.jpg\" alt=\"Cartaz\" width=\"513\" height=\"743\" \/><\/td>\n<td width=\"50%\"><\/td>\n<\/tr>\n<\/tbody>\n<\/table>\n<hr \/>\n","protected":false},"excerpt":{"rendered":"<p>Atividades est\u00e3o programadas para o pr\u00f3ximo s\u00e1bado (07\/10\/2017)<\/p>\n","protected":false},"author":86,"featured_media":0,"comment_status":"closed","ping_status":"closed","sticky":false,"template":"","format":"standard","meta":[],"categories":[4,19,5,10,57],"tags":[],"_links":{"self":[{"href":"https:\/\/www.ifbaiano.edu.br\/unidades\/santaines\/wp-json\/wp\/v2\/posts\/8965"}],"collection":[{"href":"https:\/\/www.ifbaiano.edu.br\/unidades\/santaines\/wp-json\/wp\/v2\/posts"}],"about":[{"href":"https:\/\/www.ifbaiano.edu.br\/unidades\/santaines\/wp-json\/wp\/v2\/types\/post"}],"author":[{"embeddable":true,"href":"https:\/\/www.ifbaiano.edu.br\/unidades\/santaines\/wp-json\/wp\/v2\/users\/86"}],"replies":[{"embeddable":true,"href":"https:\/\/www.ifbaiano.edu.br\/unidades\/santaines\/wp-json\/wp\/v2\/comments?post=8965"}],"version-history":[{"count":6,"href":"https:\/\/www.ifbaiano.edu.br\/unidades\/santaines\/wp-json\/wp\/v2\/posts\/8965\/revisions"}],"predecessor-version":[{"id":8989,"href":"https:\/\/www.ifbaiano.edu.br\/unidades\/santaines\/wp-json\/wp\/v2\/posts\/8965\/revisions\/8989"}],"wp:attachment":[{"href":"https:\/\/www.ifbaiano.edu.br\/unidades\/santaines\/wp-json\/wp\/v2\/media?parent=8965"}],"wp:term":[{"taxonomy":"category","embeddable":true,"href":"https:\/\/www.ifbaiano.edu.br\/unidades\/santaines\/wp-json\/wp\/v2\/categories?post=8965"},{"taxonomy":"post_tag","embeddable":true,"href":"https:\/\/www.ifbaiano.edu.br\/unidades\/santaines\/wp-json\/wp\/v2\/tags?post=8965"}],"curies":[{"name":"wp","href":"https:\/\/api.w.org\/{rel}","templated":true}]}}