{"id":8975,"date":"2017-10-06T15:23:32","date_gmt":"2017-10-06T18:23:32","guid":{"rendered":"http:\/\/www.ifbaiano.edu.br\/unidades\/santaines\/?p=8975"},"modified":"2017-10-06T15:23:32","modified_gmt":"2017-10-06T18:23:32","slug":"selecao-de-projetos-de-incentivo-a-aprendizagem-que-contemplem-estudantes-em-situacao-de-vulnerabilidade-socioeconomica","status":"publish","type":"post","link":"https:\/\/www.ifbaiano.edu.br\/unidades\/santaines\/selecao-de-projetos-de-incentivo-a-aprendizagem-que-contemplem-estudantes-em-situacao-de-vulnerabilidade-socioeconomica\/","title":{"rendered":"Sele\u00e7\u00e3o de Projetos de Incentivo \u00e0 Aprendizagem que contemplem estudantes em situa\u00e7\u00e3o de vulnerabilidade socioecon\u00f4mica"},"content":{"rendered":"<hr \/>\n<div style=\"text-align: justify\">\n<div>No per\u00edodo de 09 a 20 de outubro de 2017, ser\u00e3o abertas as inscri\u00e7\u00f5es dos Projetos de Incentivo \u00e0 Aprendizagem do IFBAIANO Campus Santa In\u00eas, elaborados por professores e t\u00e9cnicos administrativos interessados.<\/div>\n<div><\/div>\n<div>As inscri\u00e7\u00f5es ocorrer\u00e3o no N\u00facleo de Apoio Pedag\u00f3gico e Psicossocial, no hor\u00e1rio de funcionamento do setor.<\/div>\n<div><\/div>\n<div>O Programa de Incentivo \u00e0 Aprendizagem engloba a concess\u00e3o de Bolsas de Aprendizagem para estudantes de comprovada car\u00eancia socioecon\u00f4mica, devidamente matriculados no IF BAIANO Campus Santa In\u00eas, vinculados aos cursos de ensino presenciais que est\u00e3o inseridos na Educa\u00e7\u00e3o Profissional T\u00e9cnica de N\u00edvel M\u00e9dio e Gradua\u00e7\u00e3o e no Programa de Integra\u00e7\u00e3o da Educa\u00e7\u00e3o Profissional T\u00e9cnica de N\u00edvel M\u00e9dio com o Ensino M\u00e9dio na Modalidade EJA-PROEJA.<\/div>\n<div><\/div>\n<\/div>\n<div style=\"text-align: justify\">\n<div>No ano letivo de 2017 ser\u00e3o ofertadas 10 (dez vagas).<\/div>\n<\/div>\n<div><\/div>\n<h2><strong>Veja <a href=\"http:\/\/www.ifbaiano.edu.br\/unidades\/santaines\/files\/2017\/10\/Edital-PINA-36-2017.pdf\">AQUI<\/a>\u00a0todas as informa\u00e7\u00f5es.<\/strong><\/h2>\n<div><\/div>\n<div><\/div>\n<div style=\"text-align: justify\">\n<div>\n<div>\n<hr \/>\n<\/div>\n<\/div>\n<\/div>\n","protected":false},"excerpt":{"rendered":"<p>As inscri\u00e7\u00f5es acontecem no per\u00edodo de 09 a 20 de outubro de 2017.<\/p>\n","protected":false},"author":86,"featured_media":0,"comment_status":"closed","ping_status":"closed","sticky":false,"template":"","format":"standard","meta":[],"categories":[4,38,5,10,8,57],"tags":[],"_links":{"self":[{"href":"https:\/\/www.ifbaiano.edu.br\/unidades\/santaines\/wp-json\/wp\/v2\/posts\/8975"}],"collection":[{"href":"https:\/\/www.ifbaiano.edu.br\/unidades\/santaines\/wp-json\/wp\/v2\/posts"}],"about":[{"href":"https:\/\/www.ifbaiano.edu.br\/unidades\/santaines\/wp-json\/wp\/v2\/types\/post"}],"author":[{"embeddable":true,"href":"https:\/\/www.ifbaiano.edu.br\/unidades\/santaines\/wp-json\/wp\/v2\/users\/86"}],"replies":[{"embeddable":true,"href":"https:\/\/www.ifbaiano.edu.br\/unidades\/santaines\/wp-json\/wp\/v2\/comments?post=8975"}],"version-history":[{"count":2,"href":"https:\/\/www.ifbaiano.edu.br\/unidades\/santaines\/wp-json\/wp\/v2\/posts\/8975\/revisions"}],"predecessor-version":[{"id":8978,"href":"https:\/\/www.ifbaiano.edu.br\/unidades\/santaines\/wp-json\/wp\/v2\/posts\/8975\/revisions\/8978"}],"wp:attachment":[{"href":"https:\/\/www.ifbaiano.edu.br\/unidades\/santaines\/wp-json\/wp\/v2\/media?parent=8975"}],"wp:term":[{"taxonomy":"category","embeddable":true,"href":"https:\/\/www.ifbaiano.edu.br\/unidades\/santaines\/wp-json\/wp\/v2\/categories?post=8975"},{"taxonomy":"post_tag","embeddable":true,"href":"https:\/\/www.ifbaiano.edu.br\/unidades\/santaines\/wp-json\/wp\/v2\/tags?post=8975"}],"curies":[{"name":"wp","href":"https:\/\/api.w.org\/{rel}","templated":true}]}}