{"id":900,"date":"2012-01-02T14:46:01","date_gmt":"2012-01-02T17:46:01","guid":{"rendered":"http:\/\/www.ifbaiano.edu.br\/unidades\/santaines\/?p=900"},"modified":"2012-01-18T15:53:49","modified_gmt":"2012-01-18T18:53:49","slug":"if-baiano-campus-santa-ines-colabora-no-processo-de-reestruturacao-do-colegiado-do-terri-vale-do-jiquirica","status":"publish","type":"post","link":"https:\/\/www.ifbaiano.edu.br\/unidades\/santaines\/if-baiano-campus-santa-ines-colabora-no-processo-de-reestruturacao-do-colegiado-do-terri-vale-do-jiquirica\/","title":{"rendered":"If Baiano Campus Santa In\u00eas colabora no processo de reestrutura\u00e7\u00e3o do colegiado do territ\u00f3rio de identidade Vale do Jiquiri\u00e7\u00e1"},"content":{"rendered":"<p style=\"text-align: justify\">Professores e alunos do IF Baiano Campus Santa In\u00eas colaboram, desde setembro\/2011, na pesquisa Coaliciones, din\u00e2micas territoriales y desarrolho do Programa Din\u00e1micas Territoriales Rurales do Centro Latinoamericanao para el Desarrollo Rural (RIMISP) e Natural Resources Institute (NRI) Universidade de Greenwich\/Inglaterra.<\/p>\n<p style=\"text-align: justify\">Durante as pesquisas, IF Baiano Campus Santa In\u00eas, passou a colaborar na reestrutura\u00e7\u00e3o do Colegiado Territorial, na elabora\u00e7\u00e3o do Plano de Desenvolvimento Territorial Sustent\u00e1vel e, al\u00e9m disso, sediar\u00e1 a Assembl\u00e9ia que homologar\u00e1 o Territ\u00f3rio de Identidade Vale do Jiquiri\u00e7a. A atividade, que ocorrer\u00e1 no dia 18 de janeiro no Audit\u00f3rio do Campus, envolver\u00e1 representantes da sociedade civil e do poder p\u00fablico de todos os munic\u00edpios do Territ\u00f3rio, bem como, representantes do governo estadual e federal que ap\u00f3iam a pol\u00edtica de desenvolvimento territorial.\u00a0 A Bahia, atualmente, est\u00e1 dividida em 26 Territ\u00f3rios e cada um possui um Colegiado respons\u00e1vel por: identificar as demandas locais para o \u00f3rg\u00e3o gestor priorizar o atendimento; promover a intera\u00e7\u00e3o entre gestores p\u00fablicos e conselhos setoriais; contribuir com sugest\u00f5es para a qualifica\u00e7\u00e3o e a integra\u00e7\u00e3o de a\u00e7\u00f5es; sistematizar as contribui\u00e7\u00f5es para o Plano Territorial de Desenvolvimento Rural Sustent\u00e1vel; exercer o controle social das pol\u00edticas p\u00fablicas; e dar ampla divulga\u00e7\u00e3o \u00e0s a\u00e7\u00f5es do Territ\u00f3rio.<\/p>\n","protected":false},"excerpt":{"rendered":"<p>Professores e alunos do IF Baiano Campus Santa In\u00eas colaboram, desde setembro\/2011, na pesquisa Coaliciones, din\u00e2micas territoriales y desarrolho do Programa Din\u00e1micas Territoriales Rurales do Centro Latinoamericanao para el Desarrollo Rural (RIMISP) e Natural Resources Institute (NRI) Universidade de Greenwich\/Inglaterra. Durante as pesquisas, IF Baiano Campus Santa In\u00eas, passou a colaborar na reestrutura\u00e7\u00e3o do Colegiado [&hellip;]<\/p>\n","protected":false},"author":26,"featured_media":0,"comment_status":"closed","ping_status":"closed","sticky":false,"template":"","format":"standard","meta":[],"categories":[10],"tags":[],"_links":{"self":[{"href":"https:\/\/www.ifbaiano.edu.br\/unidades\/santaines\/wp-json\/wp\/v2\/posts\/900"}],"collection":[{"href":"https:\/\/www.ifbaiano.edu.br\/unidades\/santaines\/wp-json\/wp\/v2\/posts"}],"about":[{"href":"https:\/\/www.ifbaiano.edu.br\/unidades\/santaines\/wp-json\/wp\/v2\/types\/post"}],"author":[{"embeddable":true,"href":"https:\/\/www.ifbaiano.edu.br\/unidades\/santaines\/wp-json\/wp\/v2\/users\/26"}],"replies":[{"embeddable":true,"href":"https:\/\/www.ifbaiano.edu.br\/unidades\/santaines\/wp-json\/wp\/v2\/comments?post=900"}],"version-history":[{"count":9,"href":"https:\/\/www.ifbaiano.edu.br\/unidades\/santaines\/wp-json\/wp\/v2\/posts\/900\/revisions"}],"predecessor-version":[{"id":1006,"href":"https:\/\/www.ifbaiano.edu.br\/unidades\/santaines\/wp-json\/wp\/v2\/posts\/900\/revisions\/1006"}],"wp:attachment":[{"href":"https:\/\/www.ifbaiano.edu.br\/unidades\/santaines\/wp-json\/wp\/v2\/media?parent=900"}],"wp:term":[{"taxonomy":"category","embeddable":true,"href":"https:\/\/www.ifbaiano.edu.br\/unidades\/santaines\/wp-json\/wp\/v2\/categories?post=900"},{"taxonomy":"post_tag","embeddable":true,"href":"https:\/\/www.ifbaiano.edu.br\/unidades\/santaines\/wp-json\/wp\/v2\/tags?post=900"}],"curies":[{"name":"wp","href":"https:\/\/api.w.org\/{rel}","templated":true}]}}