{"id":9002,"date":"2017-10-11T12:51:51","date_gmt":"2017-10-11T15:51:51","guid":{"rendered":"http:\/\/www.ifbaiano.edu.br\/unidades\/santaines\/?p=9002"},"modified":"2017-10-11T13:10:23","modified_gmt":"2017-10-11T16:10:23","slug":"ingresso-de-estudantes-2018-inscricoes-prorrogadas-ate-23-de-outubro","status":"publish","type":"post","link":"https:\/\/www.ifbaiano.edu.br\/unidades\/santaines\/ingresso-de-estudantes-2018-inscricoes-prorrogadas-ate-23-de-outubro\/","title":{"rendered":"Ingresso de Estudantes 2018: inscri\u00e7\u00f5es prorrogadas at\u00e9 23 de outubro"},"content":{"rendered":"<hr \/>\n<p class=\"western\" style=\"text-align: justify\">As inscri\u00e7\u00f5es para o Processo de Ingresso de Estudantes (PIE 2018) nos cursos t\u00e9cnicos de n\u00edvel m\u00e9dio do IF Baiano foram prorrogadas at\u00e9 o dia 23 de outubro de 2017, conforme\u00a0<a href=\"http:\/\/ifbaiano.edu.br\/portal\/ingresso-de-estudantes-2018\/wp-content\/uploads\/sites\/39\/2017\/10\/Retifica%C3%A7%C3%A3o-de-cronograma-PIE.pdf\">Retifica\u00e7\u00e3o do Edital N\u00b0114<\/a>, publicada dia 10\/10\/2017.<\/p>\n<p class=\"western\" style=\"text-align: justify\">Neste processo de ingresso, o Campus Santa In\u00eas est\u00e1 ofertando 245\u00a0vagas em\u00a004 cursos t\u00e9cnicos de n\u00edvel m\u00e9dio, nas formas de articula\u00e7\u00e3o Integrada e Subsequente. O link para inscri\u00e7\u00e3o e a lista de cursos ofertados est\u00e3o dispon\u00edveis na\u00a0<a href=\"http:\/\/ifbaiano.edu.br\/portal\/ingresso-de-estudantes-2018\/\" target=\"_blank\">p\u00e1gina oficial<\/a>\u00a0do PIE 2018.<\/p>\n<p class=\"western\" style=\"text-align: justify\">A inscri\u00e7\u00e3o \u00e9 gratuita e ocorre em duas etapas: primeiro, o candidato preenche o formul\u00e1rio de inscri\u00e7\u00e3o online e, em seguida, deve entregar as c\u00f3pias da documenta\u00e7\u00e3o comprobat\u00f3ria na unidade para a qual fez a op\u00e7\u00e3o de curso, presencialmente ou via Correios.<\/p>\n<h4 class=\"western\" style=\"text-align: justify\">Classifica\u00e7\u00e3o dos candidatos<\/h4>\n<p class=\"western\" style=\"text-align: justify\">O crit\u00e9rio adotado para a classifica\u00e7\u00e3o dos candidatos ser\u00e1 por meio de An\u00e1lise de Desempenho Escolar nas disciplinas de L\u00edngua Portuguesa e Matem\u00e1tica no Ensino M\u00e9dio (para cursos da forma Subsequente) e no Ensino Fundamental (para cursos da forma Integrada).<\/p>\n<h4 class=\"western\" style=\"text-align: justify\"><strong>Reserva de Vagas<\/strong><\/h4>\n<p class=\"western\" style=\"text-align: justify\">O Processo de Ingresso de Estudantes do IF Baiano reserva 70% das vagas ofertadas para estudantes oriundos de Escola P\u00fablica, 25% para Ampla Concorr\u00eancia e 5% para Pessoas com Defici\u00eancia.<\/p>\n<p class=\"western\" style=\"text-align: justify\">Entenda o passo a passo para inscri\u00e7\u00e3o, acessando o\u00a0<a href=\"http:\/\/ifbaiano.edu.br\/portal\/ingresso-de-estudantes-2018\/wp-content\/uploads\/sites\/39\/2017\/08\/manual-do-candidato-do-processo-seletivo-para-ingresso-de-estudantes-2018-instituto-federal-baiano.pdf\">Manual do Candidato<\/a>. Para outras d\u00favidas\u00a0sobre o processo seletivo, entre em contato atrav\u00e9s do e-mail ingressos@ifbaiano.edu.br.<\/p>\n<hr \/>\n<p class=\"western\">\n","protected":false},"excerpt":{"rendered":"<p>Est\u00e3o sendo ofertadas, no Campus Santa In\u00eas, 245 vagas em 04 cursos t\u00e9cnicos de n\u00edvel m\u00e9dio.<\/p>\n","protected":false},"author":86,"featured_media":0,"comment_status":"closed","ping_status":"closed","sticky":false,"template":"","format":"standard","meta":[],"categories":[4,5,10,8],"tags":[],"_links":{"self":[{"href":"https:\/\/www.ifbaiano.edu.br\/unidades\/santaines\/wp-json\/wp\/v2\/posts\/9002"}],"collection":[{"href":"https:\/\/www.ifbaiano.edu.br\/unidades\/santaines\/wp-json\/wp\/v2\/posts"}],"about":[{"href":"https:\/\/www.ifbaiano.edu.br\/unidades\/santaines\/wp-json\/wp\/v2\/types\/post"}],"author":[{"embeddable":true,"href":"https:\/\/www.ifbaiano.edu.br\/unidades\/santaines\/wp-json\/wp\/v2\/users\/86"}],"replies":[{"embeddable":true,"href":"https:\/\/www.ifbaiano.edu.br\/unidades\/santaines\/wp-json\/wp\/v2\/comments?post=9002"}],"version-history":[{"count":1,"href":"https:\/\/www.ifbaiano.edu.br\/unidades\/santaines\/wp-json\/wp\/v2\/posts\/9002\/revisions"}],"predecessor-version":[{"id":9003,"href":"https:\/\/www.ifbaiano.edu.br\/unidades\/santaines\/wp-json\/wp\/v2\/posts\/9002\/revisions\/9003"}],"wp:attachment":[{"href":"https:\/\/www.ifbaiano.edu.br\/unidades\/santaines\/wp-json\/wp\/v2\/media?parent=9002"}],"wp:term":[{"taxonomy":"category","embeddable":true,"href":"https:\/\/www.ifbaiano.edu.br\/unidades\/santaines\/wp-json\/wp\/v2\/categories?post=9002"},{"taxonomy":"post_tag","embeddable":true,"href":"https:\/\/www.ifbaiano.edu.br\/unidades\/santaines\/wp-json\/wp\/v2\/tags?post=9002"}],"curies":[{"name":"wp","href":"https:\/\/api.w.org\/{rel}","templated":true}]}}