{"id":9036,"date":"2017-10-24T17:56:33","date_gmt":"2017-10-24T20:56:33","guid":{"rendered":"http:\/\/www.ifbaiano.edu.br\/unidades\/santaines\/?p=9036"},"modified":"2017-11-07T11:22:55","modified_gmt":"2017-11-07T14:22:55","slug":"diretor-geral-convida-pais-de-estudantes-do-campus-para-reuniao-de-pais-e-mestres","status":"publish","type":"post","link":"https:\/\/www.ifbaiano.edu.br\/unidades\/santaines\/diretor-geral-convida-pais-de-estudantes-do-campus-para-reuniao-de-pais-e-mestres\/","title":{"rendered":"Diretor Geral convida pais de estudantes do Campus para Reuni\u00e3o de Pais e Mestres"},"content":{"rendered":"<hr \/>\n<div style=\"text-align: justify\">O Diretor Geral do IF Baiano Campus Santa In\u00eas, Prof Nelson Vieira da Silva Filho, convida aos pais e\/ou respons\u00e1veis\u00a0pelos estudantes deste Campus para participar da Reuni\u00e3o de Pais e Mestres do Ano Letivo 2017, que ser\u00e1 realizada dia 01 de novembro de 2017, na quadra poliesportiva do Campus Santa In\u00eas, das 08h \u00e0s 12h.<\/div>\n<div style=\"text-align: justify\"><\/div>\n<div style=\"text-align: justify\"><\/div>\n<div style=\"text-align: justify\"><strong>Pauta:<\/strong><\/div>\n<div style=\"text-align: justify\">1) Palestra sobre o tema: \u201cSeus filhos nossos estudantes: Um di\u00e1logo sobre as viv\u00eancias escolares.\u201d<\/div>\n<div style=\"text-align: justify\">2) Rendimento e frequ\u00eancia dos estudantes<\/div>\n<div style=\"text-align: justify\">3) Portaria n\u00ba 070, de 11 de Julho de 2017 &#8211; Regulamento para Registro e Concess\u00e3o de Licen\u00e7a do Recinto Escolar de Discentes dos Cursos T\u00e9cnicos de N\u00edvel M\u00e9dio, Modalidade Integrada, no \u00e2mbito do Instituto Federal Baiano Campus Santa In\u00eas.<\/div>\n<div style=\"text-align: justify\">4) Escolha de representantes de pais para composi\u00e7\u00e3o da Comiss\u00e3o de elabora\u00e7\u00e3o do Calend\u00e1rio Acad\u00eamico 2018.2.<\/div>\n<div style=\"text-align: justify\"><span style=\"color: #ffffff\">&#8230;<\/span><\/div>\n<div style=\"text-align: justify\">Na oportunidade, informamos que o acesso ao Refeit\u00f3rio do Campus ser\u00e1 restrito aos Pais que residem em locais distantes.<\/div>\n<div style=\"text-align: justify\">\n<hr \/>\n<p>Nelson Vieira da Silva Filho<\/p>\n<\/div>\n<div style=\"text-align: justify\">Diretor Geral<\/div>\n<div style=\"text-align: justify\">\n<hr \/>\n<\/div>\n","protected":false},"excerpt":{"rendered":"<p>A reuni\u00e3o \u00e9 referente ao ano letivo 2017 e acontecer\u00e1 dia 01 de novembro de 2017, na quadra poliesportiva do Campus Santa In\u00eas, das 08h \u00e0s 12h.<\/p>\n","protected":false},"author":86,"featured_media":0,"comment_status":"closed","ping_status":"closed","sticky":false,"template":"","format":"standard","meta":[],"categories":[4,19,5,7,10,57],"tags":[],"_links":{"self":[{"href":"https:\/\/www.ifbaiano.edu.br\/unidades\/santaines\/wp-json\/wp\/v2\/posts\/9036"}],"collection":[{"href":"https:\/\/www.ifbaiano.edu.br\/unidades\/santaines\/wp-json\/wp\/v2\/posts"}],"about":[{"href":"https:\/\/www.ifbaiano.edu.br\/unidades\/santaines\/wp-json\/wp\/v2\/types\/post"}],"author":[{"embeddable":true,"href":"https:\/\/www.ifbaiano.edu.br\/unidades\/santaines\/wp-json\/wp\/v2\/users\/86"}],"replies":[{"embeddable":true,"href":"https:\/\/www.ifbaiano.edu.br\/unidades\/santaines\/wp-json\/wp\/v2\/comments?post=9036"}],"version-history":[{"count":4,"href":"https:\/\/www.ifbaiano.edu.br\/unidades\/santaines\/wp-json\/wp\/v2\/posts\/9036\/revisions"}],"predecessor-version":[{"id":9069,"href":"https:\/\/www.ifbaiano.edu.br\/unidades\/santaines\/wp-json\/wp\/v2\/posts\/9036\/revisions\/9069"}],"wp:attachment":[{"href":"https:\/\/www.ifbaiano.edu.br\/unidades\/santaines\/wp-json\/wp\/v2\/media?parent=9036"}],"wp:term":[{"taxonomy":"category","embeddable":true,"href":"https:\/\/www.ifbaiano.edu.br\/unidades\/santaines\/wp-json\/wp\/v2\/categories?post=9036"},{"taxonomy":"post_tag","embeddable":true,"href":"https:\/\/www.ifbaiano.edu.br\/unidades\/santaines\/wp-json\/wp\/v2\/tags?post=9036"}],"curies":[{"name":"wp","href":"https:\/\/api.w.org\/{rel}","templated":true}]}}