{"id":9058,"date":"2017-11-07T11:33:26","date_gmt":"2017-11-07T14:33:26","guid":{"rendered":"http:\/\/www.ifbaiano.edu.br\/unidades\/santaines\/?p=9058"},"modified":"2017-11-07T17:36:30","modified_gmt":"2017-11-07T20:36:30","slug":"professores-mocambicanos-participam-de-atividade-pratica-na-ufrb","status":"publish","type":"post","link":"https:\/\/www.ifbaiano.edu.br\/unidades\/santaines\/professores-mocambicanos-participam-de-atividade-pratica-na-ufrb\/","title":{"rendered":"Professores mo\u00e7ambicanos participam de atividade pr\u00e1tica na UFRB"},"content":{"rendered":"<p style=\"text-align: justify\"><a href=\"http:\/\/www.ifbaiano.edu.br\/unidades\/santaines\/files\/2017\/11\/mocambicanos-ifbaiano-ufrb.jpeg\"><img decoding=\"async\" loading=\"lazy\" class=\"wp-image-9061 alignright\" src=\"http:\/\/www.ifbaiano.edu.br\/unidades\/santaines\/files\/2017\/11\/mocambicanos-ifbaiano-ufrb.jpeg\" alt=\"mocambicanos-ifbaiano-ufrb\" width=\"391\" height=\"221\" \/><\/a>Nos dias 16 e 17 de outubro, professores mo\u00e7ambicanos, participantes do Programa de Forma\u00e7\u00e3o de Formadores de Mo\u00e7ambique no Brasil, visitaram o Centro de Ci\u00eancias Agr\u00e1rias, Ambientais e Biol\u00f3gicas \u2013 CCAB, no Campus Cruz das Almas, da Universidade Federal do Rec\u00f4ncavo da Bahia (UFRB).<\/p>\n<p style=\"text-align: justify\">A visita, conduzida pelo docente do IF Baiano e ministrante do m\u00f3dulo de Mecaniza\u00e7\u00e3o Agr\u00edcola, Jadson Luiz Sim\u00f5es Rocha, \u00e9 uma das aulas pr\u00e1ticas que fizeram parte do Plano de Forma\u00e7\u00e3o de Formadores de Mo\u00e7ambique no Brasil, com foco em Ci\u00eancias Agr\u00e1rias, realizado no <em>Campus<\/em> Santa In\u00eas, de 25 de setembro\u00a0a 3 de novembro. Participaram do programa os professores mo\u00e7ambicanos Leonel Manhique, H\u00e9lder Matavel, Celeste Jord\u00e3o e Osvaldo Caix\u00e3o.<\/p>\n<p style=\"text-align: justify\">Durante a visita, foram realizadas atividades pr\u00e1ticas coordenadas pelo docente e coordenador da \u00e1rea de Engenharia Agr\u00edcola do CCAB, Marcos Roberto da Silva.<\/p>\n<p style=\"text-align: justify\">\u201cDentre as in\u00fameras atividades pr\u00e1ticas de cunho did\u00e1tico, foram realizadas pelos estudantes as opera\u00e7\u00f5es de preparo de solo, como a ara\u00e7\u00e3o e gradagem, plantio de milho e mandioca, com foco no sistema de plantio direto e pulveriza\u00e7\u00e3o, com a calibragem e regulagem dos diversos implementos, bem como o dimensionamento dos mesmos de acordo com as pot\u00eancias requeridas para cada uma, a partir de ensaios realizados nas depend\u00eancias do CCAB&#8221;, contou o professor Jadson Luiz Sim\u00f5es Rocha.<\/p>\n<p style=\"text-align: justify\">O Programa da Forma\u00e7\u00e3o de Formadores faz parte de Acordo de Coopera\u00e7\u00e3o T\u00e9cnica entre o Conselho Nacional das Institui\u00e7\u00f5es da Rede Federal de Educa\u00e7\u00e3o Profissional, Cient\u00edfica e Tecnol\u00f3gica (Conif) e o governo de Mo\u00e7ambique.<\/p>\n\n\t\t<style type=\"text\/css\">\n\t\t\t#gallery-1 {\n\t\t\t\tmargin: auto;\n\t\t\t}\n\t\t\t#gallery-1 .gallery-item {\n\t\t\t\tfloat: left;\n\t\t\t\tmargin-top: 10px;\n\t\t\t\ttext-align: center;\n\t\t\t\twidth: 33%;\n\t\t\t}\n\t\t\t#gallery-1 img {\n\t\t\t\tborder: 2px solid #cfcfcf;\n\t\t\t}\n\t\t\t#gallery-1 .gallery-caption {\n\t\t\t\tmargin-left: 0;\n\t\t\t}\n\t\t\t\/* see gallery_shortcode() in wp-includes\/media.php *\/\n\t\t<\/style>\n\t\t<div id='gallery-1' class='gallery galleryid-9058 gallery-columns-3 gallery-size-thumbnail'><dl class='gallery-item'>\n\t\t\t<dt class='gallery-icon landscape'>\n\t\t\t\t<a href='https:\/\/www.ifbaiano.edu.br\/unidades\/santaines\/professores-mocambicanos-participam-de-atividade-pratica-na-ufrb\/whatsapp-image-2017-10-18-at-07-50-23\/'><img width=\"150\" height=\"84\" src=\"https:\/\/www.ifbaiano.edu.br\/unidades\/santaines\/files\/2017\/11\/WhatsApp-Image-2017-10-18-at-07.50.23.jpeg\" class=\"attachment-thumbnail size-thumbnail\" alt=\"\" decoding=\"async\" loading=\"lazy\" \/><\/a>\n\t\t\t<\/dt><\/dl><dl class='gallery-item'>\n\t\t\t<dt class='gallery-icon landscape'>\n\t\t\t\t<a href='https:\/\/www.ifbaiano.edu.br\/unidades\/santaines\/professores-mocambicanos-participam-de-atividade-pratica-na-ufrb\/whatsapp-image-2017-10-18-at-07-50-27\/'><img width=\"150\" height=\"84\" src=\"https:\/\/www.ifbaiano.edu.br\/unidades\/santaines\/files\/2017\/11\/WhatsApp-Image-2017-10-18-at-07.50.27.jpeg\" class=\"attachment-thumbnail size-thumbnail\" alt=\"\" decoding=\"async\" loading=\"lazy\" \/><\/a>\n\t\t\t<\/dt><\/dl><dl class='gallery-item'>\n\t\t\t<dt class='gallery-icon landscape'>\n\t\t\t\t<a href='https:\/\/www.ifbaiano.edu.br\/unidades\/santaines\/professores-mocambicanos-participam-de-atividade-pratica-na-ufrb\/whatsapp-image-2017-10-18-at-07-50-31\/'><img width=\"150\" height=\"84\" src=\"https:\/\/www.ifbaiano.edu.br\/unidades\/santaines\/files\/2017\/11\/WhatsApp-Image-2017-10-18-at-07.50.31.jpeg\" class=\"attachment-thumbnail size-thumbnail\" alt=\"\" decoding=\"async\" loading=\"lazy\" \/><\/a>\n\t\t\t<\/dt><\/dl><br style=\"clear: both\" \/>\n\t\t<\/div>\n\n","protected":false},"excerpt":{"rendered":"<p>Nos dias 16 e 17 de outubro, professores mo\u00e7ambicanos, participantes do Programa de Forma\u00e7\u00e3o de Formadores de Mo\u00e7ambique no Brasil, visitaram o Centro de Ci\u00eancias Agr\u00e1rias, Ambientais e Biol\u00f3gicas \u2013 CCAB, no Campus Cruz das Almas, da Universidade Federal do Rec\u00f4ncavo da Bahia (UFRB). A visita, conduzida pelo docente do IF Baiano e ministrante do [&hellip;]<\/p>\n","protected":false},"author":76,"featured_media":0,"comment_status":"closed","ping_status":"closed","sticky":false,"template":"","format":"standard","meta":[],"categories":[4,5,10,1,57],"tags":[],"_links":{"self":[{"href":"https:\/\/www.ifbaiano.edu.br\/unidades\/santaines\/wp-json\/wp\/v2\/posts\/9058"}],"collection":[{"href":"https:\/\/www.ifbaiano.edu.br\/unidades\/santaines\/wp-json\/wp\/v2\/posts"}],"about":[{"href":"https:\/\/www.ifbaiano.edu.br\/unidades\/santaines\/wp-json\/wp\/v2\/types\/post"}],"author":[{"embeddable":true,"href":"https:\/\/www.ifbaiano.edu.br\/unidades\/santaines\/wp-json\/wp\/v2\/users\/76"}],"replies":[{"embeddable":true,"href":"https:\/\/www.ifbaiano.edu.br\/unidades\/santaines\/wp-json\/wp\/v2\/comments?post=9058"}],"version-history":[{"count":7,"href":"https:\/\/www.ifbaiano.edu.br\/unidades\/santaines\/wp-json\/wp\/v2\/posts\/9058\/revisions"}],"predecessor-version":[{"id":9072,"href":"https:\/\/www.ifbaiano.edu.br\/unidades\/santaines\/wp-json\/wp\/v2\/posts\/9058\/revisions\/9072"}],"wp:attachment":[{"href":"https:\/\/www.ifbaiano.edu.br\/unidades\/santaines\/wp-json\/wp\/v2\/media?parent=9058"}],"wp:term":[{"taxonomy":"category","embeddable":true,"href":"https:\/\/www.ifbaiano.edu.br\/unidades\/santaines\/wp-json\/wp\/v2\/categories?post=9058"},{"taxonomy":"post_tag","embeddable":true,"href":"https:\/\/www.ifbaiano.edu.br\/unidades\/santaines\/wp-json\/wp\/v2\/tags?post=9058"}],"curies":[{"name":"wp","href":"https:\/\/api.w.org\/{rel}","templated":true}]}}