{"id":9073,"date":"2017-11-07T17:35:55","date_gmt":"2017-11-07T20:35:55","guid":{"rendered":"http:\/\/www.ifbaiano.edu.br\/unidades\/santaines\/?p=9073"},"modified":"2017-11-09T11:01:24","modified_gmt":"2017-11-09T14:01:24","slug":"if-baiano-campus-santa-ines-participa-de-evento-em-comemoracao-ao-aniversario-da-cidade","status":"publish","type":"post","link":"https:\/\/www.ifbaiano.edu.br\/unidades\/santaines\/if-baiano-campus-santa-ines-participa-de-evento-em-comemoracao-ao-aniversario-da-cidade\/","title":{"rendered":"IF Baiano Campus Santa In\u00eas participa de evento em comemora\u00e7\u00e3o ao anivers\u00e1rio da cidade"},"content":{"rendered":"<hr \/>\n<p align=\"justify\"><span style=\"color: #000000\"><span style=\"font-family: Arial, sans-serif\"><span style=\"font-size: medium\">IF Baiano <\/span><\/span><\/span><span style=\"color: #000000\"><span style=\"font-family: Arial, sans-serif\"><span style=\"font-size: medium\"><i>Campus<\/i><\/span><\/span><\/span><span style=\"color: #000000\"><span style=\"font-family: Arial, sans-serif\"><span style=\"font-size: medium\"> Santa In\u00eas participa da Feira de Agricultura Familiar e Artesanato, promovida pela Prefeitura Municipal de Santa In\u00eas em comemora\u00e7\u00e3o aos 93 anos de Emancipa\u00e7\u00e3o Pol\u00edtica<a href=\"http:\/\/www.ifbaiano.edu.br\/unidades\/santaines\/files\/2017\/11\/DSC_1308.jpg\"><img decoding=\"async\" loading=\"lazy\" class=\"wp-image-9081 alignright\" src=\"http:\/\/www.ifbaiano.edu.br\/unidades\/santaines\/files\/2017\/11\/DSC_1308.jpg\" alt=\"DSC_1308\" width=\"468\" height=\"312\" \/><\/a> da Cidade.<\/span><\/span><\/span><\/p>\n<p align=\"justify\"><span style=\"color: #000000\"><span style=\"font-family: Arial, sans-serif\"><span style=\"font-size: medium\">A cidade de Santa In\u00eas, na Bahia, est\u00e1 localizada no territ\u00f3rio do Vale do Jiquiri\u00e7\u00e1, a uma dist\u00e2ncia, aproximada, de 300 km da capital baiana (Salvador). Nesta cidade encontra-se, tamb\u00e9m, o Campus Santa In\u00eas do Instituto Federal Baiano.<\/span><\/span><\/span><\/p>\n<p align=\"justify\"><span style=\"color: #000000\"><span style=\"font-family: Arial, sans-serif\"><span style=\"font-size: medium\">Na quinta-feira (26\/10) a cidade esteve em festa: Comemora\u00e7\u00e3o dos 93 anos de emancipa\u00e7\u00e3o pol\u00edtica. As festividades contaram com uma feira de Agricultura Familiar e Artesanato. Nesta, houve, al\u00e9m de muitas exposi\u00e7\u00f5es, apresenta\u00e7\u00f5es diversas de estudantes das escolas e creches do munic\u00edpio, servi\u00e7os de sa\u00fade (aferi\u00e7\u00e3o de press\u00e3o arterial, aplica\u00e7\u00e3o de vacinas, medi\u00e7\u00e3o de glicemia, esclarecimentos e autoexame de mama, atendimentos laboratoriais, entre outros).<\/span><\/span><\/span><\/p>\n<p align=\"justify\"><span style=\"font-family: Arial, sans-serif\"><span style=\"font-size: medium\"><span style=\"color: #000000\">O <\/span><span style=\"color: #000000\"><i>campus<\/i><\/span><span style=\"color: #000000\"> Santa In\u00eas esteve presente <\/span><span style=\"color: #000000\">no evento<\/span><span style=\"color: #000000\">. Na oportunidade, foram expostos os stands:<\/span><\/span><\/span><\/p>\n<ul>\n<li>\n<p align=\"justify\"><span style=\"color: #000000\"><span style=\"font-family: Arial, sans-serif\"><span style=\"font-size: medium\"><b>Agroind\u00fastria, <\/b><\/span><\/span><\/span><span style=\"color: #000000\"><span style=\"font-family: Arial, sans-serif\"><span style=\"font-size: medium\">com a<\/span><\/span><\/span><span style=\"font-family: Arial, sans-serif\"><span style=\"font-size: medium\">presenta<\/span><\/span><span style=\"font-family: Arial, sans-serif\"><span style=\"font-size: medium\">\u00e7\u00e3o de resultados obtidos em aulas pr\u00e1ticas e experimento<\/span><\/span><span style=\"color: #000000\"><span style=\"font-family: Arial, sans-serif\"><span style=\"font-size: medium\">s<\/span><\/span><\/span><span style=\"font-family: Arial, sans-serif\"><span style=\"font-size: medium\">: <\/span><\/span><span style=\"font-family: Arial, sans-serif\"><span style=\"font-size: medium\">d<\/span><\/span><span style=\"font-family: Arial, sans-serif\"><span style=\"font-size: medium\">oce de banana<\/span><\/span><span style=\"font-family: Arial, sans-serif\"><span style=\"font-size: medium\">, <\/span><\/span><span style=\"font-family: Arial, sans-serif\"><span style=\"font-size: medium\">d<\/span><\/span><span style=\"font-family: Arial, sans-serif\"><span style=\"font-size: medium\">oce de <\/span><\/span><span style=\"font-family: Arial, sans-serif\"><span style=\"font-size: medium\">g<\/span><\/span><span style=\"font-family: Arial, sans-serif\"><span style=\"font-size: medium\">oiaba, <\/span><\/span><span style=\"font-family: Arial, sans-serif\"><span style=\"font-size: medium\">g<\/span><\/span><span style=\"font-family: Arial, sans-serif\"><span style=\"font-size: medium\">eleia de abacaxi com pimenta, <\/span><\/span><span style=\"font-family: Arial, sans-serif\"><span style=\"font-size: medium\">l<\/span><\/span><span style=\"font-family: Arial, sans-serif\"><span style=\"font-size: medium\">ingui\u00e7a, <\/span><\/span><span style=\"font-family: Arial, sans-serif\"><span style=\"font-size: medium\">c<\/span><\/span><span style=\"font-family: Arial, sans-serif\"><span style=\"font-size: medium\">arne do sol, <\/span><\/span><span style=\"font-family: Arial, sans-serif\"><span style=\"font-size: medium\">h<\/span><\/span><span style=\"font-family: Arial, sans-serif\"><span style=\"font-size: medium\">amburger de carne de boi <\/span><\/span><span style=\"font-family: Arial, sans-serif\"><span style=\"font-size: medium\">e<\/span><\/span> <span style=\"font-family: Arial, sans-serif\"><span style=\"font-size: medium\">h<\/span><\/span><span style=\"font-family: Arial, sans-serif\"><span style=\"font-size: medium\">amburger de carne de coelho;<\/span><\/span><\/p>\n<\/li>\n<li>\n<p align=\"justify\"><span style=\"color: #000000\"><span style=\"font-family: Arial, sans-serif\"><span style=\"font-size: medium\"><b>Programa Pr\u00f3-Sa\u00fade<\/b><\/span><\/span><\/span><span style=\"color: #000000\"><span style=\"font-family: Arial, sans-serif\"><span style=\"font-size: medium\">, <\/span><\/span><\/span><span style=\"color: #000000\"><span style=\"font-family: Arial, sans-serif\"><span style=\"font-size: medium\">com<\/span><\/span><\/span> <span style=\"color: #000000\"><span style=\"font-family: Arial, sans-serif\"><span style=\"font-size: medium\">exposi\u00e7\u00e3o (fotos, banner e cartazes) das atividades realizadas pelo programa na Institui\u00e7\u00e3o, como: feira de sa\u00fade e cidadania, atividades de acolhimento aos estudantes, palestra do setembro amarelo, sess\u00e3o de cinema, entre outras. Neste stand houve, ainda, <\/span><\/span><\/span><span style=\"color: #000000\"><span style=\"font-family: Arial, sans-serif\"><span style=\"font-size: medium\">a <\/span><\/span><\/span><span style=\"color: #000000\"><span style=\"font-family: Arial, sans-serif\"><span style=\"font-size: medium\">realiza\u00e7\u00e3o de servi\u00e7o de auriculoterapia durante todo o dia;<\/span><\/span><\/span><\/p>\n<\/li>\n<li>\n<p align=\"justify\"><span style=\"color: #000000\"><span style=\"font-family: Arial, sans-serif\"><span style=\"font-size: medium\"><b>N\u00facleo de Estudos em Equinos,<\/b><\/span><\/span><\/span> <span style=\"color: #000000\"><span style=\"font-family: Arial, sans-serif\"><span style=\"font-size: medium\">onde <\/span><\/span><\/span><span style=\"color: #000000\"><span style=\"font-family: Arial, sans-serif\"><span style=\"font-size: medium\">um<\/span><\/span><\/span><span style=\"color: #000000\"><span style=\"font-family: Arial, sans-serif\"><span style=\"font-size: medium\"> grupo de estudos apresentou como identificar um cavalo bom de sela ou de tra\u00e7\u00e3o atrav\u00e9s das medi\u00e7\u00f5es do corpo do cavalo;<\/span><\/span><\/span><\/p>\n<\/li>\n<li>\n<p align=\"justify\"><span style=\"color: #000000\"><span style=\"font-family: Arial, sans-serif\"><span style=\"font-size: medium\"><b>Microscopia<\/b><\/span><\/span><\/span><span style=\"color: #000000\"><span style=\"font-family: Arial, sans-serif\"><span style=\"font-size: medium\">,<\/span><\/span><\/span><b> <\/b><span style=\"color: #000000\"><span style=\"font-family: Arial, sans-serif\"><span style=\"font-size: medium\">com ap<\/span><\/span><\/span><span style=\"color: #000000\"><span style=\"font-family: Arial, sans-serif\"><span style=\"font-size: medium\">resenta\u00e7\u00e3o de l\u00e2minas com material biol\u00f3gico para visualiza\u00e7\u00e3o em microsc\u00f3pio e lupas;<\/span><\/span><\/span><\/p>\n<\/li>\n<li>\n<p align=\"justify\"><span style=\"color: #000000\"><span style=\"font-family: Arial, sans-serif\"><span style=\"font-size: medium\"><b>Pe\u00e7as Anat\u00f4micas,\u00a0<\/b><\/span><\/span><\/span><span style=\"color: #000000\"><span style=\"font-family: Arial, sans-serif\"><span style=\"font-size: medium\"><b>Microbiologia<\/b><\/span><\/span><\/span><span style=\"color: #000000\"><span style=\"font-family: Arial, sans-serif\"><span style=\"font-size: medium\">, <\/span><\/span><\/span><span style=\"color: #000000\"><span style=\"font-family: Arial, sans-serif\"><span style=\"font-size: medium\"><b>Grupo de Estudos em Manejo e Qualidade do Solo,<\/b><\/span><\/span><\/span> <span style=\"color: #000000\"><span style=\"font-family: Arial, sans-serif\"><span style=\"font-size: medium\"><b>Grupo de Pesquisa em Ci\u00eancias Humanas,<\/b><\/span><\/span><\/span> <span style=\"color: #000000\"><span style=\"font-family: Arial, sans-serif\"><span style=\"font-size: medium\"><b>Apicultura, <\/b><\/span><\/span><\/span><span style=\"color: #000000\"><span style=\"font-family: Arial, sans-serif\"><span style=\"font-size: medium\"><b>N\u00facleo de Engenharia Agr\u00edcola,<\/b><\/span><\/span><\/span> <span style=\"color: #000000\"><span style=\"font-family: Arial, sans-serif\"><span style=\"font-size: medium\"><b>Projeto Biodigestor,<\/b><\/span><\/span><\/span> <span style=\"color: #000000\"><span style=\"font-family: Arial, sans-serif\"><span style=\"font-size: medium\"><b>Grupo Reflorestar,<\/b><\/span><\/span><\/span> <span style=\"color: #000000\"><span style=\"font-family: Arial, sans-serif\"><span style=\"font-size: medium\"><b>Exposi\u00e7\u00e3o de Animais <\/b><\/span><\/span><\/span><span style=\"color: #000000\"><span style=\"font-family: Arial, sans-serif\"><span style=\"font-size: medium\">e<\/span><\/span><\/span> <span style=\"color: #000000\"><span style=\"font-family: Arial, sans-serif\"><span style=\"font-size: medium\"><b>Galinheiro M\u00f3vel <\/b><\/span><\/span><\/span><span style=\"color: #000000\"><span style=\"font-family: Arial, sans-serif\"><span style=\"font-size: medium\">com <\/span><\/span><\/span><span style=\"color: #000000\"><span style=\"font-family: Arial, sans-serif\"><span style=\"font-size: medium\">exposi\u00e7\u00e3o de pe\u00e7as, atividades did\u00e1ticas e de pesquisa.<\/span><\/span><\/span><\/p>\n<\/li>\n<\/ul>\n<h1>\u00a0\u00a0<a href=\"http:\/\/www.ifbaiano.edu.br\/unidades\/santaines\/files\/2017\/11\/DSC_1354.jpg\"><img decoding=\"async\" loading=\"lazy\" class=\"alignnone  wp-image-9097\" src=\"http:\/\/www.ifbaiano.edu.br\/unidades\/santaines\/files\/2017\/11\/DSC_1354.jpg\" alt=\"DSC_1354\" width=\"191\" height=\"169\" \/><\/a> <a href=\"http:\/\/www.ifbaiano.edu.br\/unidades\/santaines\/files\/2017\/11\/DSC_1342.jpg\"><img decoding=\"async\" loading=\"lazy\" class=\"alignnone  wp-image-9092\" src=\"http:\/\/www.ifbaiano.edu.br\/unidades\/santaines\/files\/2017\/11\/DSC_1342.jpg\" alt=\"DSC_1342\" width=\"255\" height=\"170\" \/><\/a> <a href=\"http:\/\/www.ifbaiano.edu.br\/unidades\/santaines\/files\/2017\/11\/DSC_1360.jpg\"><img decoding=\"async\" loading=\"lazy\" class=\"alignnone  wp-image-9099\" src=\"http:\/\/www.ifbaiano.edu.br\/unidades\/santaines\/files\/2017\/11\/DSC_1360.jpg\" alt=\"DSC_1360\" width=\"257\" height=\"172\" \/><\/a><\/h1>\n<p>&nbsp;<\/p>\n<p>&nbsp;<\/p>\n<p>&nbsp;<\/p>\n<p>&nbsp;<\/p>\n<p>&nbsp;<\/p>\n<p>Fotos: ASCOM Campus Sta In\u00eas<\/p>\n<p>&nbsp;<\/p>\n<p>&nbsp;<\/p>\n","protected":false},"excerpt":{"rendered":"<p>A Feira de Agricultura Familiar e Artesanato foi promovida pela Prefeitura Municipal de Santa In\u00eas em comemora\u00e7\u00e3o aos 93 anos de Emancipa\u00e7\u00e3o Pol\u00edtica da Cidade.<\/p>\n","protected":false},"author":86,"featured_media":0,"comment_status":"closed","ping_status":"closed","sticky":false,"template":"","format":"standard","meta":[],"categories":[57],"tags":[],"_links":{"self":[{"href":"https:\/\/www.ifbaiano.edu.br\/unidades\/santaines\/wp-json\/wp\/v2\/posts\/9073"}],"collection":[{"href":"https:\/\/www.ifbaiano.edu.br\/unidades\/santaines\/wp-json\/wp\/v2\/posts"}],"about":[{"href":"https:\/\/www.ifbaiano.edu.br\/unidades\/santaines\/wp-json\/wp\/v2\/types\/post"}],"author":[{"embeddable":true,"href":"https:\/\/www.ifbaiano.edu.br\/unidades\/santaines\/wp-json\/wp\/v2\/users\/86"}],"replies":[{"embeddable":true,"href":"https:\/\/www.ifbaiano.edu.br\/unidades\/santaines\/wp-json\/wp\/v2\/comments?post=9073"}],"version-history":[{"count":24,"href":"https:\/\/www.ifbaiano.edu.br\/unidades\/santaines\/wp-json\/wp\/v2\/posts\/9073\/revisions"}],"predecessor-version":[{"id":9131,"href":"https:\/\/www.ifbaiano.edu.br\/unidades\/santaines\/wp-json\/wp\/v2\/posts\/9073\/revisions\/9131"}],"wp:attachment":[{"href":"https:\/\/www.ifbaiano.edu.br\/unidades\/santaines\/wp-json\/wp\/v2\/media?parent=9073"}],"wp:term":[{"taxonomy":"category","embeddable":true,"href":"https:\/\/www.ifbaiano.edu.br\/unidades\/santaines\/wp-json\/wp\/v2\/categories?post=9073"},{"taxonomy":"post_tag","embeddable":true,"href":"https:\/\/www.ifbaiano.edu.br\/unidades\/santaines\/wp-json\/wp\/v2\/tags?post=9073"}],"curies":[{"name":"wp","href":"https:\/\/api.w.org\/{rel}","templated":true}]}}