{"id":9158,"date":"2017-12-06T08:10:45","date_gmt":"2017-12-06T11:10:45","guid":{"rendered":"http:\/\/www.ifbaiano.edu.br\/unidades\/santaines\/?p=9158"},"modified":"2017-12-06T08:10:09","modified_gmt":"2017-12-06T11:10:09","slug":"vii-semana-de-atualizacao-tecnico-profissional-do-if-baiano-campus-santa-ines","status":"publish","type":"post","link":"https:\/\/www.ifbaiano.edu.br\/unidades\/santaines\/vii-semana-de-atualizacao-tecnico-profissional-do-if-baiano-campus-santa-ines\/","title":{"rendered":"VII SEMANA DE ATUALIZA\u00c7\u00c3O T\u00c9CNICO PROFISSIONAL DO IF BAIANO CAMPUS SANTA IN\u00caS"},"content":{"rendered":"<hr \/>\n<p style=\"text-align: justify\" align=\"center\">O IF Baiano \u2013 Campus Santa In\u00eas sempre ofereceu aos seus estudantes dos cursos t\u00e9cnicos e produtores rurais da regi\u00e3o eventos com o objetivo de atualiz\u00e1-los em rela\u00e7\u00e3o aos conhecimentos t\u00e9cnicos j\u00e1 adquiridos, por\u00e9m, nos \u00faltimos anos, esses eventos passaram a ter, como p\u00fablico alvo, os discentes do curso de Bacharelado em Zootecnia e dos cursos superiores de outras institui\u00e7\u00f5es.<\/p>\n<p style=\"text-align: justify\" align=\"justify\">A\u00a0<b>VI<\/b><b>I<\/b><b>\u00a0<\/b><b>Semana de Atualiza\u00e7\u00e3o T\u00e9cnico Profissional do IF Baiano Campus Santa In\u00eas\u00a0<\/b>vem para resgatar a Semana de Atualiza\u00e7\u00e3o Agropecu\u00e1ria, valorizando os cursos t\u00e9cnicos da institui\u00e7\u00e3o, bem como trazer de volta para o campus os produtores rurais que t\u00eam dificuldades em buscar informa\u00e7\u00f5es a respeito dos problemas t\u00e9cnicos encontrados no dia a dia de seus trabalhos.<\/p>\n<p style=\"text-align: justify\" align=\"justify\">O evento\u00a0ser\u00e1 realizado nos dias 07 e 08 de dezembro de 2017 (quinta e sexta) e conta com o apoio dos professores, dos alunos dos Cursos T\u00e9cnicos e Superior, da equipe gestora do Campus, das\u00a0<span style=\"color: #000000\">prefeit<\/span>uras dos munic\u00edpios de Jaguaquara, Santa In\u00eas, Cravol\u00e2ndia, Uba\u00edra e Mutu\u00edpe.<\/p>\n<p style=\"text-align: justify\" align=\"justify\"><strong><a href=\"http:\/\/www.ifbaiano.edu.br\/unidades\/santaines\/files\/2017\/11\/programa\u00e7\u00e3o-2017.pdf\">Clique aqui e veja a Programa\u00e7\u00e3o<\/a><\/strong><\/p>\n<p><a href=\"http:\/\/www.ifbaiano.edu.br\/unidades\/santaines\/files\/2017\/11\/Semana-de-Atualiza\u00e7\u00e3o.jpg\"><img decoding=\"async\" loading=\"lazy\" class=\"alignnone wp-image-9133\" src=\"http:\/\/www.ifbaiano.edu.br\/unidades\/santaines\/files\/2017\/11\/Semana-de-Atualiza\u00e7\u00e3o.jpg\" alt=\"Semana de Atualiza\u00e7\u00e3o\" width=\"812\" height=\"1148\" \/><\/a><\/p>\n<hr \/>\n<p>&nbsp;<\/p>\n","protected":false},"excerpt":{"rendered":"<p>Ser\u00e1 realizado nos dias 07 e 08 de dezembro de 2017 (quinta e sexta) <\/p>\n","protected":false},"author":86,"featured_media":0,"comment_status":"closed","ping_status":"closed","sticky":false,"template":"","format":"standard","meta":[],"categories":[4,5,10,57],"tags":[],"_links":{"self":[{"href":"https:\/\/www.ifbaiano.edu.br\/unidades\/santaines\/wp-json\/wp\/v2\/posts\/9158"}],"collection":[{"href":"https:\/\/www.ifbaiano.edu.br\/unidades\/santaines\/wp-json\/wp\/v2\/posts"}],"about":[{"href":"https:\/\/www.ifbaiano.edu.br\/unidades\/santaines\/wp-json\/wp\/v2\/types\/post"}],"author":[{"embeddable":true,"href":"https:\/\/www.ifbaiano.edu.br\/unidades\/santaines\/wp-json\/wp\/v2\/users\/86"}],"replies":[{"embeddable":true,"href":"https:\/\/www.ifbaiano.edu.br\/unidades\/santaines\/wp-json\/wp\/v2\/comments?post=9158"}],"version-history":[{"count":7,"href":"https:\/\/www.ifbaiano.edu.br\/unidades\/santaines\/wp-json\/wp\/v2\/posts\/9158\/revisions"}],"predecessor-version":[{"id":9362,"href":"https:\/\/www.ifbaiano.edu.br\/unidades\/santaines\/wp-json\/wp\/v2\/posts\/9158\/revisions\/9362"}],"wp:attachment":[{"href":"https:\/\/www.ifbaiano.edu.br\/unidades\/santaines\/wp-json\/wp\/v2\/media?parent=9158"}],"wp:term":[{"taxonomy":"category","embeddable":true,"href":"https:\/\/www.ifbaiano.edu.br\/unidades\/santaines\/wp-json\/wp\/v2\/categories?post=9158"},{"taxonomy":"post_tag","embeddable":true,"href":"https:\/\/www.ifbaiano.edu.br\/unidades\/santaines\/wp-json\/wp\/v2\/tags?post=9158"}],"curies":[{"name":"wp","href":"https:\/\/api.w.org\/{rel}","templated":true}]}}