{"id":9191,"date":"2017-11-17T13:07:30","date_gmt":"2017-11-17T16:07:30","guid":{"rendered":"http:\/\/www.ifbaiano.edu.br\/unidades\/santaines\/?p=9191"},"modified":"2017-11-17T17:31:29","modified_gmt":"2017-11-17T20:31:29","slug":"registros-da-iv-semana-nacional-de-ciencia-e-tecnologia-campus-santa-ines","status":"publish","type":"post","link":"https:\/\/www.ifbaiano.edu.br\/unidades\/santaines\/registros-da-iv-semana-nacional-de-ciencia-e-tecnologia-campus-santa-ines\/","title":{"rendered":"Registros da IV Semana Nacional de Ci\u00eancia e Tecnologia &#8211; Campus Santa In\u00eas"},"content":{"rendered":"<hr \/>\n<p style=\"text-align: right\" align=\"justify\"><a href=\"http:\/\/www.ifbaiano.edu.br\/unidades\/santaines\/files\/2017\/11\/11.jpg\"><img decoding=\"async\" loading=\"lazy\" class=\"alignnone wp-image-9192\" src=\"http:\/\/www.ifbaiano.edu.br\/unidades\/santaines\/files\/2017\/11\/11.jpg\" alt=\"11\" width=\"324\" height=\"216\" \/><\/a><\/p>\n<p align=\"justify\"><span style=\"color: #1d2129\"><span style=\"font-family: Arial, sans-serif\"><span style=\"font-size: medium\">A IV edi\u00e7\u00e3o da Semana Nacional de Ci\u00eancia e Tecnologia ocorreu no campus Santa In\u00eas durante os dias 24 e 25 de outubro de 2017. O evento teve em sua abertura a presen\u00e7a\u00a0\u00a0do\u00a0secret\u00e1rio\u00a0estadual de Ci\u00eancia e Tecnologia, Jos\u00e9 Vivaldo, e prosseguiu com atividades diversificadas, como palestras, mini-cursos, apresenta\u00e7\u00f5es de trabalhos orais e em p\u00f4ster, stands e apresenta\u00e7\u00f5es culturais. Tivemos ainda a oportunidade de homenagear alguns matem\u00e1ticos\u00a0que atuam ou atuaram no campus, pois, a tem\u00e1tica do evento foi \u201cA MATEM\u00c1TICA EST\u00c1 EM TUDO\u201d, oportunizando toda a comunidade a expor trabalhos durante a Semana Nacional de Tecnologia proposta pelo Minist\u00e9rio da Ci\u00eancia e Tecnologia.<\/span><\/span><\/span><\/p>\n<hr \/>\n<p align=\"left\">Veja registro de alguns momentos.<\/p>\n<table width=\"100%\" cellspacing=\"0\" cellpadding=\"4\">\n<colgroup>\n<col width=\"85*\" \/>\n<col width=\"85*\" \/>\n<col width=\"85*\" \/> <\/colgroup>\n<tbody>\n<tr valign=\"top\">\n<td width=\"33%\">\u00a0 <a href=\"http:\/\/www.ifbaiano.edu.br\/unidades\/santaines\/files\/2017\/11\/4.jpg\"><img decoding=\"async\" loading=\"lazy\" class=\"alignnone wp-image-9199\" src=\"http:\/\/www.ifbaiano.edu.br\/unidades\/santaines\/files\/2017\/11\/4.jpg\" alt=\"4\" width=\"196\" height=\"140\" \/><\/a><\/td>\n<td width=\"33%\">\u00a0<a href=\"http:\/\/www.ifbaiano.edu.br\/unidades\/santaines\/files\/2017\/11\/1.jpg\"><img decoding=\"async\" loading=\"lazy\" class=\"alignnone wp-image-9196\" src=\"http:\/\/www.ifbaiano.edu.br\/unidades\/santaines\/files\/2017\/11\/1.jpg\" alt=\"1\" width=\"227\" height=\"119\" \/><\/a><\/td>\n<td width=\"33%\">\u00a0<a href=\"http:\/\/www.ifbaiano.edu.br\/unidades\/santaines\/files\/2017\/11\/3.jpg\"><img decoding=\"async\" loading=\"lazy\" class=\"alignnone wp-image-9198\" src=\"http:\/\/www.ifbaiano.edu.br\/unidades\/santaines\/files\/2017\/11\/3.jpg\" alt=\"3\" width=\"218\" height=\"123\" \/><\/a><\/td>\n<\/tr>\n<tr valign=\"top\">\n<td width=\"33%\">\u00a0<a href=\"http:\/\/www.ifbaiano.edu.br\/unidades\/santaines\/files\/2017\/11\/16.jpg\"><img decoding=\"async\" loading=\"lazy\" class=\"alignnone wp-image-9210\" src=\"http:\/\/www.ifbaiano.edu.br\/unidades\/santaines\/files\/2017\/11\/16.jpg\" alt=\"16\" width=\"200\" height=\"133\" \/><\/a><\/td>\n<td width=\"33%\">\u00a0<a href=\"http:\/\/www.ifbaiano.edu.br\/unidades\/santaines\/files\/2017\/11\/2.jpg\"><img decoding=\"async\" loading=\"lazy\" class=\"alignnone wp-image-9197\" src=\"http:\/\/www.ifbaiano.edu.br\/unidades\/santaines\/files\/2017\/11\/2.jpg\" alt=\"2\" width=\"175\" height=\"135\" \/><\/a><\/td>\n<td width=\"33%\">\u00a0<a href=\"http:\/\/www.ifbaiano.edu.br\/unidades\/santaines\/files\/2017\/11\/5.jpg\"><img decoding=\"async\" loading=\"lazy\" class=\"alignnone wp-image-9200\" src=\"http:\/\/www.ifbaiano.edu.br\/unidades\/santaines\/files\/2017\/11\/5.jpg\" alt=\"5\" width=\"203\" height=\"135\" \/><\/a><\/td>\n<\/tr>\n<tr valign=\"top\">\n<td width=\"33%\">\u00a0<a href=\"http:\/\/www.ifbaiano.edu.br\/unidades\/santaines\/files\/2017\/11\/15.jpg\"><img decoding=\"async\" loading=\"lazy\" class=\"alignnone wp-image-9209\" src=\"http:\/\/www.ifbaiano.edu.br\/unidades\/santaines\/files\/2017\/11\/15.jpg\" alt=\"15\" width=\"200\" height=\"133\" \/><\/a><\/td>\n<td width=\"33%\">\u00a0<a href=\"http:\/\/www.ifbaiano.edu.br\/unidades\/santaines\/files\/2017\/11\/17.jpg\"><img decoding=\"async\" loading=\"lazy\" class=\"alignnone wp-image-9211\" src=\"http:\/\/www.ifbaiano.edu.br\/unidades\/santaines\/files\/2017\/11\/17.jpg\" alt=\"17\" width=\"179\" height=\"125\" \/><\/a><\/td>\n<td width=\"33%\">\u00a0<a href=\"http:\/\/www.ifbaiano.edu.br\/unidades\/santaines\/files\/2017\/11\/8.jpg\"><img decoding=\"async\" loading=\"lazy\" class=\"alignnone wp-image-9203\" src=\"http:\/\/www.ifbaiano.edu.br\/unidades\/santaines\/files\/2017\/11\/8.jpg\" alt=\"8\" width=\"204\" height=\"136\" \/><\/a><\/td>\n<\/tr>\n<tr valign=\"top\">\n<td width=\"33%\">\u00a0<a href=\"http:\/\/www.ifbaiano.edu.br\/unidades\/santaines\/files\/2017\/11\/6.jpg\"><img decoding=\"async\" loading=\"lazy\" class=\"alignnone wp-image-9201\" src=\"http:\/\/www.ifbaiano.edu.br\/unidades\/santaines\/files\/2017\/11\/6.jpg\" alt=\"6\" width=\"200\" height=\"133\" \/><\/a><\/td>\n<td width=\"33%\">\u00a0<a href=\"http:\/\/www.ifbaiano.edu.br\/unidades\/santaines\/files\/2017\/11\/18.jpg\"><img decoding=\"async\" loading=\"lazy\" class=\"alignnone wp-image-9212\" src=\"http:\/\/www.ifbaiano.edu.br\/unidades\/santaines\/files\/2017\/11\/18.jpg\" alt=\"18\" width=\"183\" height=\"122\" \/><\/a><\/td>\n<td width=\"33%\">\u00a0<a href=\"http:\/\/www.ifbaiano.edu.br\/unidades\/santaines\/files\/2017\/11\/14.jpg\"><img decoding=\"async\" loading=\"lazy\" class=\"alignnone size-thumbnail wp-image-9208\" src=\"http:\/\/www.ifbaiano.edu.br\/unidades\/santaines\/files\/2017\/11\/14.jpg\" alt=\"14\" width=\"139\" height=\"150\" \/><\/a><\/td>\n<\/tr>\n<\/tbody>\n<\/table>\n<p>Cr\u00e9ditos das imagens: ASCOM Campus Santa In\u00eas<\/p>\n","protected":false},"excerpt":{"rendered":"<p>A comiss\u00e3o organizadora agradece a participa\u00e7\u00e3o de todos(as) e espera rev\u00ea-los(as) em 2018.<\/p>\n","protected":false},"author":86,"featured_media":0,"comment_status":"closed","ping_status":"closed","sticky":false,"template":"","format":"standard","meta":[],"categories":[4,5,37,10,57],"tags":[],"_links":{"self":[{"href":"https:\/\/www.ifbaiano.edu.br\/unidades\/santaines\/wp-json\/wp\/v2\/posts\/9191"}],"collection":[{"href":"https:\/\/www.ifbaiano.edu.br\/unidades\/santaines\/wp-json\/wp\/v2\/posts"}],"about":[{"href":"https:\/\/www.ifbaiano.edu.br\/unidades\/santaines\/wp-json\/wp\/v2\/types\/post"}],"author":[{"embeddable":true,"href":"https:\/\/www.ifbaiano.edu.br\/unidades\/santaines\/wp-json\/wp\/v2\/users\/86"}],"replies":[{"embeddable":true,"href":"https:\/\/www.ifbaiano.edu.br\/unidades\/santaines\/wp-json\/wp\/v2\/comments?post=9191"}],"version-history":[{"count":12,"href":"https:\/\/www.ifbaiano.edu.br\/unidades\/santaines\/wp-json\/wp\/v2\/posts\/9191\/revisions"}],"predecessor-version":[{"id":9222,"href":"https:\/\/www.ifbaiano.edu.br\/unidades\/santaines\/wp-json\/wp\/v2\/posts\/9191\/revisions\/9222"}],"wp:attachment":[{"href":"https:\/\/www.ifbaiano.edu.br\/unidades\/santaines\/wp-json\/wp\/v2\/media?parent=9191"}],"wp:term":[{"taxonomy":"category","embeddable":true,"href":"https:\/\/www.ifbaiano.edu.br\/unidades\/santaines\/wp-json\/wp\/v2\/categories?post=9191"},{"taxonomy":"post_tag","embeddable":true,"href":"https:\/\/www.ifbaiano.edu.br\/unidades\/santaines\/wp-json\/wp\/v2\/tags?post=9191"}],"curies":[{"name":"wp","href":"https:\/\/api.w.org\/{rel}","templated":true}]}}