{"id":924,"date":"2012-01-11T07:40:58","date_gmt":"2012-01-11T10:40:58","guid":{"rendered":"http:\/\/www.ifbaiano.edu.br\/unidades\/santaines\/?p=924"},"modified":"2012-01-17T15:43:40","modified_gmt":"2012-01-17T18:43:40","slug":"errata-sobre-o-periodo-de-ingresso-dos-novos-estudantes-dos-cursos-superiores-do-if-baiano-santa-ines","status":"publish","type":"post","link":"https:\/\/www.ifbaiano.edu.br\/unidades\/santaines\/errata-sobre-o-periodo-de-ingresso-dos-novos-estudantes-dos-cursos-superiores-do-if-baiano-santa-ines\/","title":{"rendered":"Errata sobre o per\u00edodo de ingresso dos novos estudantes dos cursos superiores do IF Baiano &#8211; Santa In\u00eas."},"content":{"rendered":"<p style=\"text-align: justify\"><span style=\"color: #ff0000\">Informamos \u00e0 todos que o per\u00edodo de ingresso dos novos estudantes em nosso Instituto ser\u00e1 realizado no SEGUNDO SEMESTRE DE 2012, e n\u00e3o no primeiro, como foi informado anteriormente, de forma equivocada. Pedimos desculpas pelos transtornos e nos colocamos \u00e0 disposi\u00e7\u00e3o para esclarecimentos de d\u00favidas que venham a surgir. Aproveitamos o espa\u00e7o para divulgar a nossa p\u00e1gina no facebook onde voc\u00eas poder\u00e3o acompanhar de forma r\u00e1pida e participativa informa\u00e7\u00f5es como esta e outras de igual import\u00e2ncia, referentes ao nosso Instituto Federal Baiano &#8211; Campus Santa In\u00eas:<\/span><\/p>\n<p style=\"text-align: justify\"><span style=\"color: #0000ff\"><a href=\"http:\/\/www.facebook.com\/profile.php?id=100003227175737\"><span style=\"color: #0000ff\">http:\/\/www.facebook.com\/profile.php?id=100003227175737<\/span><\/a><\/span><\/p>\n","protected":false},"excerpt":{"rendered":"<p>Informamos \u00e0 todos que o per\u00edodo de ingresso dos novos estudantes em nosso Instituto ser\u00e1 realizado no SEGUNDO SEMESTRE DE 2012, e n\u00e3o no primeiro, como foi informado anteriormente, de forma equivocada. Pedimos desculpas pelos transtornos e nos colocamos \u00e0 disposi\u00e7\u00e3o para esclarecimentos de d\u00favidas que venham a surgir. Aproveitamos o espa\u00e7o para divulgar a [&hellip;]<\/p>\n","protected":false},"author":26,"featured_media":0,"comment_status":"closed","ping_status":"closed","sticky":false,"template":"","format":"standard","meta":[],"categories":[10],"tags":[],"_links":{"self":[{"href":"https:\/\/www.ifbaiano.edu.br\/unidades\/santaines\/wp-json\/wp\/v2\/posts\/924"}],"collection":[{"href":"https:\/\/www.ifbaiano.edu.br\/unidades\/santaines\/wp-json\/wp\/v2\/posts"}],"about":[{"href":"https:\/\/www.ifbaiano.edu.br\/unidades\/santaines\/wp-json\/wp\/v2\/types\/post"}],"author":[{"embeddable":true,"href":"https:\/\/www.ifbaiano.edu.br\/unidades\/santaines\/wp-json\/wp\/v2\/users\/26"}],"replies":[{"embeddable":true,"href":"https:\/\/www.ifbaiano.edu.br\/unidades\/santaines\/wp-json\/wp\/v2\/comments?post=924"}],"version-history":[{"count":5,"href":"https:\/\/www.ifbaiano.edu.br\/unidades\/santaines\/wp-json\/wp\/v2\/posts\/924\/revisions"}],"predecessor-version":[{"id":970,"href":"https:\/\/www.ifbaiano.edu.br\/unidades\/santaines\/wp-json\/wp\/v2\/posts\/924\/revisions\/970"}],"wp:attachment":[{"href":"https:\/\/www.ifbaiano.edu.br\/unidades\/santaines\/wp-json\/wp\/v2\/media?parent=924"}],"wp:term":[{"taxonomy":"category","embeddable":true,"href":"https:\/\/www.ifbaiano.edu.br\/unidades\/santaines\/wp-json\/wp\/v2\/categories?post=924"},{"taxonomy":"post_tag","embeddable":true,"href":"https:\/\/www.ifbaiano.edu.br\/unidades\/santaines\/wp-json\/wp\/v2\/tags?post=924"}],"curies":[{"name":"wp","href":"https:\/\/api.w.org\/{rel}","templated":true}]}}