{"id":9242,"date":"2017-11-17T17:31:14","date_gmt":"2017-11-17T20:31:14","guid":{"rendered":"http:\/\/www.ifbaiano.edu.br\/unidades\/santaines\/?p=9242"},"modified":"2017-11-20T17:13:21","modified_gmt":"2017-11-20T20:13:21","slug":"operacao-beija-flor-e-sabado-verde-o-if-baiano-campus-santa-ines","status":"publish","type":"post","link":"https:\/\/www.ifbaiano.edu.br\/unidades\/santaines\/operacao-beija-flor-e-sabado-verde-o-if-baiano-campus-santa-ines\/","title":{"rendered":"Opera\u00e7\u00e3o Beija-flor e S\u00e1bado Verde acontecem no IF BAIANO Campus Santa In\u00eas."},"content":{"rendered":"<hr \/>\n<p align=\"justify\"><span style=\"color: #000000\"><span style=\"font-family: Arial, sans-serif\"><span style=\"font-size: medium\">O Projeto \u201cOpera\u00e7\u00e3o Beija-flor\u201d teve in\u00edcio no ano letivo de 2015. Foi idealizado pela professora do IF Baiano Campus Santa In\u00eas, Adriana Martins e tem a participa\u00e7\u00e3o dos demais professores do Campus.<\/span><\/span><\/span><\/p>\n<p align=\"justify\"><span style=\"color: #000000\"><span style=\"font-family: Arial, sans-serif\"><span style=\"font-size: medium\">A finalidade do Projeto \u00e9 realizar a coleta dos res\u00edduos s\u00f3lidos descartados, inadequadamente, nas \u00e1reas externas do Campus, com o objetivo de promover uma mudan\u00e7a de atitude no que se refere aos descartes dos res\u00edduos gerados pela comunidade do Campus. <\/span><\/span><\/span><\/p>\n<p align=\"justify\"><span style=\"color: #000000\"><span style=\"font-family: Arial, sans-serif\"><span style=\"font-size: medium\">Todo material recolhido fica exposto em local de grande circula\u00e7\u00e3o para dar visibilidade e alertar tamb\u00e9m aqueles que ainda n\u00e3o tenham participado da coleta.<\/span><\/span><\/span><\/p>\n<p align=\"justify\"><span style=\"color: #000000\"><span style=\"font-family: Arial, sans-serif\"><span style=\"font-size: medium\">A Opera\u00e7\u00e3o Beija-Flor acontece em tr\u00eas edi\u00e7\u00f5es anuais (uma a cada trimestre). Em uma das edi\u00e7\u00f5es, ao t\u00e9rmino da Opera\u00e7\u00e3o beija flor, acontece o S\u00e1bado verde. Este, tem por objetivo a exibi\u00e7\u00e3o de v\u00eddeo do projeto Circuito Tela Verde do Minist\u00e9rio do Meio Ambiente (MMA), o qual distribui anualmente uma sele\u00e7\u00e3o de v\u00eddeos com abordagens de temas relacionados ao meio ambiente, produzidos por diferentes institui\u00e7\u00f5es. A proposta gera reflex\u00e3o sobre quest\u00f5es ambientais bem atuais atrav\u00e9s das discuss\u00f5es que acontecem ap\u00f3s cada filme.<\/span><\/span><\/span><\/p>\n<table width=\"100%\" cellspacing=\"0\" cellpadding=\"4\">\n<colgroup>\n<col width=\"85*\" \/>\n<col width=\"85*\" \/>\n<col width=\"85*\" \/> <\/colgroup>\n<tbody>\n<tr valign=\"top\">\n<td width=\"33%\">\u00a0<a href=\"http:\/\/www.ifbaiano.edu.br\/unidades\/santaines\/files\/2017\/11\/2-1.jpg\"><img decoding=\"async\" loading=\"lazy\" class=\"alignnone wp-image-9244\" src=\"http:\/\/www.ifbaiano.edu.br\/unidades\/santaines\/files\/2017\/11\/2-1.jpg\" alt=\"2\" width=\"291\" height=\"163\" \/><\/a><\/td>\n<td width=\"33%\">\u00a0<a href=\"http:\/\/www.ifbaiano.edu.br\/unidades\/santaines\/files\/2017\/11\/3-1.jpg\"><img decoding=\"async\" loading=\"lazy\" class=\"alignnone wp-image-9245\" src=\"http:\/\/www.ifbaiano.edu.br\/unidades\/santaines\/files\/2017\/11\/3-1.jpg\" alt=\"3\" width=\"291\" height=\"164\" \/><\/a><\/td>\n<td width=\"33%\">\u00a0<a href=\"http:\/\/www.ifbaiano.edu.br\/unidades\/santaines\/files\/2017\/11\/6-1.jpg\"><img decoding=\"async\" loading=\"lazy\" class=\"alignnone wp-image-9248\" src=\"http:\/\/www.ifbaiano.edu.br\/unidades\/santaines\/files\/2017\/11\/6-1.jpg\" alt=\"6\" width=\"296\" height=\"166\" \/><\/a><\/td>\n<\/tr>\n<tr valign=\"top\">\n<td width=\"33%\">\u00a0<a href=\"http:\/\/www.ifbaiano.edu.br\/unidades\/santaines\/files\/2017\/11\/5-1.jpg\"><img decoding=\"async\" loading=\"lazy\" class=\"alignnone wp-image-9247\" src=\"http:\/\/www.ifbaiano.edu.br\/unidades\/santaines\/files\/2017\/11\/5-1.jpg\" alt=\"5\" width=\"216\" height=\"387\" \/><\/a><\/td>\n<td width=\"33%\">\u00a0<a href=\"http:\/\/www.ifbaiano.edu.br\/unidades\/santaines\/files\/2017\/11\/4-1.jpg\"><img decoding=\"async\" loading=\"lazy\" class=\"alignnone wp-image-9246\" src=\"http:\/\/www.ifbaiano.edu.br\/unidades\/santaines\/files\/2017\/11\/4-1.jpg\" alt=\"4\" width=\"217\" height=\"385\" \/><\/a><\/td>\n<td width=\"33%\">\u00a0<a href=\"http:\/\/www.ifbaiano.edu.br\/unidades\/santaines\/files\/2017\/11\/1-1.jpg\"><img decoding=\"async\" loading=\"lazy\" class=\"alignnone wp-image-9243\" src=\"http:\/\/www.ifbaiano.edu.br\/unidades\/santaines\/files\/2017\/11\/1-1.jpg\" alt=\"1\" width=\"214\" height=\"380\" \/><\/a><\/td>\n<\/tr>\n<tr valign=\"top\">\n<td width=\"33%\">\u00a0<a href=\"http:\/\/www.ifbaiano.edu.br\/unidades\/santaines\/files\/2017\/11\/7-1.jpg\"><img decoding=\"async\" loading=\"lazy\" class=\"alignnone wp-image-9249\" src=\"http:\/\/www.ifbaiano.edu.br\/unidades\/santaines\/files\/2017\/11\/7-1.jpg\" alt=\"7\" width=\"215\" height=\"382\" \/><\/a><\/td>\n<td width=\"33%\">\u00a0<a href=\"http:\/\/www.ifbaiano.edu.br\/unidades\/santaines\/files\/2017\/11\/9-1.jpg\"><img decoding=\"async\" loading=\"lazy\" class=\"alignnone wp-image-9251\" src=\"http:\/\/www.ifbaiano.edu.br\/unidades\/santaines\/files\/2017\/11\/9-1.jpg\" alt=\"9\" width=\"209\" height=\"372\" \/><\/a><\/td>\n<td width=\"33%\">\u00a0<a href=\"http:\/\/www.ifbaiano.edu.br\/unidades\/santaines\/files\/2017\/11\/10-1.jpg\"><img decoding=\"async\" loading=\"lazy\" class=\"alignnone wp-image-9252\" src=\"http:\/\/www.ifbaiano.edu.br\/unidades\/santaines\/files\/2017\/11\/10-1.jpg\" alt=\"10\" width=\"214\" height=\"380\" \/><\/a><\/td>\n<\/tr>\n<tr valign=\"top\">\n<td width=\"33%\"><\/td>\n<td width=\"33%\"><\/td>\n<td width=\"33%\"><\/td>\n<\/tr>\n<\/tbody>\n<\/table>\n","protected":false},"excerpt":{"rendered":"<p>A atividade aconteceu no dia 11 de novembro de 2017.<\/p>\n","protected":false},"author":86,"featured_media":0,"comment_status":"closed","ping_status":"closed","sticky":false,"template":"","format":"standard","meta":[],"categories":[4,5,10,57],"tags":[],"_links":{"self":[{"href":"https:\/\/www.ifbaiano.edu.br\/unidades\/santaines\/wp-json\/wp\/v2\/posts\/9242"}],"collection":[{"href":"https:\/\/www.ifbaiano.edu.br\/unidades\/santaines\/wp-json\/wp\/v2\/posts"}],"about":[{"href":"https:\/\/www.ifbaiano.edu.br\/unidades\/santaines\/wp-json\/wp\/v2\/types\/post"}],"author":[{"embeddable":true,"href":"https:\/\/www.ifbaiano.edu.br\/unidades\/santaines\/wp-json\/wp\/v2\/users\/86"}],"replies":[{"embeddable":true,"href":"https:\/\/www.ifbaiano.edu.br\/unidades\/santaines\/wp-json\/wp\/v2\/comments?post=9242"}],"version-history":[{"count":10,"href":"https:\/\/www.ifbaiano.edu.br\/unidades\/santaines\/wp-json\/wp\/v2\/posts\/9242\/revisions"}],"predecessor-version":[{"id":9263,"href":"https:\/\/www.ifbaiano.edu.br\/unidades\/santaines\/wp-json\/wp\/v2\/posts\/9242\/revisions\/9263"}],"wp:attachment":[{"href":"https:\/\/www.ifbaiano.edu.br\/unidades\/santaines\/wp-json\/wp\/v2\/media?parent=9242"}],"wp:term":[{"taxonomy":"category","embeddable":true,"href":"https:\/\/www.ifbaiano.edu.br\/unidades\/santaines\/wp-json\/wp\/v2\/categories?post=9242"},{"taxonomy":"post_tag","embeddable":true,"href":"https:\/\/www.ifbaiano.edu.br\/unidades\/santaines\/wp-json\/wp\/v2\/tags?post=9242"}],"curies":[{"name":"wp","href":"https:\/\/api.w.org\/{rel}","templated":true}]}}