{"id":9332,"date":"2017-12-04T14:29:06","date_gmt":"2017-12-04T17:29:06","guid":{"rendered":"http:\/\/www.ifbaiano.edu.br\/unidades\/santaines\/?p=9332"},"modified":"2017-12-05T08:00:54","modified_gmt":"2017-12-05T11:00:54","slug":"projeto-de-extensao-teclando-na-terceira-idade-tem-inicio-na-cidade-de-santa-ines","status":"publish","type":"post","link":"https:\/\/www.ifbaiano.edu.br\/unidades\/santaines\/projeto-de-extensao-teclando-na-terceira-idade-tem-inicio-na-cidade-de-santa-ines\/","title":{"rendered":"Projeto de Extens\u00e3o &#8220;Teclando na Terceira Idade&#8221; tem in\u00edcio, na cidade de Santa In\u00eas"},"content":{"rendered":"<hr \/>\n<p style=\"text-align: justify\">Aconteceu no \u00faltimo dia 28 a aula inaugural do Projeto de Extens\u00e3o &#8220;Teclando na Terceira Idade&#8221;. Esse projeto visa a inclus\u00e3o digital de idosos residentes na cidade de Santa\u00a0In\u00eas. \u00c9<a href=\"http:\/\/www.ifbaiano.edu.br\/unidades\/santaines\/files\/2017\/12\/LOGO-CURSO02-1.png\"><img decoding=\"async\" loading=\"lazy\" class=\"wp-image-9351 alignright\" src=\"http:\/\/www.ifbaiano.edu.br\/unidades\/santaines\/files\/2017\/12\/LOGO-CURSO02-1.png\" alt=\"LOGO CURSO02\" width=\"417\" height=\"278\" \/><\/a> uma\u00a0parceria\u00a0\u00a0entre o IF Baiano Campus Santa In\u00eas a Pr\u00f3-Reitoria de Extens\u00e3o (PROEX) do IF Baiano,\u00a0 o Col\u00e9gio Estadual Antonio Carlos Magalh\u00e3es e o Centro de Refer\u00eancia de Assist\u00eancia Social\u00a0(CRAS) de Santa In\u00eas.<\/p>\n<p style=\"text-align: justify\">As aulas acontecem \u00e0s ter\u00e7as e quintas, pela manh\u00e3, no Col\u00e9gio Estadual Antonio Carlos Magalh\u00e3es e s\u00e3o ministradas pelas bolsistas Joseane de Brito Santos e Leisly Caroline Silva\u00a0Santos, estudantes do Curso Subsequente em Inform\u00e1tica do IF Baiano Campus Santa In\u00eas.<\/p>\n<p style=\"text-align: justify\">O Projeto est\u00e1 sob a supervis\u00e3o da Professora Cl\u00e1udia Bocchese de Lima e Coordena\u00e7\u00e3o da Pedagoga Arlene Luttigards de Oliveira Vaz Sampaio.<\/p>\n<p style=\"text-align: justify\">Os estudantes aprender\u00e3o, entre outras coisas, a usar o computador, as redes sociais e o celular digital.<\/p>\n<hr \/>\n<p><a href=\"http:\/\/www.ifbaiano.edu.br\/unidades\/santaines\/files\/2017\/12\/6329a16b-55ce-4774-a8ac-857ff57ea792.jpg\"><img decoding=\"async\" loading=\"lazy\" class=\"alignnone wp-image-9333\" src=\"http:\/\/www.ifbaiano.edu.br\/unidades\/santaines\/files\/2017\/12\/6329a16b-55ce-4774-a8ac-857ff57ea792.jpg\" alt=\"6329a16b-55ce-4774-a8ac-857ff57ea792\" width=\"226\" height=\"127\" \/><\/a> <a href=\"http:\/\/www.ifbaiano.edu.br\/unidades\/santaines\/files\/2017\/12\/inf.jpg\"><img decoding=\"async\" loading=\"lazy\" class=\"alignnone wp-image-9335\" src=\"http:\/\/www.ifbaiano.edu.br\/unidades\/santaines\/files\/2017\/12\/inf.jpg\" alt=\"inf\" width=\"222\" height=\"125\" \/>\u00a0<\/a><a href=\"http:\/\/www.ifbaiano.edu.br\/unidades\/santaines\/files\/2017\/12\/b45ac23a-be16-490a-8c0a-4a59752e962c.jpg\"><img decoding=\"async\" loading=\"lazy\" class=\"alignnone wp-image-9334\" src=\"http:\/\/www.ifbaiano.edu.br\/unidades\/santaines\/files\/2017\/12\/b45ac23a-be16-490a-8c0a-4a59752e962c.jpg\" alt=\"b45ac23a-be16-490a-8c0a-4a59752e962c\" width=\"226\" height=\"127\" \/><\/a><\/p>\n","protected":false},"excerpt":{"rendered":"<p>Aula inaugural aconteceu dia dia 28\/11\/2017, no Col\u00e9gio Estadual Antonio Carlos Magalh\u00e3es.<\/p>\n","protected":false},"author":86,"featured_media":0,"comment_status":"closed","ping_status":"closed","sticky":false,"template":"","format":"standard","meta":[],"categories":[4,5,10,57],"tags":[],"_links":{"self":[{"href":"https:\/\/www.ifbaiano.edu.br\/unidades\/santaines\/wp-json\/wp\/v2\/posts\/9332"}],"collection":[{"href":"https:\/\/www.ifbaiano.edu.br\/unidades\/santaines\/wp-json\/wp\/v2\/posts"}],"about":[{"href":"https:\/\/www.ifbaiano.edu.br\/unidades\/santaines\/wp-json\/wp\/v2\/types\/post"}],"author":[{"embeddable":true,"href":"https:\/\/www.ifbaiano.edu.br\/unidades\/santaines\/wp-json\/wp\/v2\/users\/86"}],"replies":[{"embeddable":true,"href":"https:\/\/www.ifbaiano.edu.br\/unidades\/santaines\/wp-json\/wp\/v2\/comments?post=9332"}],"version-history":[{"count":16,"href":"https:\/\/www.ifbaiano.edu.br\/unidades\/santaines\/wp-json\/wp\/v2\/posts\/9332\/revisions"}],"predecessor-version":[{"id":9353,"href":"https:\/\/www.ifbaiano.edu.br\/unidades\/santaines\/wp-json\/wp\/v2\/posts\/9332\/revisions\/9353"}],"wp:attachment":[{"href":"https:\/\/www.ifbaiano.edu.br\/unidades\/santaines\/wp-json\/wp\/v2\/media?parent=9332"}],"wp:term":[{"taxonomy":"category","embeddable":true,"href":"https:\/\/www.ifbaiano.edu.br\/unidades\/santaines\/wp-json\/wp\/v2\/categories?post=9332"},{"taxonomy":"post_tag","embeddable":true,"href":"https:\/\/www.ifbaiano.edu.br\/unidades\/santaines\/wp-json\/wp\/v2\/tags?post=9332"}],"curies":[{"name":"wp","href":"https:\/\/api.w.org\/{rel}","templated":true}]}}