{"id":9365,"date":"2017-12-08T08:59:28","date_gmt":"2017-12-08T11:59:28","guid":{"rendered":"http:\/\/www.ifbaiano.edu.br\/unidades\/santaines\/?p=9365"},"modified":"2017-12-08T08:59:28","modified_gmt":"2017-12-08T11:59:28","slug":"professor-do-if-baiano-campus-santa-ines-apresentou-resultados-de-pesquisa-em-congresso-realizado-na-espanha","status":"publish","type":"post","link":"https:\/\/www.ifbaiano.edu.br\/unidades\/santaines\/professor-do-if-baiano-campus-santa-ines-apresentou-resultados-de-pesquisa-em-congresso-realizado-na-espanha\/","title":{"rendered":"Professor do IF Baiano campus Santa In\u00eas, apresentou resultados de pesquisa em congresso realizado na Espanha"},"content":{"rendered":"<hr \/>\n<p style=\"text-align: justify\">Professor do IF Baiano, campus Santa In\u00eas, apresentou resultados de pesquisa em congresso realizado na Espanha. O evento \u201c4th World Congress and Expo on Applied Microbiology\u201d aconteceu na<a href=\"http:\/\/www.ifbaiano.edu.br\/unidades\/santaines\/files\/2017\/12\/Foto.jpg\"><img decoding=\"async\" loading=\"lazy\" class=\"wp-image-9366 alignright\" src=\"http:\/\/www.ifbaiano.edu.br\/unidades\/santaines\/files\/2017\/12\/Foto.jpg\" alt=\"Foto\" width=\"330\" height=\"186\" \/><\/a> cidade de Madrid entre 29 de novembro e 01 de dezembro de 2017. Na oportunidade o professor VIN\u00cdCIUS REIS DE FIGUEIR\u00caDO, que atua desenvolvendo pesquisas na \u00e1rea de Microbiologia, apresentou os resultados de um projeto elaborado e desenvolvido no campus Santa In\u00eas, o qual culminou em dep\u00f3sito de Patente de Inven\u00e7\u00e3o no INPI-Brasil. O professor desenvolveu um iogurte que apresenta em sua composi\u00e7\u00e3o, adi\u00e7\u00e3o de extrato de cogumelo para elevar os valores de prote\u00edna do iogurte. A elabora\u00e7\u00e3o da nova bebida est\u00e1 de acordo com as novas tend\u00eancias de h\u00e1bitos alimentares, pois, nos \u00faltimos anos a busca por alimentos funcionais, que tragam benef\u00edcios para o ser humano, tem se mostrado uma tend\u00eancia internacional por uma procura de alimentos mais saud\u00e1veis.<br \/>\nPara mais detalhes da pesquisa, acessar a publica\u00e7\u00e3o atrav\u00e9s do &#8220;<a href=\"https:\/\/www.omicsonline.org\/ArchiveJMBT\/currentissue-microbial-biochemical-technology-open-access.php\">Journal of Microbial &amp; Biochemical Technology (ISSN: 1948-5948)<\/a>&#8220;.<\/p>\n<p>T\u00edtulo do trabalho:<br \/>\n\u201cProduction of new beverage: Yogurt with Mushroom\u201d<\/p>\n<p style=\"text-align: justify\"><a href=\"http:\/\/www.ifbaiano.edu.br\/unidades\/santaines\/files\/2017\/12\/abstract-Production-of-new-beverage-Yogurt-with-Mushroom-VINICIUS-FIGUEIREDO.pdf\">abstract-Production of new beverage- Yogurt with Mushroom-VINICIUS FIGUEIREDO<\/a><\/p>\n<p style=\"text-align: justify\"><a href=\"http:\/\/www.ifbaiano.edu.br\/unidades\/santaines\/files\/2017\/12\/LETTER-OF-ACCEPTANCE-Vin\u00edcius-Reis-de-Figueir\u00eado.pdf\">LETTER OF ACCEPTANCE &#8211; Vin\u00edcius Reis de Figueir\u00eado<\/a><\/p>\n<hr \/>\n<p style=\"text-align: justify\">Vin\u00edcius Reis de Figueir\u00eado \u00e9 Professor do IF Baiano Campus Santa In\u00eas. Leciona as disciplinas: Microbiologia geral, Trabalho de Conclus\u00e3o de Curso I e II. \u00c9 Doutor em Microbiologia Agr\u00edcola pela UFLA\/MG. Realizou Doutorado Sanduiche na Universidad Castilla-La Mancha, (Albacete) e Centro de Investigaci\u00f3n, Experimentaci\u00f3n y Servicios del Champi\u00f1\u00f3n (Quintanar del Rey), ESPA\u00d1A. Pesquisa com Camadas de cobertura, Suplementos e Vari\u00e1veis f\u00edsico-qu\u00edmicas, biol\u00f3gicas e clim\u00e1ticas para os cultivos de A. bisporus e A. subrufescens. Fez Mestrado em Produ\u00e7\u00e3o Vegetal pela Universidade Estadual de Santa Cruz-UESC e Especializa\u00e7\u00e3o em Manejo de Doen\u00e7as de Plantas pela Universidade Federal de Lavras-UFLA. Possui gradua\u00e7\u00e3o em Engenharia Agron\u00f4mica pela Universidade Estadual de Santa Cruz-UESC (2004). <a href=\"http:\/\/buscatextual.cnpq.br\/buscatextual\/visualizacv.do?id=K4753163A1\">Curr\u00edculo Lattes<\/a><\/p>\n<hr \/>\n<p>&nbsp;<\/p>\n","protected":false},"excerpt":{"rendered":"<p>A pesquisa culminou em dep\u00f3sito de Patente de Inven\u00e7\u00e3o no INPI-Brasil<\/p>\n","protected":false},"author":86,"featured_media":0,"comment_status":"closed","ping_status":"closed","sticky":false,"template":"","format":"standard","meta":[],"categories":[4,5,10],"tags":[],"_links":{"self":[{"href":"https:\/\/www.ifbaiano.edu.br\/unidades\/santaines\/wp-json\/wp\/v2\/posts\/9365"}],"collection":[{"href":"https:\/\/www.ifbaiano.edu.br\/unidades\/santaines\/wp-json\/wp\/v2\/posts"}],"about":[{"href":"https:\/\/www.ifbaiano.edu.br\/unidades\/santaines\/wp-json\/wp\/v2\/types\/post"}],"author":[{"embeddable":true,"href":"https:\/\/www.ifbaiano.edu.br\/unidades\/santaines\/wp-json\/wp\/v2\/users\/86"}],"replies":[{"embeddable":true,"href":"https:\/\/www.ifbaiano.edu.br\/unidades\/santaines\/wp-json\/wp\/v2\/comments?post=9365"}],"version-history":[{"count":3,"href":"https:\/\/www.ifbaiano.edu.br\/unidades\/santaines\/wp-json\/wp\/v2\/posts\/9365\/revisions"}],"predecessor-version":[{"id":9371,"href":"https:\/\/www.ifbaiano.edu.br\/unidades\/santaines\/wp-json\/wp\/v2\/posts\/9365\/revisions\/9371"}],"wp:attachment":[{"href":"https:\/\/www.ifbaiano.edu.br\/unidades\/santaines\/wp-json\/wp\/v2\/media?parent=9365"}],"wp:term":[{"taxonomy":"category","embeddable":true,"href":"https:\/\/www.ifbaiano.edu.br\/unidades\/santaines\/wp-json\/wp\/v2\/categories?post=9365"},{"taxonomy":"post_tag","embeddable":true,"href":"https:\/\/www.ifbaiano.edu.br\/unidades\/santaines\/wp-json\/wp\/v2\/tags?post=9365"}],"curies":[{"name":"wp","href":"https:\/\/api.w.org\/{rel}","templated":true}]}}