{"id":9380,"date":"2017-12-11T15:19:20","date_gmt":"2017-12-11T18:19:20","guid":{"rendered":"http:\/\/www.ifbaiano.edu.br\/unidades\/santaines\/?p=9380"},"modified":"2017-12-21T10:21:49","modified_gmt":"2017-12-21T13:21:49","slug":"sistematizacao-de-experiencias-if-baiano-campus-santa-ines","status":"publish","type":"post","link":"https:\/\/www.ifbaiano.edu.br\/unidades\/santaines\/sistematizacao-de-experiencias-if-baiano-campus-santa-ines\/","title":{"rendered":"&#8220;Sistematiza\u00e7\u00e3o de Experi\u00eancias&#8221; &#8211; IF Baiano Campus Santa In\u00eas"},"content":{"rendered":"<hr \/>\n<p style=\"text-align: right\" align=\"justify\"><a href=\"http:\/\/www.ifbaiano.edu.br\/unidades\/santaines\/files\/2017\/11\/BANNER.jpg\"><img decoding=\"async\" loading=\"lazy\" class=\"alignnone size-full wp-image-9141\" src=\"http:\/\/www.ifbaiano.edu.br\/unidades\/santaines\/files\/2017\/11\/BANNER.jpg\" alt=\"BANNER\" width=\"233\" height=\"220\" \/><\/a><\/p>\n<p style=\"text-align: justify\" align=\"justify\"><span style=\"font-size: medium\">Aconteceu na VII Semana de Atualiza\u00e7\u00e3o T\u00e9cnico-Profissional, dia 08 de dezembro, a oficina Sistematiza\u00e7\u00e3o de Experi\u00eancias, com carga hor\u00e1ria de 8 (oito) horas, ministrada pela prof. Rita Vieira Garcia. <\/span><span style=\"font-size: medium\">O objetivo da oficina foi realizar uma reflex\u00e3o coletiva a partir da viv\u00eancia no projeto de extens\u00e3o Arte e Inclus\u00e3o digital na ro\u00e7a\u00a0 &#8211; Projeto Margaridas do Campus Santa In\u00eas \u2013 coordenado pela prof. Cl\u00e1udia Bocchese de Lima cujo prop\u00f3sito foi contribuir com o despertar da criatividade das mulheres da Associa\u00e7\u00e3o de Moradores do Assentamento Natur de Assis por meio da confec\u00e7\u00e3o de artesanatos e do letramento em inform\u00e1tica. <\/span><\/p>\n<p style=\"text-align: justify\" align=\"justify\"><span style=\"font-size: medium\">A ideia da oficina Sistematiza\u00e7\u00e3o de Experi\u00eancias foi possibilitar aos participantes do projeto (assentadas, bolsista, volunt\u00e1ria e coordenadora), de forma participativa, se apropriarem da experi\u00eancia para constru\u00e7\u00e3o do sentido de sua viv\u00eancia. Essa proposta metodol\u00f3gica permite que os protagonistas sejam instigados a repensarem sobre o aprendizado, as habilidades desenvolvidas e compartilhadas no projeto para aplica\u00e7\u00e3o na sua vida, de sua fam\u00edlia e da comunidade.\u00a0<\/span><span style=\"font-size: medium\">O dia foi marcado por problematiza\u00e7\u00e3o, poesia, m\u00fasica e a pintura de uma tela, pelo artista local Anerildo Modesto, na qual expressou os sonhos e projetos das mulheres participantes do projeto.<\/span><\/p>\n<p style=\"text-align: justify\" align=\"justify\"><a href=\"http:\/\/www.ifbaiano.edu.br\/unidades\/santaines\/files\/2017\/12\/Rita-3.jpg\"><img decoding=\"async\" loading=\"lazy\" class=\"alignnone wp-image-9383\" src=\"http:\/\/www.ifbaiano.edu.br\/unidades\/santaines\/files\/2017\/12\/Rita-3.jpg\" alt=\"Rita 3\" width=\"276\" height=\"158\" \/><\/a><a href=\"http:\/\/www.ifbaiano.edu.br\/unidades\/santaines\/files\/2017\/12\/Rita-1.jpg\">\u00a0<img decoding=\"async\" loading=\"lazy\" class=\"alignnone wp-image-9381\" src=\"http:\/\/www.ifbaiano.edu.br\/unidades\/santaines\/files\/2017\/12\/Rita-1.jpg\" alt=\"Rita 1\" width=\"222\" height=\"156\" \/><\/a> <a href=\"http:\/\/www.ifbaiano.edu.br\/unidades\/santaines\/files\/2017\/12\/Rita-2.jpg\"><img decoding=\"async\" loading=\"lazy\" class=\"alignnone wp-image-9382\" src=\"http:\/\/www.ifbaiano.edu.br\/unidades\/santaines\/files\/2017\/12\/Rita-2.jpg\" alt=\"Rita 2\" width=\"208\" height=\"156\" \/><\/a><\/p>\n<hr \/>\n<p align=\"justify\">\n","protected":false},"excerpt":{"rendered":"<p>Oficina aconteceu dia 08 de dezembro, na VII Semana de Atualiza\u00e7\u00e3o T\u00e9cnico-Profissional<\/p>\n","protected":false},"author":86,"featured_media":0,"comment_status":"closed","ping_status":"closed","sticky":false,"template":"","format":"standard","meta":[],"categories":[4,5,37,10,57],"tags":[],"_links":{"self":[{"href":"https:\/\/www.ifbaiano.edu.br\/unidades\/santaines\/wp-json\/wp\/v2\/posts\/9380"}],"collection":[{"href":"https:\/\/www.ifbaiano.edu.br\/unidades\/santaines\/wp-json\/wp\/v2\/posts"}],"about":[{"href":"https:\/\/www.ifbaiano.edu.br\/unidades\/santaines\/wp-json\/wp\/v2\/types\/post"}],"author":[{"embeddable":true,"href":"https:\/\/www.ifbaiano.edu.br\/unidades\/santaines\/wp-json\/wp\/v2\/users\/86"}],"replies":[{"embeddable":true,"href":"https:\/\/www.ifbaiano.edu.br\/unidades\/santaines\/wp-json\/wp\/v2\/comments?post=9380"}],"version-history":[{"count":6,"href":"https:\/\/www.ifbaiano.edu.br\/unidades\/santaines\/wp-json\/wp\/v2\/posts\/9380\/revisions"}],"predecessor-version":[{"id":9389,"href":"https:\/\/www.ifbaiano.edu.br\/unidades\/santaines\/wp-json\/wp\/v2\/posts\/9380\/revisions\/9389"}],"wp:attachment":[{"href":"https:\/\/www.ifbaiano.edu.br\/unidades\/santaines\/wp-json\/wp\/v2\/media?parent=9380"}],"wp:term":[{"taxonomy":"category","embeddable":true,"href":"https:\/\/www.ifbaiano.edu.br\/unidades\/santaines\/wp-json\/wp\/v2\/categories?post=9380"},{"taxonomy":"post_tag","embeddable":true,"href":"https:\/\/www.ifbaiano.edu.br\/unidades\/santaines\/wp-json\/wp\/v2\/tags?post=9380"}],"curies":[{"name":"wp","href":"https:\/\/api.w.org\/{rel}","templated":true}]}}