{"id":9408,"date":"2017-12-21T10:21:28","date_gmt":"2017-12-21T13:21:28","guid":{"rendered":"http:\/\/www.ifbaiano.edu.br\/unidades\/santaines\/?p=9408"},"modified":"2017-12-22T08:34:02","modified_gmt":"2017-12-22T11:34:02","slug":"trabalho-apresentado-por-estudante-do-if-baiano-campus-santa-ines-durante-o-ii-congresso-internacional-das-ciencias-agrarias-obtem-reconhecimento-maximo","status":"publish","type":"post","link":"https:\/\/www.ifbaiano.edu.br\/unidades\/santaines\/trabalho-apresentado-por-estudante-do-if-baiano-campus-santa-ines-durante-o-ii-congresso-internacional-das-ciencias-agrarias-obtem-reconhecimento-maximo\/","title":{"rendered":"Trabalho apresentado por estudante do IF Baiano Campus Santa In\u00eas obt\u00e9m reconhecimento m\u00e1ximo"},"content":{"rendered":"<hr \/>\n<div id=\"attachment_9409\" style=\"width: 325px\" class=\"wp-caption alignright\"><a href=\"http:\/\/www.ifbaiano.edu.br\/unidades\/santaines\/files\/2017\/12\/1644488c-3390-4c9d-87b9-2ff6724cc437.jpg\"><img aria-describedby=\"caption-attachment-9409\" decoding=\"async\" loading=\"lazy\" class=\"wp-image-9409\" src=\"http:\/\/www.ifbaiano.edu.br\/unidades\/santaines\/files\/2017\/12\/1644488c-3390-4c9d-87b9-2ff6724cc437.jpg\" alt=\"1644488c-3390-4c9d-87b9-2ff6724cc437\" width=\"315\" height=\"184\" \/><\/a><p id=\"caption-attachment-9409\" class=\"wp-caption-text\">Emerson Barbosa dos Santos<\/p><\/div>\n<p style=\"text-align: justify\">O\u00a0projeto de extens\u00e3o &#8220;REUTILIZA\u00c7\u00c3O DE EMBALAGENS LONGA VIDA PARA ISOLAMENTO T\u00c9RMICO DE C\u00cdRCULOS DE PROTE\u00c7\u00c3O PARA PINTOS DE UM DIA&#8221; desenvolvido pelos estudantes do Grupo de Estudos Galileu Galilei do IF Baiano Campus Santa In\u00eas, na comunidade Mutuipinho-Mutu\u00edpe-BA, obteve o reconhecimento m\u00e1ximo durante o II CONGRESSO INTERNACIONAL DAS CI\u00caNCIAS AGR\u00c1RIAS \u2013 II COINTER &#8211; PDVAGRO 2017, na modalidade Relato de Experi\u00eancia.<\/p>\n<p style=\"text-align: justify\">O trabalho, de autoria de Mateus de Sousa Pereira, Emerson Barbosa da Silva, Rog\u00e9rio Moreira de Almeida e K\u00e1iron Santana da Silva,\u00a0 orientado pelo Professor do Campus, Cleber de Souza Silva, foi apresentado pelo estudante do Curso T\u00e9cnico em Inform\u00e1tica, Emerson Barbosa dos Santos.<\/p>\n<p style=\"text-align: justify\">O evento aconteceu em Natal &#8211; RN no per\u00edodo de 04 a 08\/12\/2017.<\/p>\n<p><a href=\"http:\/\/www.ifbaiano.edu.br\/unidades\/santaines\/files\/2017\/12\/4d1a1bc6-7ef7-462b-b804-5b6fb0ce19cc.jpg\"><img decoding=\"async\" loading=\"lazy\" class=\"wp-image-9412 alignleft\" src=\"http:\/\/www.ifbaiano.edu.br\/unidades\/santaines\/files\/2017\/12\/4d1a1bc6-7ef7-462b-b804-5b6fb0ce19cc.jpg\" alt=\"4d1a1bc6-7ef7-462b-b804-5b6fb0ce19cc\" width=\"407\" height=\"232\" \/><\/a><img decoding=\"async\" loading=\"lazy\" class=\"wp-image-9411 alignleft\" src=\"http:\/\/www.ifbaiano.edu.br\/unidades\/santaines\/files\/2017\/12\/Sem-t\u00edtulo.jpg\" alt=\"Sem t\u00edtulo\" width=\"351\" height=\"245\" \/><\/p>\n<p>&nbsp;<\/p>\n<p>&nbsp;<\/p>\n<p>&nbsp;<\/p>\n<p>&nbsp;<\/p>\n<p>&nbsp;<\/p>\n<p>&nbsp;<\/p>\n<p>&nbsp;<\/p>\n<hr \/>\n<p>&nbsp;<\/p>\n<p>Cr\u00e9dito das fotos: Denner Matos Roma<\/p>\n<hr \/>\n<p>&nbsp;<\/p>\n","protected":false},"excerpt":{"rendered":"<p>O trabalho foi apresentado durante o II CONGRESSO INTERNACIONAL DAS CI\u00caNCIAS AGR\u00c1RIAS \u2013 II COINTER &#8211; PDVAGRO 2017, na modalidade Relato de Experi\u00eancia.<\/p>\n","protected":false},"author":86,"featured_media":0,"comment_status":"closed","ping_status":"closed","sticky":false,"template":"","format":"standard","meta":[],"categories":[4,5,10,57],"tags":[],"_links":{"self":[{"href":"https:\/\/www.ifbaiano.edu.br\/unidades\/santaines\/wp-json\/wp\/v2\/posts\/9408"}],"collection":[{"href":"https:\/\/www.ifbaiano.edu.br\/unidades\/santaines\/wp-json\/wp\/v2\/posts"}],"about":[{"href":"https:\/\/www.ifbaiano.edu.br\/unidades\/santaines\/wp-json\/wp\/v2\/types\/post"}],"author":[{"embeddable":true,"href":"https:\/\/www.ifbaiano.edu.br\/unidades\/santaines\/wp-json\/wp\/v2\/users\/86"}],"replies":[{"embeddable":true,"href":"https:\/\/www.ifbaiano.edu.br\/unidades\/santaines\/wp-json\/wp\/v2\/comments?post=9408"}],"version-history":[{"count":16,"href":"https:\/\/www.ifbaiano.edu.br\/unidades\/santaines\/wp-json\/wp\/v2\/posts\/9408\/revisions"}],"predecessor-version":[{"id":9427,"href":"https:\/\/www.ifbaiano.edu.br\/unidades\/santaines\/wp-json\/wp\/v2\/posts\/9408\/revisions\/9427"}],"wp:attachment":[{"href":"https:\/\/www.ifbaiano.edu.br\/unidades\/santaines\/wp-json\/wp\/v2\/media?parent=9408"}],"wp:term":[{"taxonomy":"category","embeddable":true,"href":"https:\/\/www.ifbaiano.edu.br\/unidades\/santaines\/wp-json\/wp\/v2\/categories?post=9408"},{"taxonomy":"post_tag","embeddable":true,"href":"https:\/\/www.ifbaiano.edu.br\/unidades\/santaines\/wp-json\/wp\/v2\/tags?post=9408"}],"curies":[{"name":"wp","href":"https:\/\/api.w.org\/{rel}","templated":true}]}}