{"id":9445,"date":"2018-01-31T14:26:13","date_gmt":"2018-01-31T17:26:13","guid":{"rendered":"http:\/\/www.ifbaiano.edu.br\/unidades\/santaines\/?p=9445"},"modified":"2018-02-21T10:48:06","modified_gmt":"2018-02-21T13:48:06","slug":"editais-de-matriculas-para-ingressos-de-estudantes-nos-cursos-tecnicos-integrados-e-subsequentes","status":"publish","type":"post","link":"https:\/\/www.ifbaiano.edu.br\/unidades\/santaines\/editais-de-matriculas-para-ingressos-de-estudantes-nos-cursos-tecnicos-integrados-e-subsequentes\/","title":{"rendered":"Divulgada a 2\u00aa Chamada para matr\u00edcula dos candidatos &#8211; PROSEL 2018"},"content":{"rendered":"<hr \/>\n<h1 style=\"text-align: justify\"><span style=\"text-decoration: underline\"><strong>Rela\u00e7\u00e3o dos candidatos aptos para matr\u00edcula na 2\u00aa Chamada<\/strong><\/span><\/h1>\n<p style=\"text-align: justify\">Clique no link correspondente ao curso:<\/p>\n<p style=\"text-align: justify\"><strong><a href=\"http:\/\/www.ifbaiano.edu.br\/unidades\/santaines\/files\/2018\/01\/T\u00e9cnico-em-Zootecnia-2\u00aa-chamada-Santa-In\u00eas.pdf\">T\u00e9cnico em Zootecnia<\/a> &#8211; 2\u00aa chamada Santa In\u00eas<\/strong><\/p>\n<p style=\"text-align: justify\"><strong><a href=\"http:\/\/www.ifbaiano.edu.br\/unidades\/santaines\/files\/2018\/01\/T\u00e9cnico-em-Inform\u00e1tica-2\u00aa-chamada-Santa-In\u00eas.pdf\">T\u00e9cnico em Inform\u00e1tica<\/a> &#8211; 2\u00aa chamada &#8211; Santa In\u00eas<\/strong><\/p>\n<p style=\"text-align: justify\"><strong><a href=\"http:\/\/www.ifbaiano.edu.br\/unidades\/santaines\/files\/2018\/01\/T\u00e9cnico-em-Alimentos-2\u00aa-chamada-Santa-In\u00eas.pdf\">T\u00e9cnico em Alimentos<\/a> &#8211; 2\u00aa chamada Santa In\u00eas<\/strong><\/p>\n<p style=\"text-align: justify\"><strong><a href=\"http:\/\/www.ifbaiano.edu.br\/unidades\/santaines\/files\/2018\/01\/T\u00e9cnico-em-Agropecu\u00e1ria-2\u00aa-chamada-Santa-In\u00eas.pdf\">T\u00e9cnico em Agropecu\u00e1ria <\/a>&#8211; 2\u00aa chamada Santa In\u00eas<\/strong><\/p>\n<p style=\"text-align: justify\"><span style=\"color: #ff0000\">ATEN\u00c7\u00c3O:<\/span> Leia as informa\u00e7\u00f5es abaixo e os Editais para saber todas as informa\u00e7\u00f5es em rela\u00e7\u00e3o \u00e0s matr\u00edculas.<\/p>\n<hr \/>\n<p style=\"text-align: justify\"><span style=\"text-decoration: underline\"><strong>Cronograma de Matr\u00edculas<\/strong><\/span><\/p>\n<p style=\"text-align: justify\"><span style=\"color: #ffffff\">.<\/span><\/p>\n<p style=\"text-align: justify\"><strong>Primeira Chamada &#8211;\u00a0<\/strong>Per\u00edodo: 23 a 26 e 29\/01\/2018<\/p>\n<p style=\"text-align: justify\">Divulga\u00e7\u00e3o da rela\u00e7\u00e3o de candidatos classificados at\u00e9 o limite das Vagas Remanescentes para preenchimento de vagas na Segunda Chamada: 31\/01\/2018, \u00e0s 17:00h<\/p>\n<p style=\"text-align: justify\"><span style=\"color: #ffffff\">.<\/span><\/p>\n<p style=\"text-align: justify\"><strong>Segunda Chamada &#8211;\u00a0<\/strong>Per\u00edodo: 05 a 09\/02\/2018 (candidatos em lista de espera, obedecendo a ordem de classifica\u00e7\u00e3o)<\/p>\n<p style=\"text-align: justify\"><span style=\"color: #ffffff\">.<\/span><\/p>\n<p style=\"text-align: justify\">As Matr\u00edculas da Primeira e Segunda Chamadas ser\u00e3o realizadas na Secretaria de Registros Acad\u00eamicos &#8211; SRA, no Campus Santa In\u00eas, nos seguintes hor\u00e1rios: 08:00h \u00e0s 11:30h e 13:00h \u00e0s 16:30h<\/p>\n<p style=\"text-align: justify\">Endere\u00e7o: Rodovia BR 420 \u2013 KM 2,5 \u2013 Santa In\u00eas\/Uba\u00edra- Telefone: (73) 3536-1210 \u2013 Ramal 109<\/p>\n<p style=\"text-align: justify\"><span style=\"color: #ffffff\">.<\/span><\/p>\n<p style=\"text-align: justify\"><strong>N\u00e3o sendo preenchidas as vagas ofertadas na Primeira e Segunda Chamadas, ser\u00e1 realizada uma Terceira Chamada<\/strong><\/p>\n<p style=\"text-align: justify\">Divulga\u00e7\u00e3o do n\u00famero de vagas Remanescentes\u00a0e rela\u00e7\u00e3o de candidatos classificados para a Chamada P\u00fablica: 21\/02\/2018, \u00e0s 17:00h<\/p>\n<p style=\"text-align: justify\"><b><\/b>A rela\u00e7\u00e3o de candidatos classificados convocados para a Terceira Chamada ser\u00e1 correspondente ao quantitativo de candidatos 5 (cinco) vezes o n\u00famero de vagas ainda existentes (vagas remanescentes), que ser\u00e3o pr\u00e9-matriculados pela ordem de classifica\u00e7\u00e3o at\u00e9 o preenchimento das vagas.<\/p>\n<p style=\"text-align: justify\"><span style=\"color: #ffffff\">.<\/span><\/p>\n<p style=\"text-align: justify\"><strong>Terceira Chamada &#8211;\u00a0<\/strong>Dia 01\/03\/2018 (candidatos em lista de espera, obedecendo a ordem de classifica\u00e7\u00e3o e conforme o n\u00famero de vagas remanescentes)<\/p>\n<p style=\"text-align: justify\">Local:\u00a0Audit\u00f3rio da Biblioteca do Campus Santa In\u00eas &#8211; Endere\u00e7o: Rodovia BR 420 \u2013 KM 2,5 \u2013 Santa In\u00eas\/Uba\u00edra- Telefone: (73) 3536-1210 \u2013 Ramal 109<\/p>\n<p style=\"text-align: justify\">Hor\u00e1rio: 9:45h<\/p>\n<p style=\"text-align: justify\">Todos os candidatos convocados para pleitear a vaga da Terceira Chamada devem comparecer ao local, no hor\u00e1rio discriminado e munidos de todos os documentos exigidos para realiza\u00e7\u00e3o da matr\u00edcula. (Ap\u00f3s, n\u00e3o ter\u00e3o direito a pleitear a vaga).<\/p>\n<p style=\"text-align: justify\"><span style=\"color: #ffffff\">.<\/span><\/p>\n<p style=\"text-align: justify\">Todas essas e demais informa\u00e7\u00f5es encontram-se nos Editais de Matr\u00edculas. Acessem:<\/p>\n<ul style=\"text-align: justify\">\n<li><strong><a href=\"http:\/\/www.ifbaiano.edu.br\/unidades\/santaines\/files\/2018\/01\/Edital_de_Matricula_2018_Integrado.pdf\" target=\"_blank\">Edital Cursos Integrados<\/a><\/strong><\/li>\n<\/ul>\n<ul style=\"text-align: justify\">\n<li><strong><a href=\"http:\/\/www.ifbaiano.edu.br\/unidades\/santaines\/files\/2018\/01\/Edital-de-Matr\u00edcula-2018-Subsequente.pdf\">Edital Cursos Subsequentes<\/a><\/strong><\/li>\n<\/ul>\n<p><strong>Acompanhe tamb\u00e9m as publica\u00e7\u00f5es na <a href=\"http:\/\/ifbaiano.edu.br\/portal\/ingresso-de-estudantes-2018\/\">P\u00e1gina oficial do Ingresso de Estudantes 2018 do IF Baiano<\/a><\/strong><\/p>\n<hr \/>\n<p>IF Baiano &#8211; <em>Campus<\/em> Santa In\u00eas \/ Diretoria Acad\u00eamica \/ Coordena\u00e7\u00e3o de Ensino<\/p>\n<hr \/>\n<p>&nbsp;<\/p>\n","protected":false},"excerpt":{"rendered":"<p>As Matr\u00edculas ser\u00e3o realizadas na Secretaria de Registros Acad\u00eamicos &#8211; SRA, no Campus Santa In\u00eas, nos seguintes hor\u00e1rios: 08:00h \u00e0s 11:30h e 13:00h \u00e0s 16:30h<\/p>\n","protected":false},"author":7,"featured_media":0,"comment_status":"closed","ping_status":"closed","sticky":false,"template":"","format":"standard","meta":[],"categories":[13,5,10,8,57],"tags":[],"_links":{"self":[{"href":"https:\/\/www.ifbaiano.edu.br\/unidades\/santaines\/wp-json\/wp\/v2\/posts\/9445"}],"collection":[{"href":"https:\/\/www.ifbaiano.edu.br\/unidades\/santaines\/wp-json\/wp\/v2\/posts"}],"about":[{"href":"https:\/\/www.ifbaiano.edu.br\/unidades\/santaines\/wp-json\/wp\/v2\/types\/post"}],"author":[{"embeddable":true,"href":"https:\/\/www.ifbaiano.edu.br\/unidades\/santaines\/wp-json\/wp\/v2\/users\/7"}],"replies":[{"embeddable":true,"href":"https:\/\/www.ifbaiano.edu.br\/unidades\/santaines\/wp-json\/wp\/v2\/comments?post=9445"}],"version-history":[{"count":15,"href":"https:\/\/www.ifbaiano.edu.br\/unidades\/santaines\/wp-json\/wp\/v2\/posts\/9445\/revisions"}],"predecessor-version":[{"id":9631,"href":"https:\/\/www.ifbaiano.edu.br\/unidades\/santaines\/wp-json\/wp\/v2\/posts\/9445\/revisions\/9631"}],"wp:attachment":[{"href":"https:\/\/www.ifbaiano.edu.br\/unidades\/santaines\/wp-json\/wp\/v2\/media?parent=9445"}],"wp:term":[{"taxonomy":"category","embeddable":true,"href":"https:\/\/www.ifbaiano.edu.br\/unidades\/santaines\/wp-json\/wp\/v2\/categories?post=9445"},{"taxonomy":"post_tag","embeddable":true,"href":"https:\/\/www.ifbaiano.edu.br\/unidades\/santaines\/wp-json\/wp\/v2\/tags?post=9445"}],"curies":[{"name":"wp","href":"https:\/\/api.w.org\/{rel}","templated":true}]}}