{"id":958,"date":"2012-01-12T13:44:48","date_gmt":"2012-01-12T16:44:48","guid":{"rendered":"http:\/\/www.ifbaiano.edu.br\/unidades\/santaines\/?p=958"},"modified":"2012-01-23T08:16:35","modified_gmt":"2012-01-23T11:16:35","slug":"958","status":"publish","type":"post","link":"https:\/\/www.ifbaiano.edu.br\/unidades\/santaines\/958\/","title":{"rendered":"Espet\u00e1culo \u201cA triste Partida\u201d lota audit\u00f3rio do IF Baiano \u2013 Campus Santa In\u00eas."},"content":{"rendered":"<p style=\"text-align: justify\">Aconteceu hoje (12\/01\/2012) a apresenta\u00e7\u00e3o da pe\u00e7a \u201cA triste partida\u201d, encenada pela turma do 2\u00ba A, com orienta\u00e7\u00e3o do professor de geografia, Ednei Concei\u00e7\u00e3o. A hist\u00f3ria retrata, a partir da vis\u00e3o dos pr\u00f3prios alunos, o processo de \u00eaxodo rural. Em apenas 40 minutos, o espet\u00e1culo (que \u00e9 como pode ser definido), fez uso de um v\u00eddeo em meio \u00e0 apresenta\u00e7\u00e3o, al\u00e9m de m\u00fasica ao vivo, com a participa\u00e7\u00e3o da professora de Artes, Michal Sivieiro Figueiredo, no teclado, e de voz e viol\u00e3o com os alunos Jeandison e Aldair Portugal.<\/p>\n<div id=\"attachment_946\" style=\"width: 310px\" class=\"wp-caption alignright\"><a href=\"http:\/\/www.ifbaiano.edu.br\/unidades\/santaines\/files\/2012\/01\/Atores-em-momento-dramatico.jpg\"><img aria-describedby=\"caption-attachment-946\" decoding=\"async\" loading=\"lazy\" class=\"size-medium wp-image-946\" src=\"http:\/\/www.ifbaiano.edu.br\/unidades\/santaines\/files\/2012\/01\/Atores-em-momento-dramatico-300x225.jpg\" alt=\"\" width=\"300\" height=\"225\" srcset=\"https:\/\/www.ifbaiano.edu.br\/unidades\/santaines\/files\/2012\/01\/Atores-em-momento-dramatico-300x225.jpg 300w, https:\/\/www.ifbaiano.edu.br\/unidades\/santaines\/files\/2012\/01\/Atores-em-momento-dramatico-400x300.jpg 400w, https:\/\/www.ifbaiano.edu.br\/unidades\/santaines\/files\/2012\/01\/Atores-em-momento-dramatico.jpg 1024w\" sizes=\"(max-width: 300px) 100vw, 300px\" \/><\/a><p id=\"caption-attachment-946\" class=\"wp-caption-text\">Atores em momento dram\u00e1tico<\/p><\/div>\n<p style=\"text-align: justify\">Talvez por isso tudo, al\u00e9m de um texto divertido e din\u00e2mico, um cen\u00e1rio bem criativo e elaborado e tamb\u00e9m o esfor\u00e7o dos participantes, conseguiu superlotar o audit\u00f3rio, fazendo com que muitos alunos tivessem que assistir em p\u00e9 ou mesmo sentados no ch\u00e3o, o que n\u00e3o foi motivo para desist\u00eancias em nenhum momento, todos permaneceram at\u00e9 o fim.<\/p>\n<p style=\"text-align: justify\">Ain\u00e3 Lisboa, uma das autoras, conversou com o Setor de Comunica\u00e7\u00e3o e Audiovisual (SECOM-AV) e falou sobre a pe\u00e7a e os planos futuros:<\/p>\n<p class=\"size-thumbnail wp-image-948\">\u00a0<strong>1 &#8211; Como voc\u00ea acha que foi a recep\u00e7\u00e3o da pe\u00e7a pelo p\u00fablico presente? <\/strong><br \/>\nResp.: Acho que a pe\u00e7a foi bem recebida, as pessoas gostaram e elogiaram muito, fiquei muito feliz por isso. Foi mais bem recebida do que eu imaginava!<\/p>\n<div id=\"attachment_948\" style=\"width: 160px\" class=\"wp-caption alignleft\"><a href=\"http:\/\/www.ifbaiano.edu.br\/unidades\/santaines\/files\/2012\/01\/Insercao-multimidia-no-espetaculo.jpg\"><img aria-describedby=\"caption-attachment-948\" decoding=\"async\" loading=\"lazy\" class=\"size-thumbnail wp-image-948\" src=\"http:\/\/www.ifbaiano.edu.br\/unidades\/santaines\/files\/2012\/01\/Insercao-multimidia-no-espetaculo-150x150.jpg\" alt=\"\" width=\"150\" height=\"150\" \/><\/a><p id=\"caption-attachment-948\" class=\"wp-caption-text\">Inser\u00e7\u00e3o multim\u00eddia no espet\u00e1culo<\/p><\/div>\n<p style=\"text-align: justify\"><strong>2 &#8211; Essa pe\u00e7a valia nota, este foi o motivo da apresenta\u00e7\u00e3o. Como foi a recep\u00e7\u00e3o do professor Ednei?<\/strong><br \/>\nResp.: Sim, vale 6 pontos!Ele n\u00e3o falou muito, mas pelo que percebemos ele gostou. Esperamos que ele d\u00ea a nota m\u00e1xima! (risos)<\/p>\n<p style=\"text-align: justify\"><strong>3 &#8211; Essa pe\u00e7a termina por aqui ou haver\u00e3o outras apresenta\u00e7\u00f5es?<\/strong><br \/>\nResp.: Queremos fazer outra apresenta\u00e7\u00e3o para o curso superior daqui do IF, al\u00e9m disso, fomos convidados para apresentar a pe\u00e7a em Uba\u00edra, no Col\u00e9gio Municipal.<\/p>\n<p style=\"text-align: justify\"><strong>4 &#8211; E outros espet\u00e1culos montados pela mesma equipe, acontecer\u00e3o?<\/strong><br \/>\nResp.: Sim, no pr\u00f3ximo ano estamos com uma proposta de apresenta\u00e7\u00e3o com o professor Antonio Brito (Portugu\u00eas). Provavelmente ser\u00e1 uma adapta\u00e7\u00e3o de algum livro da literatura brasileira. Al\u00e9m disso, o professor Sebasti\u00e3o tamb\u00e9m tem propostas de pe\u00e7as para o pr\u00f3ximo ano letivo.<\/p>\n<div id=\"attachment_950\" style=\"width: 310px\" class=\"wp-caption alignright\"><a href=\"http:\/\/www.ifbaiano.edu.br\/unidades\/santaines\/files\/2012\/01\/Publico-superlotou-o-auditorio.jpg\"><img aria-describedby=\"caption-attachment-950\" decoding=\"async\" loading=\"lazy\" class=\"size-medium wp-image-950\" src=\"http:\/\/www.ifbaiano.edu.br\/unidades\/santaines\/files\/2012\/01\/Publico-superlotou-o-auditorio-300x225.jpg\" alt=\"\" width=\"300\" height=\"225\" srcset=\"https:\/\/www.ifbaiano.edu.br\/unidades\/santaines\/files\/2012\/01\/Publico-superlotou-o-auditorio-300x225.jpg 300w, https:\/\/www.ifbaiano.edu.br\/unidades\/santaines\/files\/2012\/01\/Publico-superlotou-o-auditorio-400x300.jpg 400w, https:\/\/www.ifbaiano.edu.br\/unidades\/santaines\/files\/2012\/01\/Publico-superlotou-o-auditorio.jpg 1024w\" sizes=\"(max-width: 300px) 100vw, 300px\" \/><\/a><p id=\"caption-attachment-950\" class=\"wp-caption-text\">P\u00fablico superlotou o audit\u00f3rio<\/p><\/div>\n<p style=\"text-align: justify\">Mais fotos podem ser visualizadas em nossa p\u00e1gina no facebook. Acesse:<br \/>\n<span style=\"color: #0000ff\"><a href=\"http:\/\/www.facebook.com\/profile.php?id=100003227175737\"><span style=\"color: #0000ff\">http:\/\/www.facebook.com\/profile.php?id=100003227175737<\/span><\/a><\/span><\/p>\n<p style=\"text-align: justify\"><em>Colabora\u00e7\u00e3o e Fotografias: Rosana Melo (2\u00ba C)<\/p>\n<p><\/em><\/p>\n","protected":false},"excerpt":{"rendered":"<p>Aconteceu hoje (12\/01\/2012) a apresenta\u00e7\u00e3o da pe\u00e7a \u201cA triste partida\u201d, encenada pela turma do 2\u00ba A, com orienta\u00e7\u00e3o do professor de geografia, Ednei Concei\u00e7\u00e3o. A hist\u00f3ria retrata, a partir da vis\u00e3o dos pr\u00f3prios alunos, o processo de \u00eaxodo rural. Em apenas 40 minutos, o espet\u00e1culo (que \u00e9 como pode ser definido), fez uso de um [&hellip;]<\/p>\n","protected":false},"author":26,"featured_media":0,"comment_status":"closed","ping_status":"closed","sticky":false,"template":"","format":"standard","meta":[],"categories":[10],"tags":[],"_links":{"self":[{"href":"https:\/\/www.ifbaiano.edu.br\/unidades\/santaines\/wp-json\/wp\/v2\/posts\/958"}],"collection":[{"href":"https:\/\/www.ifbaiano.edu.br\/unidades\/santaines\/wp-json\/wp\/v2\/posts"}],"about":[{"href":"https:\/\/www.ifbaiano.edu.br\/unidades\/santaines\/wp-json\/wp\/v2\/types\/post"}],"author":[{"embeddable":true,"href":"https:\/\/www.ifbaiano.edu.br\/unidades\/santaines\/wp-json\/wp\/v2\/users\/26"}],"replies":[{"embeddable":true,"href":"https:\/\/www.ifbaiano.edu.br\/unidades\/santaines\/wp-json\/wp\/v2\/comments?post=958"}],"version-history":[{"count":11,"href":"https:\/\/www.ifbaiano.edu.br\/unidades\/santaines\/wp-json\/wp\/v2\/posts\/958\/revisions"}],"predecessor-version":[{"id":14723,"href":"https:\/\/www.ifbaiano.edu.br\/unidades\/santaines\/wp-json\/wp\/v2\/posts\/958\/revisions\/14723"}],"wp:attachment":[{"href":"https:\/\/www.ifbaiano.edu.br\/unidades\/santaines\/wp-json\/wp\/v2\/media?parent=958"}],"wp:term":[{"taxonomy":"category","embeddable":true,"href":"https:\/\/www.ifbaiano.edu.br\/unidades\/santaines\/wp-json\/wp\/v2\/categories?post=958"},{"taxonomy":"post_tag","embeddable":true,"href":"https:\/\/www.ifbaiano.edu.br\/unidades\/santaines\/wp-json\/wp\/v2\/tags?post=958"}],"curies":[{"name":"wp","href":"https:\/\/api.w.org\/{rel}","templated":true}]}}