{"id":9787,"date":"2018-02-20T08:25:08","date_gmt":"2018-02-20T11:25:08","guid":{"rendered":"http:\/\/www.ifbaiano.edu.br\/unidades\/santaines\/?p=9787"},"modified":"2018-02-20T08:25:08","modified_gmt":"2018-02-20T11:25:08","slug":"implementacao-do-sei-no-if-baiano","status":"publish","type":"post","link":"https:\/\/www.ifbaiano.edu.br\/unidades\/santaines\/implementacao-do-sei-no-if-baiano\/","title":{"rendered":"Implementa\u00e7\u00e3o do SEI no IF Baiano"},"content":{"rendered":"<hr \/>\n<p class=\"western\" style=\"text-align: justify\" align=\"JUSTIFY\"><span lang=\"pt-BR\">&#8220;Desde o ano passado, o Instituto Federal Baiano (IF Baiano)\u00a0<\/span><span lang=\"pt-BR\">realiza\u00a0<\/span><span lang=\"pt-BR\">a<\/span><span lang=\"pt-BR\">\u00a0implementa\u00e7\u00e3o da plataforma de<\/span><span lang=\"pt-BR\"><i>software<\/i><\/span><span lang=\"pt-BR\">\u00a0<a href=\"http:\/\/ifbaiano.edu.br\/portal\/sei\/\" target=\"_blank\">Sistema Eletr\u00f4nico de Informa\u00e7\u00f5es (SEI)<\/a>\u00a0<\/span><span lang=\"pt-BR\">com o objetivo de dar celeridade ao funcionamento\u00a0<\/span><span lang=\"pt-BR\">das<\/span><span lang=\"pt-BR\">\u00a0atividades\u00a0<\/span><span lang=\"pt-BR\">na institui\u00e7\u00e3o<\/span><span lang=\"pt-BR\">.\u00a0<\/span><span lang=\"pt-BR\">Dentro do cronograma, em 2018, o Grupo de Trabalho (GT)\u00a0<\/span><span lang=\"pt-BR\">realizou tr\u00eas treinamentos virtuais com servidores atrav\u00e9s do\u00a0<\/span><span lang=\"pt-BR\"><i>Webinar\u00a0<\/i><\/span><span lang=\"pt-BR\">(webconfer\u00eancia\u00a0<\/span><span lang=\"pt-BR\">em que os participantes interagem via\u00a0<\/span><span lang=\"pt-BR\"><i>chat<\/i><\/span><span lang=\"pt-BR\">\u00a0seja\u00a0<\/span><span lang=\"pt-BR\">por<\/span><span lang=\"pt-BR\">\u00a0conversa\u00a0<\/span><span lang=\"pt-BR\">entre usu\u00e1rios<\/span><span lang=\"pt-BR\">\u00a0ou encaminhando perguntas ao palestrante).<\/span><\/p>\n<p class=\"western\" style=\"text-align: justify\" align=\"JUSTIFY\"><span lang=\"pt-BR\">Nesses treinamentos,\u00a0<\/span><span lang=\"pt-BR\">entre\u00a0<\/span><span lang=\"pt-BR\">os assuntos abordados,\u00a0<\/span><span lang=\"pt-BR\">estiveram\u00a0<\/span><span lang=\"pt-BR\">Processo Eletr\u00f4nico Nacional (PEN), bases legais, o SEI no IF Baiano, s\u00edtio eletr\u00f4nico do projeto SEI, acesso ao ambiente de treinamento, acesso\u00a0<\/span><span lang=\"pt-BR\">\u00e0<\/span><span lang=\"pt-BR\">ferramenta, interface, primeiro processo\u00a0<\/span><span lang=\"pt-BR\">(<\/span><span lang=\"pt-BR\">ajuste de acesso, como aprender mais, pr\u00f3ximas etapas<\/span><span lang=\"pt-BR\">)\u00a0<\/span><span lang=\"pt-BR\">e<\/span><span lang=\"pt-BR\">lan\u00e7amento do processo presta\u00e7\u00e3o de contas do ressarcimento de aux\u00edlio sa\u00fade<\/span><span lang=\"pt-BR\">. \u201cOs encontros virtuais ir\u00e3o acontecer sob demanda sempre que lan\u00e7armos um novo processo no sistema ou existir demanda da comunidade\u201d,\u00a0<\/span><span lang=\"pt-BR\">diz Victor Borges, membro do GT.<\/span><\/p>\n<p class=\"western\" style=\"text-align: justify\" align=\"JUSTIFY\"><span lang=\"pt-BR\">Borges lembra que o projeto piloto foi lan\u00e7ado no Gabinete da Reitoria. A partir do sistema, o setor passou a emitir of\u00edcios atrav\u00e9s da ferramenta. \u201cO que \u00e9 necess\u00e1rio entender \u00e9 que o SEI \u00e9 um sistema que precisa ser customizado e parametrizado para a realidade do instituto, assim como o\u00a0<\/span><span lang=\"pt-BR\">I<\/span><span lang=\"pt-BR\">nstituto precisa se adaptar a cultura de processos que \u00e9 utilizada pelo SEI. Dessa forma, \u00e9 necess\u00e1rio mapear, entender e documentar os processos do\u00a0<\/span><span lang=\"pt-BR\">I<\/span><span lang=\"pt-BR\">nstituto para depois inserir no sistema e disponibilizar para o servidor\u201d,\u00a0<\/span><span lang=\"pt-BR\">destaca.<\/span><\/p>\n<p class=\"western\" style=\"text-align: justify\" align=\"JUSTIFY\"><span lang=\"pt-BR\">Para a professora Milena Limoeiro,\u00a0<\/span><span lang=\"pt-BR\">lotada no n\u00facleo de agrimensura\u00a0<\/span><span lang=\"pt-BR\">do\u00a0<\/span><span lang=\"pt-BR\"><i>Campus<\/i><\/span><span lang=\"pt-BR\">\u00a0Uru\u00e7uca<\/span><span lang=\"pt-BR\">\u00a0e<\/span><span lang=\"pt-BR\">\u00a0participante de um dos treinamentos,\u00a0<\/span><span lang=\"pt-BR\">sua expectativa \u00e9 que \u201c<\/span><span lang=\"pt-BR\">c<\/span><span lang=\"pt-BR\">om a utiliza\u00e7\u00e3o do sistema ser\u00e1 mais f\u00e1cil saber como, de fato, funcionam os processos institucionais. Sempre senti falta da gest\u00e3o de conhecimento dentro do<\/span><span lang=\"pt-BR\">I<\/span><span lang=\"pt-BR\">nstituto, o que leva os servidores a terem muito retrabalho. Mas, com o sistema, haver\u00e1 uma base \u00fanica e atualizada, isso possibilitar\u00e1 os processos sejam executados de maneira mais c\u00e9lere e menos burocr\u00e1tica. Por conseguinte, terei mais tempo para focar nas minhas atividades que s\u00e3o: ensino, pesquisa e extens\u00e3o\u201d,<\/span><span lang=\"pt-BR\">pontua.<\/span><\/p>\n<p class=\"western\" style=\"text-align: justify\" align=\"JUSTIFY\"><span lang=\"pt-BR\">A equipe\u00a0<\/span><span lang=\"pt-BR\">destaca que acelerar\u00a0<\/span><span lang=\"pt-BR\">essa<\/span><span lang=\"pt-BR\">\u00a0implementa\u00e7\u00e3o para todos os processos depende da incorpora\u00e7\u00e3o da cultura de processos no cotidiano. \u201cSeria facilitado com a exist\u00eancia de um setor espec\u00edfico para tratar tal demanda que seria um escrit\u00f3rio de processos\u201d, diz Victor. Hoje, com os treinamentos, o grupo espera\u00a0<\/span><span lang=\"pt-BR\">que<\/span><span lang=\"pt-BR\">os servidores realizem o processo de ajuste de setor\u00a0<\/span><span lang=\"pt-BR\">e eles sejam alocados nas \u00e1reas que, de fato, atuam.&#8221;<\/span><\/p>\n<p class=\"western\" style=\"text-align: justify\" align=\"JUSTIFY\"><strong><span lang=\"pt-BR\">Mais informa\u00e7\u00f5es:<\/span><\/strong><\/p>\n<p class=\"western\"><i>E-mail<\/i>:\u00a0<a href=\"mailto:sei.gt@ifbaiano.edu.br\">sei.gt@ifbaiano.edu.br<br \/>\n<\/a><\/p>\n<p class=\"western\" align=\"JUSTIFY\"><strong><span lang=\"pt-BR\">GT \/ SEI<\/span><\/strong><\/p>\n<p class=\"western\">Anderson Santa de Souza \u2013 arquivista<\/p>\n<p class=\"western\">Antonio Jos\u00e9 Barreto Santos \u2013 t\u00e9cnico em arquivo<\/p>\n<p class=\"western\">Edith Olindina Coutinho Lima \u2013 assistente em administra\u00e7\u00e3o<\/p>\n<p class=\"western\">Guilherme Wilson Costa Mendes Ferreira \u2013 t\u00e9cnico em arquivo<\/p>\n<p class=\"western\">Marcio Sim\u00f5es de Almeida \u2013 t\u00e9cnico em arquivo<\/p>\n<p class=\"western\">M\u00e1rio Jorge Pereira \u2013 analista de tecnologia da informa\u00e7\u00e3o<\/p>\n<p class=\"western\">Nelson Reis da Silva Neto \u2013 t\u00e9cnico em arquivo<\/p>\n<p class=\"western\">Victor Santana Borges \u2013 analista de tecnologia da informa\u00e7\u00e3o (coordenador)<\/p>\n<p class=\"western\" align=\"JUSTIFY\"><span lang=\"pt-BR\">Vilza Marques de Souza \u2013 T\u00e9cnico de Tecnologia da Informa\u00e7\u00e3o<\/span><\/p>\n<p>&nbsp;<\/p>\n<p class=\"western\" align=\"JUSTIFY\"><strong><span lang=\"pt-BR\">Saiba mais:<\/span><\/strong><\/p>\n<p class=\"western\" align=\"JUSTIFY\"><span lang=\"pt-BR\"><a href=\"http:\/\/ifbaiano.edu.br\/portal\/blog\/2017\/10\/11\/if-baiano-regulamenta-uso-do-sistema-eletronico-de-informacoes-sei\/\" target=\"_blank\">IF Baiano regulamenta uso do Sistema Eletr\u00f4nico de Informa\u00e7\u00f5es (SEI)<\/a><\/span><\/p>\n<p class=\"western\" align=\"JUSTIFY\"><span lang=\"pt-BR\"><a href=\"http:\/\/ifbaiano.edu.br\/portal\/blog\/2017\/04\/19\/if-baiano-adotara-o-sistema-eletronico-de-informacoes\/\" target=\"_blank\">IF Baiano vai adotar o Sistema Eletr\u00f4nico de Informa\u00e7\u00f5es<\/a><\/span><\/p>\n<hr \/>\n<p class=\"western\" align=\"JUSTIFY\">\n<p class=\"western\" align=\"JUSTIFY\"><i>Fonte: IF Baiano\/Reitoria\/Comunica\u00e7\u00e3o\/Jornalismo<\/i><\/p>\n<p class=\"western\" align=\"JUSTIFY\">Dispon\u00edvel em:\u00a0https:\/\/goo.gl\/fy4NTy<\/p>\n<p class=\"western\" align=\"JUSTIFY\">\n","protected":false},"excerpt":{"rendered":"<p>Nesta etapa, o Grupo de Trabalho do Sistema Eletr\u00f4nico de Informa\u00e7\u00f5es realiza treinamentos virtuais<\/p>\n","protected":false},"author":86,"featured_media":0,"comment_status":"closed","ping_status":"closed","sticky":false,"template":"","format":"standard","meta":[],"categories":[4,10,57],"tags":[],"_links":{"self":[{"href":"https:\/\/www.ifbaiano.edu.br\/unidades\/santaines\/wp-json\/wp\/v2\/posts\/9787"}],"collection":[{"href":"https:\/\/www.ifbaiano.edu.br\/unidades\/santaines\/wp-json\/wp\/v2\/posts"}],"about":[{"href":"https:\/\/www.ifbaiano.edu.br\/unidades\/santaines\/wp-json\/wp\/v2\/types\/post"}],"author":[{"embeddable":true,"href":"https:\/\/www.ifbaiano.edu.br\/unidades\/santaines\/wp-json\/wp\/v2\/users\/86"}],"replies":[{"embeddable":true,"href":"https:\/\/www.ifbaiano.edu.br\/unidades\/santaines\/wp-json\/wp\/v2\/comments?post=9787"}],"version-history":[{"count":2,"href":"https:\/\/www.ifbaiano.edu.br\/unidades\/santaines\/wp-json\/wp\/v2\/posts\/9787\/revisions"}],"predecessor-version":[{"id":9789,"href":"https:\/\/www.ifbaiano.edu.br\/unidades\/santaines\/wp-json\/wp\/v2\/posts\/9787\/revisions\/9789"}],"wp:attachment":[{"href":"https:\/\/www.ifbaiano.edu.br\/unidades\/santaines\/wp-json\/wp\/v2\/media?parent=9787"}],"wp:term":[{"taxonomy":"category","embeddable":true,"href":"https:\/\/www.ifbaiano.edu.br\/unidades\/santaines\/wp-json\/wp\/v2\/categories?post=9787"},{"taxonomy":"post_tag","embeddable":true,"href":"https:\/\/www.ifbaiano.edu.br\/unidades\/santaines\/wp-json\/wp\/v2\/tags?post=9787"}],"curies":[{"name":"wp","href":"https:\/\/api.w.org\/{rel}","templated":true}]}}