{"id":9791,"date":"2018-02-21T10:46:53","date_gmt":"2018-02-21T13:46:53","guid":{"rendered":"http:\/\/www.ifbaiano.edu.br\/unidades\/santaines\/?p=9791"},"modified":"2018-02-23T16:20:27","modified_gmt":"2018-02-23T19:20:27","slug":"convocacao-dos-candidatos-para-a-chamada-publica-do-prosel-2018-3a-chamada","status":"publish","type":"post","link":"https:\/\/www.ifbaiano.edu.br\/unidades\/santaines\/convocacao-dos-candidatos-para-a-chamada-publica-do-prosel-2018-3a-chamada\/","title":{"rendered":"Convoca\u00e7\u00e3o dos candidatos para a Chamada P\u00fablica do Prosel 2018 &#8211; 3\u00aa chamada"},"content":{"rendered":"<hr \/>\n<p style=\"text-align: justify\" align=\"center\"><span style=\"font-size: medium\">Convocamos os candidatos a participarem da <\/span><span style=\"font-size: medium\"><b>Chamada P\u00fablica<\/b><\/span><span style=\"font-size: medium\"> do Prosel 2018, que ser\u00e1 realizada no dia <\/span><span style=\"font-size: medium\"><b>01 de mar\u00e7o de 2018<\/b><\/span><span style=\"font-size: medium\">, no Audit\u00f3rio da Biblioteca do Campus Santa In\u00eas.<\/span><\/p>\n<p style=\"text-align: justify\" align=\"justify\"><span style=\"font-size: medium\">Os candidatos convocados devem comparecer <\/span><span style=\"font-size: medium\"><b>at\u00e9 as 9h45min<\/b>. A<\/span><span style=\"font-size: medium\">p\u00f3s este hor\u00e1rio, n\u00e3o ter\u00e3o direito a pleitear a vaga.<\/span><\/p>\n<p style=\"text-align: justify\" align=\"justify\"><span style=\"font-size: medium\">A rela\u00e7\u00e3o de candidatos convocados para a <\/span><span style=\"font-size: medium\"><b>Chamada P\u00fablica,<\/b><\/span><span style=\"font-size: medium\">\u00a0corresponde a 5 (cinco) vezes o n\u00famero de vagas ainda existentes (vagas remanescentes), que ser\u00e3o pr\u00e9-matriculados pela ordem de classifica\u00e7\u00e3o at\u00e9 o preenchimento das vagas.<\/span><\/p>\n<p style=\"text-align: justify\" align=\"justify\"><span style=\"font-size: medium\">Todos os candidatos convocados para pleitear a vaga na <\/span><span style=\"font-size: medium\"><b>Chamada P\u00fablica,<\/b><\/span><span style=\"font-size: medium\"> devem comparecer ao local, no hor\u00e1rio discriminado e munidos de todos os documentos exigidos para realiza\u00e7\u00e3o da matr\u00edcula.<\/span><\/p>\n<p style=\"text-align: justify\" align=\"justify\"><span style=\"font-size: medium\"><b>N\u00e3o sendo preenchidas todas as vagas reservadas para estudantes oriundos de Escolas P\u00fablicas, as remanescentes ser\u00e3o ofertadas aos candidatos da Ampla Concorr\u00eancia.<\/b><\/span><\/p>\n<p style=\"text-align: justify\" align=\"justify\"><span style=\"font-size: medium\"><b>N\u00e3o sendo preenchidas todas as vagas reservadas aos candidatos da Ampla Concorr\u00eancia, as remanescentes ser\u00e3o destinadas para os candidatos que optaram pelas vagas reservadas para estudantes oriundos de Escolas P\u00fablicas.<\/b><\/span><\/p>\n<hr \/>\n<pre>Candidatos convocados para participarem da\u00a0<b>Chamada P\u00fablica<\/b>\u00a0do Prosel 2018 - Clique no link correspondente ao curso:<\/pre>\n<pre><strong><span style=\"text-decoration: underline\"><a href=\"http:\/\/www.ifbaiano.edu.br\/unidades\/santaines\/files\/2018\/02\/Chamada_Publica_Tecnico_em_-Agropecuaria_Prosel_2018.pdf\">T\u00e9cnico em Agropecu\u00e1ria<\/a><\/span><\/strong>\r\n\r\n<strong><span style=\"text-decoration: underline\"><a href=\"http:\/\/www.ifbaiano.edu.br\/unidades\/santaines\/files\/2018\/02\/Chamada_Publica_Tecnico_em_-Alimentos_Prosel_2018.pdf\">T\u00e9cnico em Alimentos<\/a><\/span><\/strong>\r\n\r\n<strong><span style=\"text-decoration: underline\"><a href=\"http:\/\/www.ifbaiano.edu.br\/unidades\/santaines\/files\/2018\/02\/Chamada_Publica_Tecnico_em_-Informatica_Prosel_2018.pdf\">T\u00e9cnico em Inform\u00e1tica<\/a><\/span><\/strong>\r\n\r\n<strong><span style=\"text-decoration: underline\"><a href=\"http:\/\/www.ifbaiano.edu.br\/unidades\/santaines\/files\/2018\/02\/Chamada_Publica_Tecnico_em_-Zootecnia_Prosel_2018.pdf\">T\u00e9cnico em Zootecnia<\/a><\/span><\/strong><\/pre>\n<hr \/>\n<p align=\"justify\"><span style=\"font-size: medium\">Quantidade de Vagas Remanescentes:<\/span><\/p>\n<p>&nbsp;<\/p>\n<table style=\"height: 179px\" width=\"828\" cellspacing=\"0\" cellpadding=\"7\">\n<colgroup>\n<col width=\"155\" \/>\n<col width=\"141\" \/>\n<col width=\"145\" \/>\n<col width=\"88\" \/><\/colgroup>\n<tbody>\n<tr>\n<td bgcolor=\"#dddddd\" width=\"155\">\n<p align=\"center\"><span style=\"font-size: small\"><b>CURSO<\/b><\/span><\/p>\n<\/td>\n<td valign=\"top\" bgcolor=\"#eeeeee\" width=\"141\">\n<p style=\"text-align: center\" align=\"justify\"><span style=\"font-size: small\"><b>AMPLA CONCORR\u00caNCIA<\/b><\/span><\/p>\n<\/td>\n<td valign=\"top\" bgcolor=\"#dddddd\" width=\"145\">\n<p align=\"center\"><span style=\"font-size: small\"><b>PPI <\/b><b>BAIXA RENDA<\/b><\/span><\/p>\n<\/td>\n<td bgcolor=\"#eeeeee\" width=\"88\">\n<p align=\"center\"><span style=\"font-size: small\"><b>TOTAL<\/b><\/span><\/p>\n<\/td>\n<\/tr>\n<tr valign=\"bottom\">\n<td bgcolor=\"#e6e6ff\" width=\"155\" height=\"16\"><span style=\"font-size: small\">T\u00c9CNICO EM AGROPECU\u00c1RIA<\/span><\/td>\n<td bgcolor=\"#e6e6ff\" width=\"141\">\n<p align=\"center\"><span style=\"font-size: small\">02<\/span><\/p>\n<\/td>\n<td bgcolor=\"#e6e6ff\" width=\"145\">\n<p align=\"center\"><span style=\"font-size: small\">08<\/span><\/p>\n<\/td>\n<td bgcolor=\"#e6e6ff\" width=\"88\">\n<p align=\"center\"><span style=\"font-size: small\">10<\/span><\/p>\n<\/td>\n<\/tr>\n<tr valign=\"bottom\">\n<td bgcolor=\"#dddddd\" width=\"155\" height=\"13\"><span style=\"font-size: small\">T\u00c9CNICO EM ZOOTECNIA<\/span><\/td>\n<td bgcolor=\"#eeeeee\" width=\"141\">\n<p align=\"center\"><span style=\"font-size: small\">01<\/span><\/p>\n<\/td>\n<td bgcolor=\"#dddddd\" width=\"145\">\n<p align=\"center\"><span style=\"font-size: small\">10<\/span><\/p>\n<\/td>\n<td bgcolor=\"#eeeeee\" width=\"88\">\n<p align=\"center\"><span style=\"font-size: small\">11<\/span><\/p>\n<\/td>\n<\/tr>\n<tr valign=\"bottom\">\n<td bgcolor=\"#e6e6ff\" width=\"155\" height=\"14\"><span style=\"font-size: small\">T\u00c9CNICO EM ALIMENTOS<\/span><\/td>\n<td bgcolor=\"#e6e6ff\" width=\"141\">\n<p align=\"center\"><span style=\"font-size: small\">13<\/span><\/p>\n<\/td>\n<td bgcolor=\"#e6e6ff\" width=\"145\">\n<p align=\"center\"><span style=\"font-size: small\">00<\/span><\/p>\n<\/td>\n<td bgcolor=\"#e6e6ff\" width=\"88\">\n<p align=\"center\"><span style=\"font-size: small\">13<\/span><\/p>\n<\/td>\n<\/tr>\n<tr valign=\"bottom\">\n<td bgcolor=\"#dddddd\" width=\"155\" height=\"13\"><span style=\"font-size: small\">T\u00c9CNICO EM INFORM\u00c1TICA<\/span><\/td>\n<td bgcolor=\"#eeeeee\" width=\"141\">\n<p align=\"center\"><span style=\"font-size: small\">14<\/span><\/p>\n<\/td>\n<td bgcolor=\"#dddddd\" width=\"145\">\n<p align=\"center\"><span style=\"font-size: small\">00<\/span><\/p>\n<\/td>\n<td bgcolor=\"#eeeeee\" width=\"88\">\n<p align=\"center\"><span style=\"font-size: small\">14<\/span><\/p>\n<\/td>\n<\/tr>\n<\/tbody>\n<\/table>\n<p>&nbsp;<\/p>\n<hr \/>\n<p style=\"text-align: justify\">Todas essas e demais informa\u00e7\u00f5es encontram-se nos Editais de Matr\u00edculas. Acessem:<\/p>\n<ul style=\"text-align: justify\">\n<li><strong><a href=\"http:\/\/www.ifbaiano.edu.br\/unidades\/santaines\/files\/2018\/01\/Edital_de_Matricula_2018_Integrado.pdf\" target=\"_blank\">Edital Cursos Integrados<\/a><\/strong><\/li>\n<\/ul>\n<ul style=\"text-align: justify\">\n<li><strong><a href=\"http:\/\/www.ifbaiano.edu.br\/unidades\/santaines\/files\/2018\/01\/Edital-de-Matr\u00edcula-2018-Subsequente.pdf\">Edital Cursos Subsequentes<\/a><\/strong><\/li>\n<\/ul>\n<p><strong>Acompanhe tamb\u00e9m as publica\u00e7\u00f5es na\u00a0<a href=\"http:\/\/ifbaiano.edu.br\/portal\/ingresso-de-estudantes-2018\/\">P\u00e1gina oficial do Ingresso de Estudantes 2018 do IF Baiano<\/a><\/strong><\/p>\n<hr \/>\n<p>Contato: Secretaria de Registros Acad\u00eamicos<\/p>\n<p>Telefone: (73) 3536-1210 &#8211; Ramal 109<\/p>\n<p>Email: secretaria@si.ifbaiano.edu.br<\/p>\n","protected":false},"excerpt":{"rendered":"<p>A Chamada P\u00fablica ser\u00e1 realizada no dia 01 de mar\u00e7o de 2018, no Audit\u00f3rio da Biblioteca do Campus Santa In\u00eas.<\/p>\n","protected":false},"author":86,"featured_media":0,"comment_status":"closed","ping_status":"closed","sticky":false,"template":"","format":"standard","meta":[],"categories":[4,5,6,10,8,57],"tags":[],"_links":{"self":[{"href":"https:\/\/www.ifbaiano.edu.br\/unidades\/santaines\/wp-json\/wp\/v2\/posts\/9791"}],"collection":[{"href":"https:\/\/www.ifbaiano.edu.br\/unidades\/santaines\/wp-json\/wp\/v2\/posts"}],"about":[{"href":"https:\/\/www.ifbaiano.edu.br\/unidades\/santaines\/wp-json\/wp\/v2\/types\/post"}],"author":[{"embeddable":true,"href":"https:\/\/www.ifbaiano.edu.br\/unidades\/santaines\/wp-json\/wp\/v2\/users\/86"}],"replies":[{"embeddable":true,"href":"https:\/\/www.ifbaiano.edu.br\/unidades\/santaines\/wp-json\/wp\/v2\/comments?post=9791"}],"version-history":[{"count":26,"href":"https:\/\/www.ifbaiano.edu.br\/unidades\/santaines\/wp-json\/wp\/v2\/posts\/9791\/revisions"}],"predecessor-version":[{"id":9822,"href":"https:\/\/www.ifbaiano.edu.br\/unidades\/santaines\/wp-json\/wp\/v2\/posts\/9791\/revisions\/9822"}],"wp:attachment":[{"href":"https:\/\/www.ifbaiano.edu.br\/unidades\/santaines\/wp-json\/wp\/v2\/media?parent=9791"}],"wp:term":[{"taxonomy":"category","embeddable":true,"href":"https:\/\/www.ifbaiano.edu.br\/unidades\/santaines\/wp-json\/wp\/v2\/categories?post=9791"},{"taxonomy":"post_tag","embeddable":true,"href":"https:\/\/www.ifbaiano.edu.br\/unidades\/santaines\/wp-json\/wp\/v2\/tags?post=9791"}],"curies":[{"name":"wp","href":"https:\/\/api.w.org\/{rel}","templated":true}]}}