{"id":9824,"date":"2018-02-23T14:46:27","date_gmt":"2018-02-23T17:46:27","guid":{"rendered":"http:\/\/www.ifbaiano.edu.br\/unidades\/santaines\/?p=9824"},"modified":"2018-03-02T16:21:29","modified_gmt":"2018-03-02T19:21:29","slug":"diretor-geral-convida-pais-de-estudantes-do-campus-para-reuniao-de-pais-e-mestres-2","status":"publish","type":"post","link":"https:\/\/www.ifbaiano.edu.br\/unidades\/santaines\/diretor-geral-convida-pais-de-estudantes-do-campus-para-reuniao-de-pais-e-mestres-2\/","title":{"rendered":"Diretor Geral convida Pais de estudantes do Campus para Reuni\u00e3o de Pais e Mestres"},"content":{"rendered":"<hr \/>\n<div style=\"text-align: justify\">O Diretor Geral do IF Baiano Campus Santa In\u00eas, Prof Nelson Vieira da Silva Filho, convida aos pais e\/ou respons\u00e1veis\u00a0pelos estudantes deste Campus para participar da II Reuni\u00e3o de Pais e Mestres do Ano Letivo de 2017, que ser\u00e1 realizada dia <strong>28 de\u00a0fevereiro de 2018<\/strong>, na quadra poliesportiva do Campus Santa In\u00eas, das 08h \u00e0s 12h.<\/div>\n<div style=\"text-align: justify\"><\/div>\n<div style=\"text-align: justify\"><\/div>\n<div style=\"text-align: justify\"><strong>Pauta:<\/strong><\/div>\n<div style=\"text-align: justify\">1) Informes;<\/div>\n<div style=\"text-align: justify\">2) Entrega de Boletins;<\/div>\n<div style=\"text-align: justify\">3) Prazos e procedimentos acad\u00eamicos de final de ano letivo;<\/div>\n<div style=\"text-align: justify\">4) Orienta\u00e7\u00f5es para a renova\u00e7\u00e3o de matr\u00edcula;<\/div>\n<div style=\"text-align: justify\">5) Calend\u00e1rio Acad\u00eamico 2018;<\/div>\n<div style=\"text-align: justify\">6) SIGAA &#8211; Sistema Integrado de Gest\u00e3o de Atividades Acad\u00eamicas;<\/div>\n<div style=\"text-align: justify\">7) Contato com os Docentes;<\/div>\n<div style=\"text-align: justify\">8) O que ocorrer.<\/div>\n<div style=\"text-align: justify\"><span style=\"color: #ffffff\">\u2026<\/span><\/div>\n<div style=\"text-align: justify\">Na oportunidade, informamos que o acesso ao Refeit\u00f3rio do Campus ser\u00e1 restrito aos Pais que residem em locais distantes.<\/div>\n<div style=\"text-align: justify\">\n<hr \/>\n<p>Nelson Vieira da Silva Filho<\/p>\n<p>Diretor Geral<\/p>\n<\/div>\n<p>&nbsp;<\/p>\n","protected":false},"excerpt":{"rendered":"<p> A reuni\u00e3o acontecer\u00e1 no dia 28 de fevereiro de 2018, na quadra poliesportiva do Campus Santa In\u00eas, das 08h \u00e0s 12h.<\/p>\n","protected":false},"author":86,"featured_media":0,"comment_status":"closed","ping_status":"closed","sticky":false,"template":"","format":"standard","meta":[],"categories":[4,19,5,6,7,10,57],"tags":[],"_links":{"self":[{"href":"https:\/\/www.ifbaiano.edu.br\/unidades\/santaines\/wp-json\/wp\/v2\/posts\/9824"}],"collection":[{"href":"https:\/\/www.ifbaiano.edu.br\/unidades\/santaines\/wp-json\/wp\/v2\/posts"}],"about":[{"href":"https:\/\/www.ifbaiano.edu.br\/unidades\/santaines\/wp-json\/wp\/v2\/types\/post"}],"author":[{"embeddable":true,"href":"https:\/\/www.ifbaiano.edu.br\/unidades\/santaines\/wp-json\/wp\/v2\/users\/86"}],"replies":[{"embeddable":true,"href":"https:\/\/www.ifbaiano.edu.br\/unidades\/santaines\/wp-json\/wp\/v2\/comments?post=9824"}],"version-history":[{"count":4,"href":"https:\/\/www.ifbaiano.edu.br\/unidades\/santaines\/wp-json\/wp\/v2\/posts\/9824\/revisions"}],"predecessor-version":[{"id":9828,"href":"https:\/\/www.ifbaiano.edu.br\/unidades\/santaines\/wp-json\/wp\/v2\/posts\/9824\/revisions\/9828"}],"wp:attachment":[{"href":"https:\/\/www.ifbaiano.edu.br\/unidades\/santaines\/wp-json\/wp\/v2\/media?parent=9824"}],"wp:term":[{"taxonomy":"category","embeddable":true,"href":"https:\/\/www.ifbaiano.edu.br\/unidades\/santaines\/wp-json\/wp\/v2\/categories?post=9824"},{"taxonomy":"post_tag","embeddable":true,"href":"https:\/\/www.ifbaiano.edu.br\/unidades\/santaines\/wp-json\/wp\/v2\/tags?post=9824"}],"curies":[{"name":"wp","href":"https:\/\/api.w.org\/{rel}","templated":true}]}}