{"id":9830,"date":"2018-03-02T15:01:23","date_gmt":"2018-03-02T18:01:23","guid":{"rendered":"http:\/\/www.ifbaiano.edu.br\/unidades\/santaines\/?p=9830"},"modified":"2018-04-17T17:40:23","modified_gmt":"2018-04-17T20:40:23","slug":"viii-semana-de-zootecnia-do-if-baiano-campus-santa-ines","status":"publish","type":"post","link":"https:\/\/www.ifbaiano.edu.br\/unidades\/santaines\/viii-semana-de-zootecnia-do-if-baiano-campus-santa-ines\/","title":{"rendered":"VIII Semana de Zootecnia do IF Baiano Campus Santa In\u00eas"},"content":{"rendered":"<hr \/>\n<p style=\"text-align: justify\" align=\"center\"><span style=\"color: #252525\"><span style=\"font-family: Arial, serif\"><span style=\"font-size: medium\"><img decoding=\"async\" loading=\"lazy\" class=\"wp-image-9831 alignleft\" src=\"http:\/\/www.ifbaiano.edu.br\/unidades\/santaines\/files\/2018\/03\/Logo-Oficial-VIII-SZ-2018.jpg\" alt=\"Logo Oficial VIII SZ 2018\" width=\"301\" height=\"367\" \/>\u00c0s v\u00e9speras do m\u00eas de maio de 2009, alunos do Curso T\u00e9cnico em Zootecnia se reuniram e com a ajuda de alguns professores organizaram a I Semana de Zootecnia do IF Baiano, com algumas palestras, apresenta\u00e7\u00e3o de trabalhos e almo\u00e7o comemorativo. Naquele momento o objetivo principal era trazer para o p\u00fablico interno informa\u00e7\u00f5es sobre o profissional da Zootecnia e a sua import\u00e2ncia. Ao longo do tempo diversas atividades foram realizadas a fim de n\u00e3o deixar o dia 13 de maio \u201cpassar em branco\u201d.<\/span><\/span><\/span><\/p>\n<p style=\"text-align: justify\" align=\"center\"><span style=\"color: #252525\"><span style=\"font-family: Arial, serif\"><span style=\"font-size: medium\">Desde o ano de 2010, o IF Baiano \u2013 Campus Santa In\u00eas vem ofertando o curso de Bacharelado em Zootecnia, dessa forma tem-se mostrado not\u00f3rio maior destaque a este evento. Assim temos a possibilidade de discutir sobre o assunto e mostrar de forma motivadora e informativa quais atividades e perspectivas que esse profissional apresenta, sendo tamb\u00e9m uma oportunidade para demonstra\u00e7\u00e3o de pr\u00e1ticas voltadas aos setores de produ\u00e7\u00e3o para produtores e estudantes, possibilitando dessa forma maior integra\u00e7\u00e3o entre a comunidade acad\u00eamica.<\/span><\/span><\/span><\/p>\n<p style=\"text-align: justify\" align=\"center\"><span style=\"color: #252525\"><span style=\"font-family: Arial, serif\"><span style=\"font-size: medium\">Em sua VIII edi\u00e7\u00e3o, a Semana de Zootecnia do IF Baiano Campus Santa In\u00eas tem como tema principal: <\/span><\/span><\/span><span style=\"color: #252525\"><span style=\"font-family: Arial, serif\"><span style=\"font-size: medium\"><b>ZOOTECNIA EM BASES AGROECOL\u00d3GICAS: BEM-ESTAR, ECOSSISTEMAS E AGRICULTURA FAMILIAR<\/b><\/span><\/span><\/span><span style=\"color: #252525\"><span style=\"font-family: Arial, serif\"><span style=\"font-size: medium\"> e visa a forma\u00e7\u00e3o dos estudantes de Zootecnia na produ\u00e7\u00e3o animal sustent\u00e1vel, al\u00e9m de promover a intera\u00e7\u00e3o entre cursos, institui\u00e7\u00f5es, profissionais da \u00e1rea e a comunidade externa.<\/span><\/span><\/span><\/p>\n<p style=\"text-align: justify\" align=\"center\"><a href=\"http:\/\/www.ifbaiano.edu.br\/unidades\/santaines\/files\/2018\/04\/PROGRAMA\u00c7\u00c3O-OFICIAL-VIII-Semana-de-Zootecnia.pdf\"><img decoding=\"async\" loading=\"lazy\" class=\"alignnone wp-image-10091\" src=\"http:\/\/www.ifbaiano.edu.br\/unidades\/santaines\/files\/2018\/03\/ZOO-1.jpg\" alt=\"ZOO 1\" width=\"528\" height=\"298\" \/><\/a><\/p>\n<hr \/>\n<p>&nbsp;<\/p>\n<p>&nbsp;<\/p>\n<p><strong><span style=\"color: #252525\"><span style=\"font-family: Arial, serif\"><span style=\"font-size: medium\">P\u00fablico Alvo:<\/span><\/span><\/span><\/strong><span style=\"color: #252525\"><span style=\"font-family: Arial, serif\"><span style=\"font-size: medium\"><br \/>\n<\/span><\/span><\/span><span style=\"color: #252525\"><span style=\"font-family: Arial, serif\"><span style=\"font-size: medium\">Estudantes e Profissionais da \u00e1rea de Ci\u00eancias Agr\u00e1rias e Produtores Rurais.<\/span><\/span><\/span><\/p>\n<p><strong><span style=\"color: #252525\"><span style=\"font-family: Arial, serif\"><span style=\"font-size: medium\">Per\u00edodo:<\/span><\/span><\/span><\/strong><span style=\"color: #252525\"><span style=\"font-family: Arial, serif\"><span style=\"font-size: medium\"><br \/>\n<\/span><\/span><\/span><span style=\"color: #252525\"><span style=\"font-family: Arial, serif\"><span style=\"font-size: medium\">16 a 19 de maio de 2018.<\/span><\/span><\/span><\/p>\n<p><span style=\"color: #ffffff\">.<\/span><\/p>\n<p style=\"text-align: justify\" align=\"justify\"><span style=\"color: #252525\"><span style=\"font-family: Arial, serif\"><span style=\"font-size: medium\"><b><span style=\"color: #ff0000\">FA\u00c7A SUA INSCRI\u00c7\u00c3O E VEJA TAMB\u00c9M AS OP\u00c7\u00d5ES DE CURSOS!<\/span> <a href=\"https:\/\/goo.gl\/forms\/pTsCcgpEG3N1drIF3\">Clique Aqui<\/a>\u00a0<\/b><\/span><\/span><\/span><\/p>\n<hr \/>\n<h1 class=\"western\" align=\"justify\"><span style=\"text-decoration: underline\"><strong><span style=\"color: #333333\"><span style=\"font-family: Arial, sans-serif\">SUBMISS\u00c3O DE TRABALHOS<\/span><\/span><\/strong><\/span><\/h1>\n<p align=\"justify\"><span style=\"color: #333333\"><span style=\"font-family: Arial, sans-serif\"><span style=\"font-size: medium\"><b>Aberto as inscri\u00e7\u00f5es de resumos para a <\/b><\/span><\/span><\/span><strong><span style=\"color: #333333\"><span style=\"font-family: Arial, sans-serif\"><span style=\"font-size: medium\"><b>VIII SEMANA DE ZOOTECNIA DO IF BAIANO SANTA IN\u00caS.<\/b><\/span><\/span><\/span><\/strong><\/p>\n<p align=\"justify\"><span style=\"color: #333333\"><span style=\"font-family: Arial, sans-serif\"><span style=\"font-size: medium\"><b>Os trabalhos devem ser enviados \u00e0 Comiss\u00e3o Cient\u00edfica, atrav\u00e9s do e-mail: <a href=\"mailto:semanadazootecnia@si.ifbaiano.edu.br\">semanadazootecnia@si.ifbaiano.edu.br<\/a> at\u00e9 <\/b><\/span><\/span><\/span><span style=\"color: #333333\"><span style=\"font-family: Arial, sans-serif\"><span style=\"font-size: medium\"><b>a<\/b><\/span><\/span><\/span><span style=\"color: #333333\"><span style=\"font-family: Arial, sans-serif\"><span style=\"font-size: medium\"><b>s 23<\/b><\/span><\/span><\/span><span style=\"color: #333333\"><span style=\"font-family: Arial, sans-serif\"><span style=\"font-size: medium\"><b>h59min<\/b><\/span><\/span><\/span><span style=\"color: #333333\"><span style=\"font-family: Arial, sans-serif\"><span style=\"font-size: medium\"><b> do dia 22 de abril de 2018.<\/b><\/span><\/span><\/span><\/p>\n<p align=\"justify\"><span style=\"color: #333333\"><span style=\"font-family: Arial, sans-serif\"><span style=\"font-size: medium\"><b>Cada inscrito no evento poder\u00e1 submeter no m\u00e1ximo 02 (dois) TRABALHOS como PRIMEIRO AUTOR.<\/b><\/span><\/span><\/span><\/p>\n<p align=\"justify\"><span style=\"color: #333333\"><span style=\"font-family: Arial, sans-serif\"><span style=\"font-size: medium\"><b>Para submeter os resumos \u00e9 necess\u00e1rio realizar a inscri\u00e7\u00e3o no evento, os mesmos ser\u00e3o aptos \u00e0 corre\u00e7\u00e3o ap\u00f3s a confirma\u00e7\u00e3o de inscri\u00e7\u00e3o pela Comiss\u00e3o Organizadora.<\/b><\/span><\/span><\/span><\/p>\n<p align=\"justify\"><strong><span style=\"color: #333333\"><span style=\"font-family: Arial, sans-serif\"><span style=\"font-size: medium\"><b>*Os trabalhos ser\u00e3o avaliados pela Comiss\u00e3o Cient\u00edfica, podendo ser aceito, aceito com corre\u00e7\u00f5es ou recusado.<\/b><\/span><\/span><\/span><\/strong><\/p>\n<p align=\"left\"><strong><span style=\"color: #333333\"><span style=\"font-family: Arial, sans-serif\"><span style=\"font-size: medium\"><b>EIXOS TEM\u00c1TICOS:<\/b><\/span><\/span><\/span><\/strong><\/p>\n<ul>\n<li>\n<p align=\"left\"><span style=\"font-family: Arial, sans-serif\"><span style=\"color: #333333\"><span style=\"font-size: medium\"><b>Nutri\u00e7\u00e3o e produ\u00e7\u00e3o de ruminantes;<br \/>\nNutri\u00e7\u00e3o e produ\u00e7\u00e3o de n\u00e3o-ruminantes;<br \/>\nGen\u00e9tica, Melhoramento e Reprodu\u00e7\u00e3o animal;<br \/>\nAmbi\u00eancia, Bem-Estar Animal e Bioclimatologia;<br \/>\nAgroecologia;<br \/>\nOutras \u00c1reas (Ser\u00e1 de forma livre desde que esteja dentro do tema proposto pela VIII SZ IF 2018).<\/b><\/span><\/span><\/span><\/p>\n<\/li>\n<\/ul>\n<hr \/>\n<div><b><a href=\"http:\/\/www.ifbaiano.edu.br\/unidades\/santaines\/files\/2018\/03\/Modelo-do-Resumo-VIIISZIF2018.pdf\">Modelo do Resumo VIIISZIF2018<\/a><\/b><\/div>\n<p style=\"text-align: justify\" align=\"center\"><b><a href=\"http:\/\/www.ifbaiano.edu.br\/unidades\/santaines\/files\/2018\/03\/Normas-de-Submiss\u00e3o-VIIISZIF2018.pdf\">Normas de Submiss\u00e3o VIIISZIF2018<\/a><\/b><\/p>\n<hr \/>\n<p style=\"text-align: justify\" align=\"center\"><b>Comiss\u00e3o de Marketing e Divulga\u00e7\u00e3o:\u00a0<\/b>Jonas de Souza Santos, Eliton Moreira Da Silva, Wesley Rodrigues Santos, Guilherme Rodrigues do Nascimento<\/p>\n<hr \/>\n<p style=\"text-align: justify\" align=\"justify\"><span style=\"color: #252525\"><span style=\"font-family: Arial, serif\"><span style=\"font-size: medium\"><b>Redes sociais:<\/b><\/span><\/span><\/span><\/p>\n<p style=\"text-align: justify\" align=\"justify\"><span style=\"color: #252525\"><span style=\"font-family: Arial, serif\"><span style=\"font-size: medium\"><span style=\"color: #0000ff\">Instagram<\/span> &#8211; @viiisemanadezootecnia<\/span><\/span><\/span><\/p>\n<p align=\"justify\"><span style=\"color: #252525\"><span style=\"font-family: Arial, serif\"><span style=\"font-size: medium\"><span style=\"color: #0000ff\">Facebook<\/span> \u2013 facebook.com\/VIIISZIF2018\/<\/span><\/span><\/span><\/p>\n<p align=\"justify\"><span style=\"color: #0000ff\"><a style=\"color: #0000ff\" href=\"https:\/\/945025.site123.me\/\"><strong><span style=\"font-family: Arial, serif\"><span style=\"font-size: medium\">Visite a P\u00e1gina do Evento<\/span><\/span><\/strong><\/a><\/span><\/p>\n<hr \/>\n","protected":false},"excerpt":{"rendered":"<p>De 16 a 19 de maio de 2018.<\/p>\n","protected":false},"author":86,"featured_media":0,"comment_status":"closed","ping_status":"closed","sticky":false,"template":"","format":"standard","meta":[],"categories":[4,5,6,23,10,57],"tags":[],"_links":{"self":[{"href":"https:\/\/www.ifbaiano.edu.br\/unidades\/santaines\/wp-json\/wp\/v2\/posts\/9830"}],"collection":[{"href":"https:\/\/www.ifbaiano.edu.br\/unidades\/santaines\/wp-json\/wp\/v2\/posts"}],"about":[{"href":"https:\/\/www.ifbaiano.edu.br\/unidades\/santaines\/wp-json\/wp\/v2\/types\/post"}],"author":[{"embeddable":true,"href":"https:\/\/www.ifbaiano.edu.br\/unidades\/santaines\/wp-json\/wp\/v2\/users\/86"}],"replies":[{"embeddable":true,"href":"https:\/\/www.ifbaiano.edu.br\/unidades\/santaines\/wp-json\/wp\/v2\/comments?post=9830"}],"version-history":[{"count":20,"href":"https:\/\/www.ifbaiano.edu.br\/unidades\/santaines\/wp-json\/wp\/v2\/posts\/9830\/revisions"}],"predecessor-version":[{"id":10106,"href":"https:\/\/www.ifbaiano.edu.br\/unidades\/santaines\/wp-json\/wp\/v2\/posts\/9830\/revisions\/10106"}],"wp:attachment":[{"href":"https:\/\/www.ifbaiano.edu.br\/unidades\/santaines\/wp-json\/wp\/v2\/media?parent=9830"}],"wp:term":[{"taxonomy":"category","embeddable":true,"href":"https:\/\/www.ifbaiano.edu.br\/unidades\/santaines\/wp-json\/wp\/v2\/categories?post=9830"},{"taxonomy":"post_tag","embeddable":true,"href":"https:\/\/www.ifbaiano.edu.br\/unidades\/santaines\/wp-json\/wp\/v2\/tags?post=9830"}],"curies":[{"name":"wp","href":"https:\/\/api.w.org\/{rel}","templated":true}]}}