{"id":986,"date":"2012-01-18T10:54:55","date_gmt":"2012-01-18T13:54:55","guid":{"rendered":"http:\/\/www.ifbaiano.edu.br\/unidades\/santaines\/?p=986"},"modified":"2012-01-30T08:40:04","modified_gmt":"2012-01-30T11:40:04","slug":"divulgado-resultado-da-primeira-chamada-do-sisu","status":"publish","type":"post","link":"https:\/\/www.ifbaiano.edu.br\/unidades\/santaines\/divulgado-resultado-da-primeira-chamada-do-sisu\/","title":{"rendered":"Divulgado resultado da primeira chamada do SISU"},"content":{"rendered":"<p style=\"text-align: justify\">Os candidatos ao Sistema de Sele\u00e7\u00e3o Unificada \u2013 SISU, j\u00e1 podem conferir sua classifica\u00e7\u00e3o e tamb\u00e9m a documenta\u00e7\u00e3o necess\u00e1ria para a matr\u00edcula, em links anexos. O per\u00edodo de inscri\u00e7\u00e3o vai de 19\/01\/2012 a 20\/01\/2012, das 08:00hs as 11:00hs, e das 14:00hs as 17:00hs. Os alunos que n\u00e3o foram contemplados nesta chamada podem se inscrever na lista de espera do dia 26\/01\/12 a 01\/02\/12, no site do sisu: <a href=\"http:\/\/sisu.mec.gov.br\/\">http:\/\/sisu.mec.gov.br\/<\/a><\/p>\n<p style=\"text-align: justify\"><span style=\"color: #0000ff\"><a href=\"http:\/\/www.ifbaiano.edu.br\/unidades\/santaines\/files\/2012\/01\/chamada-geral-2012.2.pdf\" target=\"_blank\"><span style=\"color: #0000ff\">Chamada Geral 2012.2<\/span><\/a><\/span><\/p>\n<p style=\"text-align: justify\"><span style=\"color: #0000ff\"><a href=\"http:\/\/www.ifbaiano.edu.br\/unidades\/santaines\/files\/2012\/01\/cronograma-sisu-1-2012.pdf\" target=\"_blank\"><span style=\"color: #0000ff\">Cronograma SISU 2012<\/span><\/a><\/span><\/p>\n<p style=\"text-align: justify\"><span style=\"color: #0000ff\"><a href=\"http:\/\/www.ifbaiano.edu.br\/unidades\/santaines\/files\/2012\/01\/Documentos-para-matricula.pdf\"><span style=\"color: #0000ff\">Documentos para matr\u00edcula<\/span><\/a><\/span><\/p>\n<p style=\"text-align: justify\">\n","protected":false},"excerpt":{"rendered":"<p>Os candidatos ao Sistema de Sele\u00e7\u00e3o Unificada \u2013 SISU, j\u00e1 podem conferir sua classifica\u00e7\u00e3o e tamb\u00e9m a documenta\u00e7\u00e3o necess\u00e1ria para a matr\u00edcula, em links anexos. O per\u00edodo de inscri\u00e7\u00e3o vai de 19\/01\/2012 a 20\/01\/2012, das 08:00hs as 11:00hs, e das 14:00hs as 17:00hs. Os alunos que n\u00e3o foram contemplados nesta chamada podem se inscrever na [&hellip;]<\/p>\n","protected":false},"author":26,"featured_media":0,"comment_status":"closed","ping_status":"closed","sticky":false,"template":"","format":"standard","meta":[],"categories":[10],"tags":[],"_links":{"self":[{"href":"https:\/\/www.ifbaiano.edu.br\/unidades\/santaines\/wp-json\/wp\/v2\/posts\/986"}],"collection":[{"href":"https:\/\/www.ifbaiano.edu.br\/unidades\/santaines\/wp-json\/wp\/v2\/posts"}],"about":[{"href":"https:\/\/www.ifbaiano.edu.br\/unidades\/santaines\/wp-json\/wp\/v2\/types\/post"}],"author":[{"embeddable":true,"href":"https:\/\/www.ifbaiano.edu.br\/unidades\/santaines\/wp-json\/wp\/v2\/users\/26"}],"replies":[{"embeddable":true,"href":"https:\/\/www.ifbaiano.edu.br\/unidades\/santaines\/wp-json\/wp\/v2\/comments?post=986"}],"version-history":[{"count":6,"href":"https:\/\/www.ifbaiano.edu.br\/unidades\/santaines\/wp-json\/wp\/v2\/posts\/986\/revisions"}],"predecessor-version":[{"id":992,"href":"https:\/\/www.ifbaiano.edu.br\/unidades\/santaines\/wp-json\/wp\/v2\/posts\/986\/revisions\/992"}],"wp:attachment":[{"href":"https:\/\/www.ifbaiano.edu.br\/unidades\/santaines\/wp-json\/wp\/v2\/media?parent=986"}],"wp:term":[{"taxonomy":"category","embeddable":true,"href":"https:\/\/www.ifbaiano.edu.br\/unidades\/santaines\/wp-json\/wp\/v2\/categories?post=986"},{"taxonomy":"post_tag","embeddable":true,"href":"https:\/\/www.ifbaiano.edu.br\/unidades\/santaines\/wp-json\/wp\/v2\/tags?post=986"}],"curies":[{"name":"wp","href":"https:\/\/api.w.org\/{rel}","templated":true}]}}