{"id":9872,"date":"2018-03-12T10:48:33","date_gmt":"2018-03-12T13:48:33","guid":{"rendered":"http:\/\/www.ifbaiano.edu.br\/unidades\/santaines\/?p=9872"},"modified":"2018-03-15T11:41:25","modified_gmt":"2018-03-15T14:41:25","slug":"nova-oportunidade-para-os-alunos-concluintes-do-ensino-medio-ingressarem-no-curso-tecnico-em-informatica-modalidade-subsequente","status":"publish","type":"post","link":"https:\/\/www.ifbaiano.edu.br\/unidades\/santaines\/nova-oportunidade-para-os-alunos-concluintes-do-ensino-medio-ingressarem-no-curso-tecnico-em-informatica-modalidade-subsequente\/","title":{"rendered":"Nova oportunidade para os alunos concluintes do Ensino M\u00e9dio ingressarem no Curso T\u00e9cnico em Inform\u00e1tica, modalidade Subsequente"},"content":{"rendered":"<hr \/>\n<p align=\"justify\"><span style=\"font-family: serif\"><span style=\"font-size: large\">Nova oportunidade para os alunos concluintes do Ensino M\u00e9dio ingressarem no Curso T\u00e9cnico em Inform\u00e1tica, modalidade Subsequente<\/span><\/span><\/p>\n<p align=\"justify\"><span style=\"font-family: serif\"><span style=\"font-size: large\">Processo de sele\u00e7\u00e3o de candidatos para provimento de vagas remanescentes do processo seletivo regido pelo Edital N\u00b0 114, de 29 de agosto de 2017, por meio de entrevista na vaga no Curso T\u00e9cnico em Inform\u00e1tica, Modalidade Subsequente, para o primeiro semestre de 2018.<\/span><\/span><\/p>\n<p align=\"justify\"><span style=\"font-family: serif\"><span style=\"font-size: large\">O Curso T\u00e9cnico na Modalidade SUBSEQUENTE \u00e9 destinado a candidatos que conclu\u00edram o Ensino M\u00e9dio ou equivalente, possibilitando ao aluno conhecimentos das compet\u00eancias da Educa\u00e7\u00e3o T\u00e9cnica Profissional.<\/span><\/span><\/p>\n<p align=\"justify\"><span style=\"font-family: serif\"><span style=\"font-size: large\">Para ingresso, o candidato deve ter conclu\u00eddo o Ensino M\u00e9dio ou equivalente at\u00e9 o dia da matr\u00edcula e, no ato da matr\u00edcula, apresentar a documenta\u00e7\u00e3o completa exigida.<\/span><\/span><\/p>\n<p align=\"justify\"><span style=\"font-family: serif\"><span style=\"font-size: large\">O curso ser\u00e1 gratuito e a sele\u00e7\u00e3o para provimento das vagas ocorrer\u00e1 por meio de entrevista.<\/span><\/span><\/p>\n<p align=\"justify\"><span style=\"font-family: serif\"><span style=\"font-size: large\">A inscri\u00e7\u00e3o ser\u00e1 realizada \u00e0s 8h00min do dia 14 de mar\u00e7o de 2018, no audit\u00f3rio da biblioteca do IF Baiano Campus Santa In\u00eas, onde, tamb\u00e9m, haver\u00e1 a sele\u00e7\u00e3o, mediante entrevista.<\/span><\/span><\/p>\n<p align=\"justify\"><span style=\"font-family: serif\"><span style=\"font-size: large\">A matr\u00edcula dos candidatos selecionados ser\u00e1 realizada na Secretaria de Registros Acad\u00eamicos do Campus Santa In\u00eas, no dia 16 de mar\u00e7o de 2018.<\/span><\/span><\/p>\n<p align=\"justify\"><span style=\"font-family: serif\"><span style=\"font-size: large\">O candidato selecionado ou respons\u00e1vel dever\u00e1 realizar a matr\u00edcula pessoalmente ou por procura\u00e7\u00e3o, desde que o procurador apresente, al\u00e9m da procura\u00e7\u00e3o, c\u00f3pia de documento oficial de identifica\u00e7\u00e3o do candidato classificado, com foto, e documento de identifica\u00e7\u00e3o oficial (original e c\u00f3pia), com foto, do procurador.<\/span><\/span><\/p>\n<hr \/>\n<p align=\"justify\"><span style=\"font-family: serif\"><span style=\"font-size: large\">Acesse todas as informa\u00e7\u00f5es no <a href=\"http:\/\/ifbaiano.edu.br\/portal\/ingresso-de-estudantes-2018\/wp-content\/uploads\/sites\/39\/2018\/03\/Vagas-Remanescentes-Subsequente-em-Inform%C3%A1tica-Campus-Santa-In%C3%AAs.pdf\"><span style=\"text-decoration: underline\"><strong>EDITAL<\/strong><\/span><\/a>.<\/span><\/span><\/p>\n<hr \/>\n<p align=\"justify\">\n","protected":false},"excerpt":{"rendered":"<p>A inscri\u00e7\u00e3o ser\u00e1 realizada \u00e0s 8h00min do dia 14 de mar\u00e7o de 2018, no audit\u00f3rio da biblioteca do IF Baiano Campus Santa In\u00eas, onde, tamb\u00e9m, haver\u00e1 a sele\u00e7\u00e3o, mediante entrevista.<\/p>\n","protected":false},"author":86,"featured_media":0,"comment_status":"closed","ping_status":"closed","sticky":false,"template":"","format":"standard","meta":[],"categories":[4,13,5,10,8,57],"tags":[],"_links":{"self":[{"href":"https:\/\/www.ifbaiano.edu.br\/unidades\/santaines\/wp-json\/wp\/v2\/posts\/9872"}],"collection":[{"href":"https:\/\/www.ifbaiano.edu.br\/unidades\/santaines\/wp-json\/wp\/v2\/posts"}],"about":[{"href":"https:\/\/www.ifbaiano.edu.br\/unidades\/santaines\/wp-json\/wp\/v2\/types\/post"}],"author":[{"embeddable":true,"href":"https:\/\/www.ifbaiano.edu.br\/unidades\/santaines\/wp-json\/wp\/v2\/users\/86"}],"replies":[{"embeddable":true,"href":"https:\/\/www.ifbaiano.edu.br\/unidades\/santaines\/wp-json\/wp\/v2\/comments?post=9872"}],"version-history":[{"count":4,"href":"https:\/\/www.ifbaiano.edu.br\/unidades\/santaines\/wp-json\/wp\/v2\/posts\/9872\/revisions"}],"predecessor-version":[{"id":9876,"href":"https:\/\/www.ifbaiano.edu.br\/unidades\/santaines\/wp-json\/wp\/v2\/posts\/9872\/revisions\/9876"}],"wp:attachment":[{"href":"https:\/\/www.ifbaiano.edu.br\/unidades\/santaines\/wp-json\/wp\/v2\/media?parent=9872"}],"wp:term":[{"taxonomy":"category","embeddable":true,"href":"https:\/\/www.ifbaiano.edu.br\/unidades\/santaines\/wp-json\/wp\/v2\/categories?post=9872"},{"taxonomy":"post_tag","embeddable":true,"href":"https:\/\/www.ifbaiano.edu.br\/unidades\/santaines\/wp-json\/wp\/v2\/tags?post=9872"}],"curies":[{"name":"wp","href":"https:\/\/api.w.org\/{rel}","templated":true}]}}