{"id":9888,"date":"2018-03-15T11:35:59","date_gmt":"2018-03-15T14:35:59","guid":{"rendered":"http:\/\/www.ifbaiano.edu.br\/unidades\/santaines\/?p=9888"},"modified":"2018-03-20T08:29:32","modified_gmt":"2018-03-20T11:29:32","slug":"resultado-final-do-processo-seletivo-para-ingresso-de-estudantes","status":"publish","type":"post","link":"https:\/\/www.ifbaiano.edu.br\/unidades\/santaines\/resultado-final-do-processo-seletivo-para-ingresso-de-estudantes\/","title":{"rendered":"Resultado Final do Processo Seletivo para Ingresso de Estudantes no Curso T\u00e9cnico em Inform\u00e1tica Subsequente ao Ensino M\u00e9dio"},"content":{"rendered":"<hr \/>\n<p align=\"justify\">Saiu o resultado do Processo de sele\u00e7\u00e3o de candidatos para provimento de vagas remanescentes do processo seletivo regido pelo Edital N\u00b0 114, de 29 de agosto de 2017.<\/p>\n<h2 align=\"justify\"><span style=\"text-decoration: underline\"><a href=\"http:\/\/www.ifbaiano.edu.br\/unidades\/santaines\/files\/2018\/03\/RESULTADO-DA-SELE\u00c7\u00c3O-DO-EDITAL-03-DE-09-03-2018-2.pdf\">ACESSE AQUI O RESULTADO<\/a><\/span><\/h2>\n<p align=\"justify\">A sele\u00e7\u00e3o, por meio de entrevista, foi feita para o Curso T\u00e9cnico em Inform\u00e1tica, Modalidade Subsequente, para o primeiro semestre de 2018, com os alunos concluintes do Ensino M\u00e9dio.<\/p>\n<p align=\"justify\">Para ingresso, o candidato deve ter conclu\u00eddo o Ensino M\u00e9dio ou equivalente at\u00e9 o dia da matr\u00edcula e, no ato da matr\u00edcula, apresentar a documenta\u00e7\u00e3o completa exigida.<\/p>\n<p align=\"justify\"><span style=\"text-decoration: underline\"><strong><a href=\"http:\/\/www.ifbaiano.edu.br\/unidades\/santaines\/files\/2018\/03\/Vagas-Remanescentes-Subsequente-em-Inform\u00e1tica-Campus-Santa-In\u00eas.pdf\">PARA CONFIRMA\u00c7\u00c3O DOS DOCUMENTOS ACESSE O EDITAL AQUI<\/a><\/strong><\/span><\/p>\n<p align=\"justify\">A matr\u00edcula dos candidatos selecionados ser\u00e1 realizada na Secretaria de Registros Acad\u00eamicos do Campus Santa In\u00eas, no dia 16 de mar\u00e7o de 2018.<\/p>\n<p align=\"justify\">O candidato selecionado ou respons\u00e1vel dever\u00e1 realizar a matr\u00edcula pessoalmente ou por procura\u00e7\u00e3o, desde que o procurador apresente, al\u00e9m da procura\u00e7\u00e3o, c\u00f3pia de documento oficial de identifica\u00e7\u00e3o do candidato classificado, com foto, e documento de identifica\u00e7\u00e3o oficial (original e c\u00f3pia), com foto, do procurador.<\/p>\n<hr \/>\n<p align=\"justify\">Secretaria de Registros Acad\u00eamicos &#8211; SRA<\/p>\n<p align=\"justify\">Fone: (73) 3536-1210 Ramal 109<\/p>\n","protected":false},"excerpt":{"rendered":"<p>Edital N\u00b0 114, de 29 de agosto de 2018.<\/p>\n","protected":false},"author":86,"featured_media":0,"comment_status":"closed","ping_status":"closed","sticky":false,"template":"","format":"standard","meta":[],"categories":[4,5,10,8,1,57],"tags":[],"_links":{"self":[{"href":"https:\/\/www.ifbaiano.edu.br\/unidades\/santaines\/wp-json\/wp\/v2\/posts\/9888"}],"collection":[{"href":"https:\/\/www.ifbaiano.edu.br\/unidades\/santaines\/wp-json\/wp\/v2\/posts"}],"about":[{"href":"https:\/\/www.ifbaiano.edu.br\/unidades\/santaines\/wp-json\/wp\/v2\/types\/post"}],"author":[{"embeddable":true,"href":"https:\/\/www.ifbaiano.edu.br\/unidades\/santaines\/wp-json\/wp\/v2\/users\/86"}],"replies":[{"embeddable":true,"href":"https:\/\/www.ifbaiano.edu.br\/unidades\/santaines\/wp-json\/wp\/v2\/comments?post=9888"}],"version-history":[{"count":10,"href":"https:\/\/www.ifbaiano.edu.br\/unidades\/santaines\/wp-json\/wp\/v2\/posts\/9888\/revisions"}],"predecessor-version":[{"id":9901,"href":"https:\/\/www.ifbaiano.edu.br\/unidades\/santaines\/wp-json\/wp\/v2\/posts\/9888\/revisions\/9901"}],"wp:attachment":[{"href":"https:\/\/www.ifbaiano.edu.br\/unidades\/santaines\/wp-json\/wp\/v2\/media?parent=9888"}],"wp:term":[{"taxonomy":"category","embeddable":true,"href":"https:\/\/www.ifbaiano.edu.br\/unidades\/santaines\/wp-json\/wp\/v2\/categories?post=9888"},{"taxonomy":"post_tag","embeddable":true,"href":"https:\/\/www.ifbaiano.edu.br\/unidades\/santaines\/wp-json\/wp\/v2\/tags?post=9888"}],"curies":[{"name":"wp","href":"https:\/\/api.w.org\/{rel}","templated":true}]}}