{"id":9906,"date":"2018-03-20T08:33:37","date_gmt":"2018-03-20T11:33:37","guid":{"rendered":"http:\/\/www.ifbaiano.edu.br\/unidades\/santaines\/?p=9906"},"modified":"2018-03-21T13:45:55","modified_gmt":"2018-03-21T16:45:55","slug":"if-baiano-lanca-catalogo-de-cursos-fic","status":"publish","type":"post","link":"https:\/\/www.ifbaiano.edu.br\/unidades\/santaines\/if-baiano-lanca-catalogo-de-cursos-fic\/","title":{"rendered":"IF Baiano lan\u00e7a cat\u00e1logo de cursos FIC"},"content":{"rendered":"<div class=\"subtitulo-post\">\n<hr \/>\n<\/div>\n<div id=\"textoNoticia\">\n<div class=\"addtoany_share_save_container addtoany_content_top\">Desde 2016, o Instituto Federal Baiano (IF Baiano) oferta cursos de qualifica\u00e7\u00e3o profissional das modalidades de Forma\u00e7\u00e3o Inicial e Continuada (FIC). Assim como todos os cursos ofertados na institui\u00e7\u00e3o, os cursos FIC s\u00e3o gratuitos. Al\u00e9m disso, eles s\u00e3o de curta dura\u00e7\u00e3o, podendo variar entre a carga hor\u00e1ria m\u00ednima de 12h (Forma\u00e7\u00e3o Inicial) ou de 160h (Forma\u00e7\u00e3o Continuada).<\/div>\n<div class=\"pf-content\">\n<p style=\"text-align: justify\">Os cursos FIC s\u00e3o indicados para quem deseja atualizar conhecimentos na \u00e1rea de atua\u00e7\u00e3o ou para quem est\u00e1 buscando a reinser\u00e7\u00e3o no mercado de trabalho. A oferta de cursos de qualifica\u00e7\u00e3o profissional busca promover cidadania e inclus\u00e3o social, al\u00e9m de atender as demandas dos setores produtivos dos territ\u00f3rios em que o IF Baiano est\u00e1 presente.<\/p>\n<p style=\"text-align: justify\">Hoje, o IF Baiano est\u00e1 autorizado a ofertar 70 cursos da modalidade nos eixos de Produ\u00e7\u00e3o Aliment\u00edcia, Recursos Naturais, Informa\u00e7\u00e3o e Comunica\u00e7\u00e3o, Gest\u00e3o e Neg\u00f3cios, Desenvolvimento Educacional e Social, Hospitalidade e Lazer e Infraestrutura. Com o intuito de reunir informa\u00e7\u00f5es sobre os cursos, est\u00e1 sendo lan\u00e7ado o\u00a0<strong><a href=\"http:\/\/ifbaiano.edu.br\/portal\/extensao\/wp-content\/uploads\/sites\/4\/2016\/10\/catalogo-cursos-fic-2018.pdf\">Cat\u00e1logo de Cursos FIC<\/a><\/strong>\u00a0do IF Baiano.<\/p>\n<p style=\"text-align: justify\">O ingresso nos cursos de Forma\u00e7\u00e3o Inicial e Continuada se d\u00e1 atrav\u00e9s dos editais de sele\u00e7\u00e3o, divulgados no decorrer do ano. Os novos editais s\u00e3o sempre publicados na\u00a0<strong><a href=\"http:\/\/ifbaiano.edu.br\/portal\/concursos\/\">p\u00e1gina de concursos e sele\u00e7\u00f5es<\/a><\/strong>\u00a0do IF Baiano.<\/p>\n<p style=\"text-align: justify\">Servidores do IF Baiano e entidades externas podem propor cursos de Forma\u00e7\u00e3o Inicial e Continuada. Para saber mais, entre em contato com a Pr\u00f3-Reitoria de Extens\u00e3o (Proex), ligando para (71) 3186-0025 \/ 3186-0029, ou enviando e-mail para proex@ifbaiano.edu.br.<\/p>\n<hr \/>\n<\/div>\n<p style=\"text-align: justify\">Fonte:\u00a0https:\/\/goo.gl\/Rw3kbD<\/p>\n<\/div>\n","protected":false},"excerpt":{"rendered":"<p>Atualmente, s\u00e3o mais de 70 op\u00e7\u00f5es de cursos autorizados para oferta na institui\u00e7\u00e3o.<\/p>\n","protected":false},"author":86,"featured_media":0,"comment_status":"closed","ping_status":"closed","sticky":false,"template":"","format":"standard","meta":[],"categories":[4,5,10,57],"tags":[],"_links":{"self":[{"href":"https:\/\/www.ifbaiano.edu.br\/unidades\/santaines\/wp-json\/wp\/v2\/posts\/9906"}],"collection":[{"href":"https:\/\/www.ifbaiano.edu.br\/unidades\/santaines\/wp-json\/wp\/v2\/posts"}],"about":[{"href":"https:\/\/www.ifbaiano.edu.br\/unidades\/santaines\/wp-json\/wp\/v2\/types\/post"}],"author":[{"embeddable":true,"href":"https:\/\/www.ifbaiano.edu.br\/unidades\/santaines\/wp-json\/wp\/v2\/users\/86"}],"replies":[{"embeddable":true,"href":"https:\/\/www.ifbaiano.edu.br\/unidades\/santaines\/wp-json\/wp\/v2\/comments?post=9906"}],"version-history":[{"count":2,"href":"https:\/\/www.ifbaiano.edu.br\/unidades\/santaines\/wp-json\/wp\/v2\/posts\/9906\/revisions"}],"predecessor-version":[{"id":9908,"href":"https:\/\/www.ifbaiano.edu.br\/unidades\/santaines\/wp-json\/wp\/v2\/posts\/9906\/revisions\/9908"}],"wp:attachment":[{"href":"https:\/\/www.ifbaiano.edu.br\/unidades\/santaines\/wp-json\/wp\/v2\/media?parent=9906"}],"wp:term":[{"taxonomy":"category","embeddable":true,"href":"https:\/\/www.ifbaiano.edu.br\/unidades\/santaines\/wp-json\/wp\/v2\/categories?post=9906"},{"taxonomy":"post_tag","embeddable":true,"href":"https:\/\/www.ifbaiano.edu.br\/unidades\/santaines\/wp-json\/wp\/v2\/tags?post=9906"}],"curies":[{"name":"wp","href":"https:\/\/api.w.org\/{rel}","templated":true}]}}