{"id":9911,"date":"2018-03-21T13:37:18","date_gmt":"2018-03-21T16:37:18","guid":{"rendered":"http:\/\/www.ifbaiano.edu.br\/unidades\/santaines\/?p=9911"},"modified":"2018-03-21T13:45:38","modified_gmt":"2018-03-21T16:45:38","slug":"if-baiano-divulga-chamadas-para-concessao-de-bolsas-de-iniciacao-cientifica","status":"publish","type":"post","link":"https:\/\/www.ifbaiano.edu.br\/unidades\/santaines\/if-baiano-divulga-chamadas-para-concessao-de-bolsas-de-iniciacao-cientifica\/","title":{"rendered":"IF Baiano divulga chamadas para concess\u00e3o de bolsas de inicia\u00e7\u00e3o cient\u00edfica"},"content":{"rendered":"<hr \/>\n<div id=\"tituloNoticia\"><\/div>\n<div id=\"textoNoticia\">\n<div class=\"addtoany_share_save_container addtoany_content_top\"><\/div>\n<div class=\"pf-content\">\n<p class=\"western\" style=\"text-align: justify\">A Pr\u00f3-Reitoria de Pesquisa e Inova\u00e7\u00e3o (Propes) divulgou, nesta semana, tr\u00eas chamadas com o objetivo de selecionar propostas de projetos de pesquisa para concess\u00e3o de bolsas de inicia\u00e7\u00e3o cient\u00edfica. Interessados devem verificar os requisitos dispostos nos edital e realizar a\u00a0<strong>submiss\u00e3o de propostas at\u00e9 23 de abril de 2018.<\/strong><\/p>\n<p class=\"western\" style=\"text-align: justify\">A quantidade de projetos contemplados depender\u00e1 da cota de bolsas disponibilizada pelo CNPq ao IF Baiano em 2018. Saiba mais sobre os editais dispon\u00edveis:<\/p>\n<h3 class=\"western\" style=\"text-align: justify\"><b>Programa Institucional de Bolsas de Inicia\u00e7\u00e3o Cient\u00edfica PIBIC\/CNPq\/IF Baiano e PIBIC-Af\/CNPq\/IF Baiano 2018<\/b><\/h3>\n<p class=\"western\" style=\"text-align: justify\">A\u00a0<a href=\"http:\/\/concurso.ifbaiano.edu.br\/portal\/chamada-interna-propes-01-2018\/\">Chamada Propes n\u00b0 01\/2018<\/a>\u00a0est\u00e1 selecionando propostas para apoio financeiro que visem contribuir significativamente para o desenvolvimento cient\u00edfico, tecnol\u00f3gico e inova\u00e7\u00e3o no IF Baiano. As bolsas ter\u00e3o 12 meses de dura\u00e7\u00e3o, com in\u00edcio em agosto de 2018. Podem concorrer \u00e0s bolsas,\u00a0<strong>discentes matriculados em cursos de gradua\u00e7\u00e3o<\/strong>do IF Baiano. O proponente (orientador do trabalho) tamb\u00e9m deve atender requisitos, como ser servidor efetivo da institui\u00e7\u00e3o e possuir titula\u00e7\u00e3o de doutor.<\/p>\n<h3 class=\"western\" style=\"text-align: justify\"><b>Programa Institucional de Bolsas de Inicia\u00e7\u00e3o Cient\u00edfica PIBIC \u2013 Ensino M\u00e9dio\/CNPq\/IF Baiano 2018<\/b><\/h3>\n<p class=\"western\" style=\"text-align: justify\">Podem ser submetidas \u00e0\u00a0<a href=\"http:\/\/concurso.ifbaiano.edu.br\/portal\/chamada-interna-propes-02-2018\/\">Chamada Propes 02\/2018<\/a>,\u00a0propostas de projetos institucionais vinculados a bolsistas de Inicia\u00e7\u00e3o Cient\u00edfica Junior (ICJ) que visem despertar voca\u00e7\u00e3o cient\u00edfica e incentivar talentos potenciais entre estudantes do ensino m\u00e9dio do IF Baiano.\u00a0 O candidato a bolsista deve ser\u00a0<strong>estudante de curso de ensino m\u00e9dio, integrado ou subsequente<\/strong>. Para o proponente (orientador do projeto) \u00e9 exigida a titula\u00e7\u00e3o m\u00ednima de mestre, com expressiva produ\u00e7\u00e3o cient\u00edfica e tecnol\u00f3gica.<\/p>\n<h3 class=\"western\" style=\"text-align: justify\"><b>Programa Institucional de Bolsas de Inicia\u00e7\u00e3o em Desenvolvimento Tecnol\u00f3gico e Inova\u00e7\u00e3o \u2013 PIBITI\/CNPq\/IF Baiano 2018<\/b><\/h3>\n<p class=\"western\" style=\"text-align: justify\">A\u00a0<a href=\"http:\/\/concurso.ifbaiano.edu.br\/portal\/chamada-interna-propes-03-2018\/\">Chamada Propes n\u00b003\/2018<\/a>\u00a0seleciona propostas que devem ter como resultado o dep\u00f3sito de uma patente, ou registro e aplicativo computacional, ou registro de um desenho industrial ou registro de cultivares. A quantidade de projetos contemplados depender\u00e1 da cota de bolsas disponibilizada pelo CNPq ao IF Baiano em 2018. Podem concorrer \u00e0s bolsas ofertadas nesta chamada,\u00a0<strong>discentes matriculados em cursos de gradua\u00e7\u00e3o<\/strong>\u00a0do IF Baiano. O proponente (orientador do trabalho) tamb\u00e9m deve atender requisitos, como ser servidor efetivo da institui\u00e7\u00e3o e possuir titula\u00e7\u00e3o de doutor.<\/p>\n<p class=\"western\" style=\"text-align: justify\">\u2014<\/p>\n<p class=\"western\" style=\"text-align: justify\">Para obter mais informa\u00e7\u00f5es, os interessados podem entrar em contato com Pr\u00f3-Reitoria de Pesquisa e Inova\u00e7\u00e3o, pelo Telefone: (71) 3186-0028 ou E-mail: pepropes@ifbaiano.edu.br<\/p>\n<hr \/>\n<p>Fonte: https:\/\/goo.gl\/ykxZST<\/p>\n<\/div>\n<\/div>\n","protected":false},"excerpt":{"rendered":"<p>Submiss\u00e3o de propostas at\u00e9 23 de abril de 2018.<\/p>\n","protected":false},"author":86,"featured_media":0,"comment_status":"closed","ping_status":"closed","sticky":false,"template":"","format":"standard","meta":[],"categories":[4,10,8,57],"tags":[],"_links":{"self":[{"href":"https:\/\/www.ifbaiano.edu.br\/unidades\/santaines\/wp-json\/wp\/v2\/posts\/9911"}],"collection":[{"href":"https:\/\/www.ifbaiano.edu.br\/unidades\/santaines\/wp-json\/wp\/v2\/posts"}],"about":[{"href":"https:\/\/www.ifbaiano.edu.br\/unidades\/santaines\/wp-json\/wp\/v2\/types\/post"}],"author":[{"embeddable":true,"href":"https:\/\/www.ifbaiano.edu.br\/unidades\/santaines\/wp-json\/wp\/v2\/users\/86"}],"replies":[{"embeddable":true,"href":"https:\/\/www.ifbaiano.edu.br\/unidades\/santaines\/wp-json\/wp\/v2\/comments?post=9911"}],"version-history":[{"count":1,"href":"https:\/\/www.ifbaiano.edu.br\/unidades\/santaines\/wp-json\/wp\/v2\/posts\/9911\/revisions"}],"predecessor-version":[{"id":9912,"href":"https:\/\/www.ifbaiano.edu.br\/unidades\/santaines\/wp-json\/wp\/v2\/posts\/9911\/revisions\/9912"}],"wp:attachment":[{"href":"https:\/\/www.ifbaiano.edu.br\/unidades\/santaines\/wp-json\/wp\/v2\/media?parent=9911"}],"wp:term":[{"taxonomy":"category","embeddable":true,"href":"https:\/\/www.ifbaiano.edu.br\/unidades\/santaines\/wp-json\/wp\/v2\/categories?post=9911"},{"taxonomy":"post_tag","embeddable":true,"href":"https:\/\/www.ifbaiano.edu.br\/unidades\/santaines\/wp-json\/wp\/v2\/tags?post=9911"}],"curies":[{"name":"wp","href":"https:\/\/api.w.org\/{rel}","templated":true}]}}