{"id":9913,"date":"2018-03-21T13:44:52","date_gmt":"2018-03-21T16:44:52","guid":{"rendered":"http:\/\/www.ifbaiano.edu.br\/unidades\/santaines\/?p=9913"},"modified":"2018-03-22T09:55:29","modified_gmt":"2018-03-22T12:55:29","slug":"minuta-de-organizacao-dos-cursos-da-educacao-basica-e-profissional-esta-disponivel-para-contribuicoes","status":"publish","type":"post","link":"https:\/\/www.ifbaiano.edu.br\/unidades\/santaines\/minuta-de-organizacao-dos-cursos-da-educacao-basica-e-profissional-esta-disponivel-para-contribuicoes\/","title":{"rendered":"Minuta de organiza\u00e7\u00e3o dos cursos da Educa\u00e7\u00e3o B\u00e1sica e Profissional est\u00e1 dispon\u00edvel para contribui\u00e7\u00f5es"},"content":{"rendered":"<hr \/>\n<div id=\"textoNoticia\">\n<div class=\"addtoany_share_save_container addtoany_content_top\"><\/div>\n<div class=\"pf-content\">\n<p class=\"western\" style=\"text-align: justify\">Estudantes e servidores do Instituto Federal Baiano (IF Baiano) podem participar da constru\u00e7\u00e3o da\u00a0<a href=\"http:\/\/ifbaiano.edu.br\/portal\/wp-content\/uploads\/2018\/03\/MINUTA-ORGANIZA%C3%87%C3%83O-DID%C3%81TICA-REVISADA-EM-11.01.18_Revisada.pdf\">Minuta da Organiza\u00e7\u00e3o Did\u00e1tica dos Cursos da Educa\u00e7\u00e3o B\u00e1sica e Profissional<\/a>\u00a0da institui\u00e7\u00e3o. Para ofertar contribui\u00e7\u00f5es ao texto, os interessados dever\u00e3o responder um question\u00e1rio dispon\u00edvel na plataforma\u00a0<a href=\"https:\/\/opinanovo.ifbaiano.edu.br\/index.php\/534744?lang=pt-BR\" target=\"_blank\">Opina<\/a>\u00a0at\u00e9 o dia 10 de abril de 2018.<\/p>\n<p class=\"western\" style=\"text-align: justify\">A comunidade poder\u00e1 propor retirar, acrescentar ou modificar o texto de qualquer um dos artigos da minuta.<\/p>\n<p class=\"western\" style=\"text-align: justify\">O documento tem por finalidade orientar e reger os procedimentos did\u00e1ticos, pedag\u00f3gicos e administrativos relativos \u00e0 Educa\u00e7\u00e3o Profissional T\u00e9cnica de N\u00edvel M\u00e9dio, no \u00e2mbito do IF Baiano, em conson\u00e2ncia com com a Lei n\u00ba 9.394\/1996, com a Lei n\u00ba 11.892\/2008, bem como, com as Regulamenta\u00e7\u00f5es, Pareceres e com as Resolu\u00e7\u00f5es do Conselho Nacional de Educa\u00e7\u00e3o, com as Diretrizes Curriculares Nacionais, com o Regimento Geral, o Estatuto e o Plano de Desenvolvimento Institucional (PDI).<\/p>\n<p style=\"text-align: justify\">\u201c\u00c9 importante que todos contribuam, principalmente aqueles que atuam diretamente nos cursos da Educa\u00e7\u00e3o B\u00e1sica e Profissional, para que o documento final, a ser aprovado, seja enriquecido por m\u00faltiplos olhares\u201d, ressalta a Coordenadora Geral da Educa\u00e7\u00e3o B\u00e1sica e Profissional, Jaqueline Gomes.<\/p>\n<hr \/>\n<p style=\"text-align: justify\">Fonte:\u00a0https:\/\/goo.gl\/5xhP8b<\/p>\n<\/div>\n<\/div>\n","protected":false},"excerpt":{"rendered":"<p>Estudantes e servidores do IF Baiano podem propor modifica\u00e7\u00f5es ao documento at\u00e9 10 de abril.<\/p>\n","protected":false},"author":86,"featured_media":0,"comment_status":"closed","ping_status":"closed","sticky":false,"template":"","format":"standard","meta":[],"categories":[4,5,10,57],"tags":[],"_links":{"self":[{"href":"https:\/\/www.ifbaiano.edu.br\/unidades\/santaines\/wp-json\/wp\/v2\/posts\/9913"}],"collection":[{"href":"https:\/\/www.ifbaiano.edu.br\/unidades\/santaines\/wp-json\/wp\/v2\/posts"}],"about":[{"href":"https:\/\/www.ifbaiano.edu.br\/unidades\/santaines\/wp-json\/wp\/v2\/types\/post"}],"author":[{"embeddable":true,"href":"https:\/\/www.ifbaiano.edu.br\/unidades\/santaines\/wp-json\/wp\/v2\/users\/86"}],"replies":[{"embeddable":true,"href":"https:\/\/www.ifbaiano.edu.br\/unidades\/santaines\/wp-json\/wp\/v2\/comments?post=9913"}],"version-history":[{"count":1,"href":"https:\/\/www.ifbaiano.edu.br\/unidades\/santaines\/wp-json\/wp\/v2\/posts\/9913\/revisions"}],"predecessor-version":[{"id":9914,"href":"https:\/\/www.ifbaiano.edu.br\/unidades\/santaines\/wp-json\/wp\/v2\/posts\/9913\/revisions\/9914"}],"wp:attachment":[{"href":"https:\/\/www.ifbaiano.edu.br\/unidades\/santaines\/wp-json\/wp\/v2\/media?parent=9913"}],"wp:term":[{"taxonomy":"category","embeddable":true,"href":"https:\/\/www.ifbaiano.edu.br\/unidades\/santaines\/wp-json\/wp\/v2\/categories?post=9913"},{"taxonomy":"post_tag","embeddable":true,"href":"https:\/\/www.ifbaiano.edu.br\/unidades\/santaines\/wp-json\/wp\/v2\/tags?post=9913"}],"curies":[{"name":"wp","href":"https:\/\/api.w.org\/{rel}","templated":true}]}}