{"id":9915,"date":"2018-03-22T09:54:43","date_gmt":"2018-03-22T12:54:43","guid":{"rendered":"http:\/\/www.ifbaiano.edu.br\/unidades\/santaines\/?p=9915"},"modified":"2018-03-22T10:45:28","modified_gmt":"2018-03-22T13:45:28","slug":"mensagem-do-professor-nelson-vieira-da-silva-filho-diretor-geral-do-if-baiano-campus-santa-ines-ate-19032018","status":"publish","type":"post","link":"https:\/\/www.ifbaiano.edu.br\/unidades\/santaines\/mensagem-do-professor-nelson-vieira-da-silva-filho-diretor-geral-do-if-baiano-campus-santa-ines-ate-19032018\/","title":{"rendered":"Mensagem do Professor Nelson Vieira da Silva Filho, Diretor Geral do IF Baiano Campus Santa In\u00eas, at\u00e9 19\/03\/2018"},"content":{"rendered":"<hr \/>\n<p>Diretor Geral do IF Baiano Campus Santa In\u00eas , at\u00e9 19\/03\/2018, Professor Nelson Vieira da Silva Filho, divulga uma mensagem\u00a0onde agradece o apoio e a confian\u00e7a da comunidade acad\u00eamica. Leia, a seguir, a \u00edntegra do comunicado:<\/p>\n<p><span style=\"color: #ffffff\">.<\/span><\/p>\n<div class=\"textLayer\">\n<div>\n<div class=\"textLayer\">\n<div>\n<div class=\"textLayer\">\n<div style=\"text-align: justify\">Prezados Servidores, Funcion\u00e1rios Terceirizados e Estudantes<\/div>\n<div style=\"text-align: justify\"><span style=\"color: #ffffff\">.<\/span><\/div>\n<div style=\"text-align: justify\">Neste momento, em que se encerra a minha contribui\u00e7\u00e3o a frente do IF Baiano Campus Santa In\u00eas, dirigo-me a todos da Comunidade Acad\u00eamica para agradecer o apoio durante esses quase sete anos em que tive a honrosa oportunidade de dirigir o nosso Campus.<\/div>\n<div style=\"text-align: justify\">O Campus Santa In\u00eas chega em 2018 com grandes avan\u00e7os, quer seja em sua infraestrutura, ou na qualidade das a\u00e7\u00f5es de Ensino, Pesquisa e Extens\u00e3o. Para isso, foi necess\u00e1ria uma gest\u00e3o do or\u00e7amento que levou o nosso Campus a posi\u00e7\u00e3o de um dos or\u00e7amentos mais qualificados do IF Baiano. Gerimos os recursos de forma a atender as demandas institucionais, mesmo com os frequentes cortes e contingenciamentos or\u00e7ament\u00e1rios dos \u00faltimos anos. Planejamos de forma democr\u00e1tica e transparente, sempre em busca de um Plano Anual de A\u00e7\u00f5es (PAA) que atendesse aos anseios da comunidade, por\u00e9m de forma respons\u00e1vel e realista diante do cen\u00e1rio econ\u00f4mico que vivemos. Estou convicto de que nosso maior progresso foi exatamente neste campo, a constru\u00e7\u00e3o do PAA juntamente com a comunidade, sem me furtar a assumir a responsabilidade que cabe exclusivamente ao gestor.<\/div>\n<div style=\"text-align: justify\">Durante esses anos de gest\u00e3o conseguimos reestruturar os setores Administrativos e pedag\u00f3gicos atrav\u00e9s da substitui\u00e7\u00e3o de mobili\u00e1rios e computadores, melhorando de forma significativa a qualidade do ambiente de trabalho dos servidores. N\u00e3o deixamos de desenvolver a\u00e7\u00f5es para melhoria dos ambientes pedag\u00f3gicos, a exemplo da reestrutura\u00e7\u00e3o de laborat\u00f3rios, unidade educativas de campo e salas de aulas, atrav\u00e9s da climatiza\u00e7\u00e3o e instala\u00e7\u00e3o de equipamentos multim\u00eddia nesses ambientes, por\u00e9m temos a consci\u00eancia que muito ainda tem a se fazer, principalmente quanto \u00e0 melhoria da infraestrutra para os cursos T\u00e9cnico em Inform\u00e1tica e T\u00e9cnico em Alimentos, ou ainda a\u00e7\u00f5es de manuten\u00e7\u00e3o e conserva\u00e7\u00e3o do que foi reestruturado, a exemplo da quadra poliesportiva.<\/div>\n<div style=\"text-align: justify\">Consolidamos os nossos Cursos Superiores, obtendo conceitos \u201cbom\u201d e \u201cmuito bom\u201d nas avalia\u00e7\u00f5es do MEC, levando estes ao rol dos melhores cursos do pa\u00eds, segundo o Guia de Cursos Abril. Mas, nem por isso paramos de buscar melhorias, prova disso, \u00e9 a recente inaugura\u00e7\u00e3o do novo bloco de salas de aulas e laborat\u00f3rios. A gest\u00e3o qualificada do or\u00e7amento nos permitiu, ainda, atender a grande maioria das solicita\u00e7\u00f5es\u00a0 de viagens t\u00e9cnicas e demais viagens institucionais, atrav\u00e9s da aquisi\u00e7\u00e3o de<\/div>\n<\/div>\n<\/div>\n<div style=\"text-align: justify\">novos ve\u00edculos e disponibilidade de recursos para pagamento de di\u00e1rias e ajuda de custo para os estudantes. Al\u00e9m da realiza\u00e7\u00e3o de diversos eventos importantes para a forma\u00e7\u00e3o dos nossos estudantes, bem como para integra\u00e7\u00e3o dos servidores.<\/div>\n<div style=\"text-align: justify\">Passamos a ser refer\u00eancia em a\u00e7\u00f5es como a Assist\u00eancia estudantil, n\u00e3o s\u00f3 atrav\u00e9s da concess\u00e3o de aux\u00edlios, mas, principalmente, nos atendimentos odontol\u00f3gicos psicossociais, de enfermagem, e na oferta de alimenta\u00e7\u00e3o aos nossos estudantes \u201cSomos o melhor refeit\u00f3rio do IF Baiano\u201d.<\/div>\n<div style=\"text-align: justify\">Dentre as a\u00e7\u00f5es do ensino, podemos destacar: (1) a implanta\u00e7\u00e3o do planejamento colegiado e detalhado das atividades acad\u00eamicas para os per\u00edodos letivos (visitas t\u00e9cnicas, estrat\u00e9gias pedag\u00f3gicas, eventos institucionais, monitoria, cursos de nivelamento e s\u00e1bados letivos), que ampliaram as proposi\u00e7\u00f5es de atividades interdisciplinares, a otimiza\u00e7\u00e3o e equidade dos recursos e padroniza\u00e7\u00e3o de procedimentos, possibilitando uma vis\u00e3o integral e sist\u00eamica das a\u00e7\u00f5es\/cursos; (2) a reformula\u00e7\u00e3o e constru\u00e7\u00e3o de documentos institucionais norteadores do processo de ensino-aprendizagem, a exemplo do PPP e PPCs de todos os cursos; (3) cria\u00e7\u00e3o de regulamentos e portarias, visando o aprimoramento da utiliza\u00e7\u00e3o de espa\u00e7os coletivos institucionais (Audit\u00f3rio, Refeit\u00f3rio, Casa da Cultura, Laborat\u00f3rios e UEC), bem como a orienta\u00e7\u00e3o e acompanhamento de diversas atividades vinculadas ao ensino, pesquisa e extens\u00e3o (Est\u00e1gios, Trabalho de Conclus\u00e3o de Curso, Atividades Complementares, Grupos de Estudos, Apoio a Participa\u00e7\u00e3o de Discentes em Eventos Acad\u00eamicos, Acompanhamento da Frequ\u00eancia Discente, Seguro Discente e Licen\u00e7a<\/div>\n<div style=\"text-align: justify\">Discente do Recinto Escolar); (4) desenvolvimento de estrat\u00e9gias para a melhoria da comunica\u00e7\u00e3o (a exemplo, da cria\u00e7\u00e3o do Setor de Acompanhamento da Carga Hor\u00e1ria, N\u00facleo de Comunica\u00e7\u00e3o e Eventos do Campus, Boletim Informativo, Agendas e Pendrivecard personalizados e Manuais Acad\u00eamicos); (5) a\u00e7\u00f5es e eventos de promo\u00e7\u00e3o a sa\u00fade, integra\u00e7\u00e3o e respeito a diversidade.<\/div>\n<div style=\"text-align: justify\">Ao longo deste per\u00edodo, ainda tivemos um aumento significativo nos n\u00fameros de servidores Docentes e T\u00e9cnicos Administrativos em Educa\u00e7\u00e3o, e de discentes, o que refletiram no crescimento de demandas referentes \u00e0 ger\u00eancia de informa\u00e7\u00f5es acad\u00eamicas, administrativas, de pessoal,\u00a0 assist\u00eancia estudantil e capacita\u00e7\u00e3o de servidores, exigindo de todos muita dedica\u00e7\u00e3o, comprometimento, profissionalismo e pertencimento.<\/div>\n<\/div>\n<\/div>\n<div style=\"text-align: justify\">Acreditamos que as melhorias realizadas na infraestrutura e nos processos administrativos e acad\u00eamicos contribuir\u00e3o para a oferta respons\u00e1vel e planejada de novos cursos, sobretudo de p\u00f3s-gradua\u00e7\u00e3o, \u201cuma necessidade que nos bate a porta\u201d<\/div>\n<div style=\"text-align: justify\">Por\u00e9m nada disso seria poss\u00edvel sem a colabora\u00e7\u00e3o dos envolvidos nos processos do Gabinete, Licita\u00e7\u00e3o, Contratos, Financeira e Cont\u00e1bil, Recursos Humanos, Tecnologia da Informa\u00e7\u00e3o, Comunica\u00e7\u00e3o, Almoxarifado, Patrim\u00f4nio, Suprimento e Log\u00edstica, Transportes, Apoio Pedag\u00f3gico, Nutri\u00e7\u00e3o e Sa\u00fade, Registros Acad\u00eamicos, Psicossocial, Rela\u00e7\u00f5es Institucionais, Pesquisa, Extens\u00e3o, Atividades de Laborat\u00f3rios e Unidades Educativas de Campo, Atividades docente, dentre outras. Por isso o meu sincero agradecimento a todos.<\/div>\n<div style=\"text-align: justify\">Um agradecimento especial a todos aqueles que conduziram de forma grandiosa e sem mediocridade os processos e a\u00e7\u00f5es das unidades de trabalho acima descritas, e que culminaram nesses avan\u00e7os. Os gestores que me ajudaram durante esses anos de gest\u00e3o, que nunca se furtaram em conduzir a Institui\u00e7\u00e3o junto comigo, na confian\u00e7a do que era dito e encaminhado, trabalhar com voc\u00eas foi uma satisfa\u00e7\u00e3o e um grande aprendizado, obrigado por cada minuto de dedica\u00e7\u00e3o e empenho.<\/div>\n<div style=\"text-align: justify\">Por fim, transmito a Dire\u00e7\u00e3o do Campus com a sensa\u00e7\u00e3o do dever cumprido, e na certeza de que precisamos e vamos avan\u00e7ar ainda mais!<\/div>\n<div style=\"text-align: justify\">Aproveito para desejar sucesso e paz para o Diretor-Geral do IF Baiano \u2013 Campus Santa In\u00eas, Prof. Abdon Santos Nogueira.<\/div>\n<div style=\"text-align: justify\">Um Fraterno Abra\u00e7o e que Deus aben\u00e7oe a todos!<\/div>\n<div style=\"text-align: justify\"><span style=\"color: #ffffff\">.<\/span><\/div>\n<div style=\"text-align: justify\">Nelson Vieira da Silva Filho<\/div>\n<div style=\"text-align: justify\">Diretor-Geral 2011-2018<\/div>\n<div style=\"text-align: justify\">\n<hr \/>\n<\/div>\n<\/div>\n","protected":false},"excerpt":{"rendered":"<p>Mensagem em agradecimento \u00e0 comunidade acad\u00eamica<\/p>\n","protected":false},"author":86,"featured_media":0,"comment_status":"closed","ping_status":"closed","sticky":false,"template":"","format":"standard","meta":[],"categories":[4,5,10,57],"tags":[],"_links":{"self":[{"href":"https:\/\/www.ifbaiano.edu.br\/unidades\/santaines\/wp-json\/wp\/v2\/posts\/9915"}],"collection":[{"href":"https:\/\/www.ifbaiano.edu.br\/unidades\/santaines\/wp-json\/wp\/v2\/posts"}],"about":[{"href":"https:\/\/www.ifbaiano.edu.br\/unidades\/santaines\/wp-json\/wp\/v2\/types\/post"}],"author":[{"embeddable":true,"href":"https:\/\/www.ifbaiano.edu.br\/unidades\/santaines\/wp-json\/wp\/v2\/users\/86"}],"replies":[{"embeddable":true,"href":"https:\/\/www.ifbaiano.edu.br\/unidades\/santaines\/wp-json\/wp\/v2\/comments?post=9915"}],"version-history":[{"count":2,"href":"https:\/\/www.ifbaiano.edu.br\/unidades\/santaines\/wp-json\/wp\/v2\/posts\/9915\/revisions"}],"predecessor-version":[{"id":9917,"href":"https:\/\/www.ifbaiano.edu.br\/unidades\/santaines\/wp-json\/wp\/v2\/posts\/9915\/revisions\/9917"}],"wp:attachment":[{"href":"https:\/\/www.ifbaiano.edu.br\/unidades\/santaines\/wp-json\/wp\/v2\/media?parent=9915"}],"wp:term":[{"taxonomy":"category","embeddable":true,"href":"https:\/\/www.ifbaiano.edu.br\/unidades\/santaines\/wp-json\/wp\/v2\/categories?post=9915"},{"taxonomy":"post_tag","embeddable":true,"href":"https:\/\/www.ifbaiano.edu.br\/unidades\/santaines\/wp-json\/wp\/v2\/tags?post=9915"}],"curies":[{"name":"wp","href":"https:\/\/api.w.org\/{rel}","templated":true}]}}