{"id":9918,"date":"2018-03-22T10:44:52","date_gmt":"2018-03-22T13:44:52","guid":{"rendered":"http:\/\/www.ifbaiano.edu.br\/unidades\/santaines\/?p=9918"},"modified":"2018-03-22T11:12:20","modified_gmt":"2018-03-22T14:12:20","slug":"posse-coletiva-de-nove-diretores-gerais-do-if-baiano","status":"publish","type":"post","link":"https:\/\/www.ifbaiano.edu.br\/unidades\/santaines\/posse-coletiva-de-nove-diretores-gerais-do-if-baiano\/","title":{"rendered":"Posse coletiva de nove diretores gerais do IF Baiano"},"content":{"rendered":"<hr \/>\n<div id=\"tituloNoticia\"><\/div>\n<div id=\"textoNoticia\">\n<div class=\"addtoany_share_save_container addtoany_content_top\"><\/div>\n<div class=\"pf-content\">\n<p class=\"western\" style=\"text-align: justify\" align=\"JUSTIFY\"><span lang=\"pt-BR\">Na \u00faltima ter\u00e7a-feira, 20 de mar\u00e7o,\u00a0<\/span><span lang=\"pt-BR\">no per\u00edodo da tarde,<\/span>\u00a0<span lang=\"pt-BR\">aconteceu a posse dos diretores gerais\u00a0<\/span><span lang=\"pt-BR\">do\u00a0<\/span><span lang=\"pt-BR\">Instituto Federal Baiano (IF Baiano) dos<\/span>\u00a0<span lang=\"pt-BR\"><i>Campi<\/i><\/span><span lang=\"pt-BR\">\u00a0Alagoinhas, Bom Jesus da Lapa,\u00a0<\/span><span lang=\"pt-BR\">Catu, Governador Mangabeira, Guanambi, Santa In\u00eas, Senhor do Bonfim, Uru\u00e7uca e Valen\u00e7a no audit\u00f3rio do Instituto Federal da Bahia (IFBA), Reitoria, no bairro do Canela.<\/span><\/p>\n<p class=\"western\" style=\"text-align: justify\" align=\"JUSTIFY\"><span lang=\"pt-BR\">Na<\/span><span lang=\"pt-BR\">\u00a0oportunidade,\u00a0<\/span><span lang=\"pt-BR\">o reitor\u00a0<\/span><span lang=\"pt-BR\"><i>pro tempore<\/i><\/span><span lang=\"pt-BR\">\u00a0do IF Baiano, Geovane Nascimento, o reitor do IFBA, Renato Anuncia\u00e7\u00e3o, o professor Nelson Vieira (representante do antigo grupo de diretores e ex-diretor do\u00a0<\/span><span lang=\"pt-BR\"><i>Campus<\/i><\/span><span lang=\"pt-BR\">Santa In\u00eas) e a professora Sandra Cerqueira (representante do novo grupo de diretores e nova diretora do<\/span><span lang=\"pt-BR\"><i>Campus<\/i><\/span><span lang=\"pt-BR\">\u00a0Catu) discursaram para os presentes, entre eles servidores dos\u00a0<\/span><span lang=\"pt-BR\"><i>campi<\/i><\/span><span lang=\"pt-BR\">.<\/span><\/p>\n<p class=\"western\" style=\"text-align: justify\" align=\"JUSTIFY\"><strong><span lang=\"pt-BR\">Novos diretores:<\/span><\/strong><\/p>\n<p class=\"western\" style=\"text-align: justify\" align=\"JUSTIFY\"><span lang=\"pt-BR\">Alagoinhas:\u00a0<\/span><span lang=\"pt-BR\">Professor J<\/span><span lang=\"pt-BR\">os\u00e9\u00a0<\/span><span lang=\"pt-BR\">R<\/span><span lang=\"pt-BR\">enato\u00a0<\/span><span lang=\"pt-BR\">O<\/span><span lang=\"pt-BR\">liveira\u00a0<\/span><span lang=\"pt-BR\">M<\/span><span lang=\"pt-BR\">ascarenhas<\/span><\/p>\n<p class=\"western\" style=\"text-align: justify\" align=\"JUSTIFY\"><span lang=\"pt-BR\">Bom Jesus da Lapa:\u00a0<\/span><span lang=\"pt-BR\">P<\/span><span lang=\"pt-BR\">rofessor<\/span>\u00a0<span lang=\"pt-BR\">G<\/span><span lang=\"pt-BR\">e\u00e2ngelo de\u00a0<\/span><span lang=\"pt-BR\">M<\/span><span lang=\"pt-BR\">atos\u00a0<\/span><span lang=\"pt-BR\">R<\/span><span lang=\"pt-BR\">osa<\/span><\/p>\n<p class=\"western\" style=\"text-align: justify\" align=\"JUSTIFY\"><span lang=\"pt-BR\">Catu:\u00a0<\/span><span lang=\"pt-BR\">P<\/span><span lang=\"pt-BR\">rofessora\u00a0<\/span><span lang=\"pt-BR\">S<\/span><span lang=\"pt-BR\">andra\u00a0<\/span><span lang=\"pt-BR\">C<\/span><span lang=\"pt-BR\">erqueira de\u00a0<\/span><span lang=\"pt-BR\">J<\/span><span lang=\"pt-BR\">esus<\/span><\/p>\n<p class=\"western\" style=\"text-align: justify\" align=\"JUSTIFY\"><span lang=\"pt-BR\">Governador Mangabeira:\u00a0<\/span><span lang=\"pt-BR\">P<\/span><span lang=\"pt-BR\">rofessora<\/span>\u00a0<span lang=\"pt-BR\">L<\/span><span lang=\"pt-BR\">\u00edvia\u00a0<\/span><span lang=\"pt-BR\">T<\/span><span lang=\"pt-BR\">osta dos\u00a0<\/span><span lang=\"pt-BR\">S<\/span><span lang=\"pt-BR\">antos<\/span><\/p>\n<p class=\"western\" style=\"text-align: justify\" align=\"JUSTIFY\"><span lang=\"pt-BR\">Guanambi:\u00a0<\/span><span lang=\"pt-BR\">P<\/span><span lang=\"pt-BR\">rofessor\u00a0<\/span><span lang=\"pt-BR\">C<\/span><span lang=\"pt-BR\">arlito\u00a0<\/span><span lang=\"pt-BR\">J<\/span><span lang=\"pt-BR\">os\u00e9 de\u00a0<\/span><span lang=\"pt-BR\">B<\/span><span lang=\"pt-BR\">arros\u00a0<\/span><span lang=\"pt-BR\">F<\/span><span lang=\"pt-BR\">ilho<\/span><\/p>\n<p class=\"western\" style=\"text-align: justify\" align=\"JUSTIFY\"><span lang=\"pt-BR\">Santa In\u00eas:\u00a0<\/span><span lang=\"pt-BR\">P<\/span><span lang=\"pt-BR\">rofessor\u00a0<\/span><span lang=\"pt-BR\">A<\/span><span lang=\"pt-BR\">bdon\u00a0<\/span><span lang=\"pt-BR\">S<\/span><span lang=\"pt-BR\">antos\u00a0<\/span><span lang=\"pt-BR\">N<\/span><span lang=\"pt-BR\">ogueira<\/span><\/p>\n<p class=\"western\" style=\"text-align: justify\" align=\"JUSTIFY\"><span lang=\"pt-BR\">Senhor do Bonfim:\u00a0<\/span><span lang=\"pt-BR\">P<\/span><span lang=\"pt-BR\">rofessor\u00a0<\/span><span lang=\"pt-BR\">A<\/span><span lang=\"pt-BR\">la\u00e9cio\u00a0<\/span><span lang=\"pt-BR\">S<\/span><span lang=\"pt-BR\">antos\u00a0<\/span><span lang=\"pt-BR\">R<\/span><span lang=\"pt-BR\">ibeiro<\/span><\/p>\n<p class=\"western\" style=\"text-align: justify\" align=\"JUSTIFY\"><span lang=\"pt-BR\">Uru\u00e7uca:\u00a0<\/span><span lang=\"pt-BR\">P<\/span><span lang=\"pt-BR\">rofessor\u00a0<\/span><span lang=\"pt-BR\">D<\/span><span lang=\"pt-BR\">aniel\u00a0<\/span><span lang=\"pt-BR\">C<\/span><span lang=\"pt-BR\">arlos\u00a0<\/span><span lang=\"pt-BR\">P<\/span><span lang=\"pt-BR\">ereira de\u00a0<\/span><span lang=\"pt-BR\">O<\/span><span lang=\"pt-BR\">liveira<\/span><\/p>\n<p class=\"western\" style=\"text-align: justify\" align=\"JUSTIFY\"><span lang=\"pt-BR\">Valen\u00e7a:\u00a0<\/span><span lang=\"pt-BR\">P<\/span><span lang=\"pt-BR\">rofessor<\/span>\u00a0<span lang=\"pt-BR\">G<\/span><span lang=\"pt-BR\">eovane\u00a0<\/span><span lang=\"pt-BR\">L<\/span><span lang=\"pt-BR\">ima\u00a0<\/span><span lang=\"pt-BR\">G<\/span><span lang=\"pt-BR\">uimar\u00e3es<\/span><\/p>\n<div id=\"attachment_8042\" class=\"wp-caption aligncenter\" style=\"text-align: justify\">\n<p><img decoding=\"async\" loading=\"lazy\" class=\"wp-image-8042\" src=\"http:\/\/ifbaiano.edu.br\/portal\/wp-content\/uploads\/2018\/03\/DSC_0337.jpg\" alt=\"A partir do lado esquerdo: Nelson Vieira, L\u00edvia Tosta, Sandra Cerqueira, Ge\u00e2ngelo Rosa, Geovane Nascimento, Renato Mascarenhas, Daniel Oliveira, Abdon Nogueira, Geovane Guimar\u00e3es, Carlito Barros Filho e Ala\u00e9cio Ribeiro\" width=\"800\" height=\"406\" \/><\/p>\n<p class=\"wp-caption-text\">A partir do lado esquerdo: Nelson Vieira, L\u00edvia Tosta, Sandra Cerqueira, Ge\u00e2ngelo Rosa, Geovane Nascimento, Renato Mascarenhas, Daniel Oliveira, Abdon Nogueira, Geovane Guimar\u00e3es, Carlito Barros Filho e Ala\u00e9cio Ribeiro<\/p>\n<hr \/>\n<\/div>\n<p class=\"western\" style=\"text-align: justify\" align=\"JUSTIFY\"><i>Fonte: IF Baiano\/Reitoria\/Comunica\u00e7\u00e3o\/Jornalismo<\/i><\/p>\n<p>Dispon\u00edvel em : https:\/\/goo.gl\/TK3FzJ<\/p>\n<p>&nbsp;<\/p>\n<\/div>\n<\/div>\n","protected":false},"excerpt":{"rendered":"<p>Evento aconteceu na \u00faltima ter\u00e7a-feira, 20 de mar\u00e7o<\/p>\n","protected":false},"author":86,"featured_media":0,"comment_status":"closed","ping_status":"closed","sticky":false,"template":"","format":"standard","meta":[],"categories":[4,5,10,57],"tags":[],"_links":{"self":[{"href":"https:\/\/www.ifbaiano.edu.br\/unidades\/santaines\/wp-json\/wp\/v2\/posts\/9918"}],"collection":[{"href":"https:\/\/www.ifbaiano.edu.br\/unidades\/santaines\/wp-json\/wp\/v2\/posts"}],"about":[{"href":"https:\/\/www.ifbaiano.edu.br\/unidades\/santaines\/wp-json\/wp\/v2\/types\/post"}],"author":[{"embeddable":true,"href":"https:\/\/www.ifbaiano.edu.br\/unidades\/santaines\/wp-json\/wp\/v2\/users\/86"}],"replies":[{"embeddable":true,"href":"https:\/\/www.ifbaiano.edu.br\/unidades\/santaines\/wp-json\/wp\/v2\/comments?post=9918"}],"version-history":[{"count":3,"href":"https:\/\/www.ifbaiano.edu.br\/unidades\/santaines\/wp-json\/wp\/v2\/posts\/9918\/revisions"}],"predecessor-version":[{"id":9923,"href":"https:\/\/www.ifbaiano.edu.br\/unidades\/santaines\/wp-json\/wp\/v2\/posts\/9918\/revisions\/9923"}],"wp:attachment":[{"href":"https:\/\/www.ifbaiano.edu.br\/unidades\/santaines\/wp-json\/wp\/v2\/media?parent=9918"}],"wp:term":[{"taxonomy":"category","embeddable":true,"href":"https:\/\/www.ifbaiano.edu.br\/unidades\/santaines\/wp-json\/wp\/v2\/categories?post=9918"},{"taxonomy":"post_tag","embeddable":true,"href":"https:\/\/www.ifbaiano.edu.br\/unidades\/santaines\/wp-json\/wp\/v2\/tags?post=9918"}],"curies":[{"name":"wp","href":"https:\/\/api.w.org\/{rel}","templated":true}]}}