{"id":9921,"date":"2018-03-22T11:11:59","date_gmt":"2018-03-22T14:11:59","guid":{"rendered":"http:\/\/www.ifbaiano.edu.br\/unidades\/santaines\/?p=9921"},"modified":"2018-03-23T10:05:58","modified_gmt":"2018-03-23T13:05:58","slug":"contribua-com-a-politica-para-formacao-inicial-e-continuada-de-professores","status":"publish","type":"post","link":"https:\/\/www.ifbaiano.edu.br\/unidades\/santaines\/contribua-com-a-politica-para-formacao-inicial-e-continuada-de-professores\/","title":{"rendered":"Contribua com a Pol\u00edtica para Forma\u00e7\u00e3o Inicial e Continuada de professores"},"content":{"rendered":"<hr \/>\n<div id=\"tituloNoticia\"><\/div>\n<div id=\"textoNoticia\">\n<div class=\"addtoany_share_save_container addtoany_content_top\"><\/div>\n<div class=\"pf-content\">\n<p class=\"western\" style=\"text-align: justify\">De hoje at\u00e9 o dia 22 de abril de 2018, est\u00e1 dispon\u00edvel para contribui\u00e7\u00f5es, a\u00a0<strong><a href=\"http:\/\/ifbaiano.edu.br\/portal\/wp-content\/uploads\/2018\/03\/MINUTA-Pol%C3%ADtica-Institucional-de-Forma%C3%A7%C3%A3o-de-Professores-IF-Baiano-2018.pdf\">minuta<\/a><\/strong>\u00a0da\u00a0<strong>Pol\u00edtica Institucional para Forma\u00e7\u00e3o Inicial e Continuada de Professores<\/strong>\u00a0do Instituto Federal Baiano (IF Baiano). As observa\u00e7\u00f5es e sugest\u00f5es ao texto do documento devem ser feitas atrav\u00e9s da plataforma\u00a0<strong><a href=\"https:\/\/opinanovo.ifbaiano.edu.br\/index.php\/111287?lang=pt-BR\">Opina<\/a><\/strong>. Para contribuir, \u00e9 necess\u00e1rio ser servidor do IF Baiano.<\/p>\n<p class=\"western\" style=\"text-align: justify\">A minuta re\u00fane princ\u00edpios, objetivos e orienta\u00e7\u00f5es para a forma\u00e7\u00e3o e aperfei\u00e7oamento de professores no \u00e2mbito de seus campi, em conson\u00e2ncia com a legisla\u00e7\u00e3o vigente. Tamb\u00e9m segue as Diretrizes Curriculares Nacionais, as Resolu\u00e7\u00f5es do Conselho Nacional de Educa\u00e7\u00e3o (CNE), o Projeto Pol\u00edtico Pedag\u00f3gico Institucional (PPI), o Programa de Desenvolvimento Institucional (PDI), os Projetos Pol\u00edtico Pedag\u00f3gicos dos Cursos (PPC) de licenciatura, bem como os documentos institucionais das institui\u00e7\u00f5es parceiras.<\/p>\n<p class=\"western\" style=\"text-align: justify\">O objetivo do levantamento \u00e9 buscar contribui\u00e7\u00f5es acerca da Politica de Forma\u00e7\u00e3o Inicial e Continuada dos Professores do IF Baiano, em atendimento a miss\u00e3o institucional e participa\u00e7\u00e3o nos Editais da Capes, como o Programa Institucional de Bolsa de Inicia\u00e7\u00e3o \u00e0 Doc\u00eancia (Pibid) e do novo Programa de Resid\u00eancia Pedag\u00f3gica.<\/p>\n<hr \/>\n<p class=\"western\" style=\"text-align: justify\">Fonte:\u00a0<i>IF Baiano\/Reitoria\/Comunica\u00e7\u00e3o\/Jornalismo<\/i><\/p>\n<p class=\"western\" style=\"text-align: justify\">Dispon\u00edvel em:\u00a0https:\/\/goo.gl\/aFD4Ky<\/p>\n<\/div>\n<\/div>\n","protected":false},"excerpt":{"rendered":"<p>Prazo vai at\u00e9 22 de abril.<\/p>\n","protected":false},"author":86,"featured_media":0,"comment_status":"closed","ping_status":"closed","sticky":false,"template":"","format":"standard","meta":[],"categories":[4,38,5,10,57],"tags":[],"_links":{"self":[{"href":"https:\/\/www.ifbaiano.edu.br\/unidades\/santaines\/wp-json\/wp\/v2\/posts\/9921"}],"collection":[{"href":"https:\/\/www.ifbaiano.edu.br\/unidades\/santaines\/wp-json\/wp\/v2\/posts"}],"about":[{"href":"https:\/\/www.ifbaiano.edu.br\/unidades\/santaines\/wp-json\/wp\/v2\/types\/post"}],"author":[{"embeddable":true,"href":"https:\/\/www.ifbaiano.edu.br\/unidades\/santaines\/wp-json\/wp\/v2\/users\/86"}],"replies":[{"embeddable":true,"href":"https:\/\/www.ifbaiano.edu.br\/unidades\/santaines\/wp-json\/wp\/v2\/comments?post=9921"}],"version-history":[{"count":1,"href":"https:\/\/www.ifbaiano.edu.br\/unidades\/santaines\/wp-json\/wp\/v2\/posts\/9921\/revisions"}],"predecessor-version":[{"id":9922,"href":"https:\/\/www.ifbaiano.edu.br\/unidades\/santaines\/wp-json\/wp\/v2\/posts\/9921\/revisions\/9922"}],"wp:attachment":[{"href":"https:\/\/www.ifbaiano.edu.br\/unidades\/santaines\/wp-json\/wp\/v2\/media?parent=9921"}],"wp:term":[{"taxonomy":"category","embeddable":true,"href":"https:\/\/www.ifbaiano.edu.br\/unidades\/santaines\/wp-json\/wp\/v2\/categories?post=9921"},{"taxonomy":"post_tag","embeddable":true,"href":"https:\/\/www.ifbaiano.edu.br\/unidades\/santaines\/wp-json\/wp\/v2\/tags?post=9921"}],"curies":[{"name":"wp","href":"https:\/\/api.w.org\/{rel}","templated":true}]}}