{"id":9938,"date":"2018-03-23T10:05:21","date_gmt":"2018-03-23T13:05:21","guid":{"rendered":"http:\/\/www.ifbaiano.edu.br\/unidades\/santaines\/?p=9938"},"modified":"2018-04-09T14:02:42","modified_gmt":"2018-04-09T17:02:42","slug":"estudantes-do-if-baiano-apresentam-projetos-inovadores-na-febrace","status":"publish","type":"post","link":"https:\/\/www.ifbaiano.edu.br\/unidades\/santaines\/estudantes-do-if-baiano-apresentam-projetos-inovadores-na-febrace\/","title":{"rendered":"Estudantes do IF Baiano apresentam projetos inovadores na Febrace"},"content":{"rendered":"<hr \/>\n<p align=\"justify\"><span style=\"color: #333333\"><span style=\"font-family: Georgia, 'Times New Roman', 'Bitstream Charter', Times, serif\"><span style=\"font-size: large\">Tr\u00eas projetos de jovens cientistas do IF Baiano foram selecionados e\u00a0apresentados na 16\u00b0 edi\u00e7\u00e3o da Feira Brasileira de Ci\u00eancias e Engenharia (Febrace). O evento re\u00fane projetos feitos por estudantes dos ensinos fundamental, m\u00e9dio e t\u00e9cnico de escolas p\u00fablicas e particulares de todo o Brasil.<\/span><\/span><\/span><\/p>\n<p align=\"justify\"><a name=\"more-732\"><\/a> <span style=\"color: #333333\"><span style=\"font-family: Georgia, 'Times New Roman', 'Bitstream Charter', Times, serif\"><span style=\"font-size: large\">Os projetos de estudantes do IF Baiano fazem parte de um n\u00famero de 346 trabalhos selecionados\u00a0dentro de um universo de 2.250 mil inscritos para essa edi\u00e7\u00e3o da Febrace, a maior mostra brasileira de projetos pr\u00e9-universit\u00e1rios em ci\u00eancias e engenharia e tamb\u00e9m uma vitrine para\u00a0jovens pesquisadores. Durante os dias de evento, que ocorreu de 13 a 15 de mar\u00e7o na Poli-USP, em S\u00e3o Paulo, estudantes e professores dos\u00a0<i>campi<\/i>\u00a0do IF Baiano em Valen\u00e7a, Catu e Santa In\u00eas participaram das atividades e puderam apresentar projetos de destaque desenvolvidos no instituto.<\/span><\/span><\/span><\/p>\n<hr \/>\n<p align=\"justify\"><strong><a href=\"https:\/\/goo.gl\/auZqrB\"><span style=\"color: #333333\"><span style=\"font-family: Georgia, 'Times New Roman', 'Bitstream Charter', Times, serif\"><span style=\"font-size: large\"><b>Clique AQUI e veja not\u00edcia na \u00edntegra<\/b><\/span><\/span><\/span><\/a><\/strong><\/p>\n<hr \/>\n<table style=\"height: 203px\" width=\"890\" cellspacing=\"0\" cellpadding=\"4\">\n<colgroup>\n<col width=\"85*\" \/>\n<col width=\"85*\" \/>\n<col width=\"85*\" \/> <\/colgroup>\n<tbody>\n<tr valign=\"top\">\n<td style=\"text-align: left\" width=\"33%\">\u00a0<img decoding=\"async\" loading=\"lazy\" class=\"\" src=\"http:\/\/ifbaiano.edu.br\/portal\/blogbembaiano\/wp-content\/uploads\/sites\/11\/2018\/03\/ifbaiano-valenca-febrace.jpeg\" alt=\"ifbaiano-valenca-febrace\" width=\"227\" height=\"171\" \/><\/td>\n<td style=\"text-align: left\" width=\"33%\">\u00a0<img decoding=\"async\" loading=\"lazy\" class=\"\" src=\"http:\/\/ifbaiano.edu.br\/portal\/blogbembaiano\/wp-content\/uploads\/sites\/11\/2018\/03\/campus-sta-ines.jpg\" alt=\"campus-sta-ines\" width=\"260\" height=\"173\" \/><\/td>\n<td width=\"33%\">\u00a0<img decoding=\"async\" loading=\"lazy\" class=\"alignleft\" src=\"http:\/\/ifbaiano.edu.br\/portal\/blogbembaiano\/wp-content\/uploads\/sites\/11\/2018\/03\/Campus-Catu.jpeg\" alt=\"Campus Catu\" width=\"261\" height=\"173\" \/><\/td>\n<\/tr>\n<\/tbody>\n<\/table>\n<hr \/>\n<p>Fonte:<i> IF Baiano\/Reitoria\/Comunica\u00e7\u00e3o\/Jornalismo<\/i>https:\/\/goo.gl\/auZqrB<\/p>\n<hr \/>\n","protected":false},"excerpt":{"rendered":"<p>Evento reuniu projetos feitos por estudantes dos ensinos fundamental, m\u00e9dio e t\u00e9cnico de escolas p\u00fablicas e particulares de todo o Brasil.<\/p>\n","protected":false},"author":86,"featured_media":0,"comment_status":"closed","ping_status":"closed","sticky":false,"template":"","format":"standard","meta":[],"categories":[4,5,23,10,57],"tags":[],"_links":{"self":[{"href":"https:\/\/www.ifbaiano.edu.br\/unidades\/santaines\/wp-json\/wp\/v2\/posts\/9938"}],"collection":[{"href":"https:\/\/www.ifbaiano.edu.br\/unidades\/santaines\/wp-json\/wp\/v2\/posts"}],"about":[{"href":"https:\/\/www.ifbaiano.edu.br\/unidades\/santaines\/wp-json\/wp\/v2\/types\/post"}],"author":[{"embeddable":true,"href":"https:\/\/www.ifbaiano.edu.br\/unidades\/santaines\/wp-json\/wp\/v2\/users\/86"}],"replies":[{"embeddable":true,"href":"https:\/\/www.ifbaiano.edu.br\/unidades\/santaines\/wp-json\/wp\/v2\/comments?post=9938"}],"version-history":[{"count":20,"href":"https:\/\/www.ifbaiano.edu.br\/unidades\/santaines\/wp-json\/wp\/v2\/posts\/9938\/revisions"}],"predecessor-version":[{"id":10001,"href":"https:\/\/www.ifbaiano.edu.br\/unidades\/santaines\/wp-json\/wp\/v2\/posts\/9938\/revisions\/10001"}],"wp:attachment":[{"href":"https:\/\/www.ifbaiano.edu.br\/unidades\/santaines\/wp-json\/wp\/v2\/media?parent=9938"}],"wp:term":[{"taxonomy":"category","embeddable":true,"href":"https:\/\/www.ifbaiano.edu.br\/unidades\/santaines\/wp-json\/wp\/v2\/categories?post=9938"},{"taxonomy":"post_tag","embeddable":true,"href":"https:\/\/www.ifbaiano.edu.br\/unidades\/santaines\/wp-json\/wp\/v2\/tags?post=9938"}],"curies":[{"name":"wp","href":"https:\/\/api.w.org\/{rel}","templated":true}]}}