{"id":9958,"date":"2018-03-23T10:56:56","date_gmt":"2018-03-23T13:56:56","guid":{"rendered":"http:\/\/www.ifbaiano.edu.br\/unidades\/santaines\/?p=9958"},"modified":"2018-03-23T10:58:38","modified_gmt":"2018-03-23T13:58:38","slug":"professor-do-if-baiano-campus-santa-ines-desenvolve-projeto-de-pesquisa-junto-com-pesquisador-da-universidade-estadual-de-santa-cruz-uesc","status":"publish","type":"post","link":"https:\/\/www.ifbaiano.edu.br\/unidades\/santaines\/professor-do-if-baiano-campus-santa-ines-desenvolve-projeto-de-pesquisa-junto-com-pesquisador-da-universidade-estadual-de-santa-cruz-uesc\/","title":{"rendered":"Professor do IF Baiano Campus Santa In\u00eas desenvolve Projeto de Pesquisa junto com pesquisador da  Universidade Estadual de Santa Cruz (UESC)"},"content":{"rendered":"<hr \/>\n<p style=\"text-align: justify\" align=\"justify\"><a name=\"OBJ_PREFIX_DWT366_com_zimbra_url\"><\/a><a name=\"OBJ_PREFIX_DWT363_com_zimbra_url\"><\/a><a name=\"OBJ_PREFIX_DWT367_com_zimbra_url\"><\/a><a name=\"OBJ_PREFIX_DWT364_com_zimbra_url\"><\/a><a name=\"OBJ_PREFIX_DWT368_com_zimbra_url\"><\/a><a name=\"OBJ_PREFIX_DWT365_com_zimbra_url\"><\/a> <span style=\"font-size: large\"><span style=\"color: #333333\"><span style=\"font-family: Georgia, 'Times New Roman', 'Bitstream Charter', Times, serif\"><span style=\"font-size: medium\">Professor do IF Baiano Campus Santa In\u00eas, F\u00e1bio Carvalho Nunes, desenvolve, junto com o pesquisador Lander de Jesus Alves da\u00a0 Universidade Estadual de Santa Cruz (UESC), o projeto de pesquisa intitulado \u201cFungos Micorr\u00edzicos Arbusculares como ferramenta biotecnol\u00f3gica para a remedia\u00e7\u00e3o de \u00e1reas uran\u00edferas na Serra Geral da Bahia\u201d, o qual publicou em janeiro de 2018 pela editora Elsevier o livro \u201cBio-Geotechnologies for Mine Site Rehabilitation\u201d. <\/span><\/span><\/span><\/span><\/p>\n<div id=\"attachment_9961\" style=\"width: 193px\" class=\"wp-caption alignleft\"><a href=\"http:\/\/www.ifbaiano.edu.br\/unidades\/santaines\/files\/2018\/03\/livro.png\"><img aria-describedby=\"caption-attachment-9961\" decoding=\"async\" loading=\"lazy\" class=\"wp-image-9961\" src=\"http:\/\/www.ifbaiano.edu.br\/unidades\/santaines\/files\/2018\/03\/livro.png\" alt=\"livro\" width=\"183\" height=\"227\" \/><\/a><p id=\"caption-attachment-9961\" class=\"wp-caption-text\">Imagem: https:\/\/goo.gl\/f1Tyck<\/p><\/div>\n<p style=\"text-align: justify\" align=\"justify\"><span style=\"font-size: large\"><span style=\"color: #333333\"><span style=\"font-family: Georgia, 'Times New Roman', 'Bitstream Charter', Times, serif\"><span style=\"font-size: medium\">O livro trata de abordagens biol\u00f3gicas, f\u00edsicas, qu\u00edmicas e de engenharia para a recupera\u00e7\u00e3o de res\u00edduos oriundos de diferentes tipos de \u00e1reas mineradas e conta tamb\u00e9m com a colabora\u00e7\u00e3o de pesquisadores da \u00cdndia, China, Tail\u00e2ndia, Rep\u00fablica Checa, Pol\u00f4nia, EUA, Reino Unido, Irlanda, Jap\u00e3o, Nig\u00e9ria e R\u00fassia:\u00a0<a href=\"https:\/\/www.elsevier.com\/books\/bio-geotechnologies-for-mine-site-rehabilitation\/prasad\/978-0-12-812986-9\" target=\"_blank\">https:\/\/www.elsevier.com\/books\/bio-geotechnologies-for-mine-site-rehabilitation\/prasad\/978-0-12-812986-9<\/a><\/span><\/span><\/span><span style=\"color: #333333\">\u00a0\u00a0\u00a0<\/span><\/span><\/p>\n<p style=\"text-align: justify\"><span style=\"color: #333333\"><span style=\"font-family: Georgia, 'Times New Roman', 'Bitstream Charter', Times, serif\"><span style=\"font-size: medium\">O projeto teve tr\u00eas subprojetos aprovados pelo Laborat\u00f3rio Nacional de Luz S\u00edncrotron (LNLS) (<a href=\"http:\/\/www.lnls.cnpem.br\/\" target=\"_blank\">http:\/\/www.lnls.cnpem.br\/<\/a>).\u00a0 O LNLS \u00e9 respons\u00e1vel pela opera\u00e7\u00e3o da \u00fanica fonte de luz s\u00edncrotron (acelerador de part\u00edculas) da Am\u00e9rica Latina e possui dois grandes editais ao longo do ano. No \u00faltimo edital os pesquisadores aprovaram o subprojeto &#8220;Absorption and translocation of uranium in mycorrhizal corn (Zea mays L.) grown in hydroponic culture&#8221;, o qual ser\u00e1 desenvolvido em junho deste ano. <\/span><\/span><\/span><\/p>\n<p style=\"text-align: justify\"><span style=\"color: #333333\"><span style=\"font-family: Georgia, 'Times New Roman', 'Bitstream Charter', Times, serif\"><span style=\"font-size: medium\">A entrevista abaixo \u00e9 uma produ\u00e7\u00e3o do LNLS e explica, de forma simples, um pouco do Projeto e sua import\u00e2ncia:<\/span><\/span><\/span><\/p>\n<p><iframe loading=\"lazy\" width=\"500\" height=\"281\" src=\"https:\/\/www.youtube.com\/embed\/rXjL_YHuqdo?feature=oembed\" frameborder=\"0\" allow=\"autoplay; encrypted-media\" allowfullscreen><\/iframe><\/p>\n<p style=\"text-align: justify\">V\u00eddeo dispon\u00edvel em:\u00a0https:\/\/goo.gl\/uELZm3<\/p>\n<hr \/>\n<p>&nbsp;<\/p>\n","protected":false},"excerpt":{"rendered":"<p>O Projeto \u00e9 intitulado \u201cFungos Micorr\u00edzicos Arbusculares como ferramenta biotecnol\u00f3gica para a remedia\u00e7\u00e3o de \u00e1reas uran\u00edferas na Serra Geral da Bahia\u201d<\/p>\n","protected":false},"author":86,"featured_media":0,"comment_status":"closed","ping_status":"closed","sticky":false,"template":"","format":"standard","meta":[],"categories":[4,10,57],"tags":[],"_links":{"self":[{"href":"https:\/\/www.ifbaiano.edu.br\/unidades\/santaines\/wp-json\/wp\/v2\/posts\/9958"}],"collection":[{"href":"https:\/\/www.ifbaiano.edu.br\/unidades\/santaines\/wp-json\/wp\/v2\/posts"}],"about":[{"href":"https:\/\/www.ifbaiano.edu.br\/unidades\/santaines\/wp-json\/wp\/v2\/types\/post"}],"author":[{"embeddable":true,"href":"https:\/\/www.ifbaiano.edu.br\/unidades\/santaines\/wp-json\/wp\/v2\/users\/86"}],"replies":[{"embeddable":true,"href":"https:\/\/www.ifbaiano.edu.br\/unidades\/santaines\/wp-json\/wp\/v2\/comments?post=9958"}],"version-history":[{"count":15,"href":"https:\/\/www.ifbaiano.edu.br\/unidades\/santaines\/wp-json\/wp\/v2\/posts\/9958\/revisions"}],"predecessor-version":[{"id":9974,"href":"https:\/\/www.ifbaiano.edu.br\/unidades\/santaines\/wp-json\/wp\/v2\/posts\/9958\/revisions\/9974"}],"wp:attachment":[{"href":"https:\/\/www.ifbaiano.edu.br\/unidades\/santaines\/wp-json\/wp\/v2\/media?parent=9958"}],"wp:term":[{"taxonomy":"category","embeddable":true,"href":"https:\/\/www.ifbaiano.edu.br\/unidades\/santaines\/wp-json\/wp\/v2\/categories?post=9958"},{"taxonomy":"post_tag","embeddable":true,"href":"https:\/\/www.ifbaiano.edu.br\/unidades\/santaines\/wp-json\/wp\/v2\/tags?post=9958"}],"curies":[{"name":"wp","href":"https:\/\/api.w.org\/{rel}","templated":true}]}}