{"id":996,"date":"2012-01-18T15:03:29","date_gmt":"2012-01-18T18:03:29","guid":{"rendered":"http:\/\/www.ifbaiano.edu.br\/unidades\/santaines\/?p=996"},"modified":"2012-01-18T15:03:29","modified_gmt":"2012-01-18T18:03:29","slug":"if-baiano-campus-santa-ines-lanca-processo-seletivo-para-cursos-tecnicos-a-distancia-4","status":"publish","type":"post","link":"https:\/\/www.ifbaiano.edu.br\/unidades\/santaines\/if-baiano-campus-santa-ines-lanca-processo-seletivo-para-cursos-tecnicos-a-distancia-4\/","title":{"rendered":"IF Baiano &#8211; Campus Santa In\u00eas lan\u00e7a Processo Seletivo para cursos t\u00e9cnicos a dist\u00e2ncia"},"content":{"rendered":"<p>Est\u00e3o abertas as inscri\u00e7\u00f5es do Processo Seletivo para novos cursos t\u00e9cnicos a dist\u00e2ncia na modalidade subsequente (curso para quem j\u00e1 concluiu o ensino m\u00e9dio). As inscri\u00e7\u00f5es ser\u00e3o realizadas gratuitamente entre os dias 26 de dezembro e 16 de janeiro atrav\u00e9s do endere\u00e7o eletr\u00f4nico<a href=\"http:\/\/concursos.ifbaiano.edu.br\/\"> http:\/\/concursos.ifbaiano.edu.br\/<\/a>. Ser\u00e3o ao todo 80 vagas distribuidas entre os cursos.<\/p>\n<p>O Processo Seletivo ser\u00e1 realizado em uma \u00fanica fase e corresponde \u00e0 avalia\u00e7\u00e3o curricular do Ensino M\u00e9dio nas disciplinas de L\u00edngua Portuguesa e Matem\u00e1tica. Os estudantes aprovados come\u00e7am as aulas no primeiro semestre de 2012.<\/p>\n<p>O Curso T\u00e9cnico em Servi\u00e7os P\u00fablicos faz parte do eixo de Gest\u00e3o e Neg\u00f3cios. O profissional ter\u00e1 como campo de trabalho o setor de servi\u00e7os p\u00fablicos e ser\u00e3o capacitados para entender o planejamento estrat\u00e9gico de estruturas organizacionais, sendo preparados para intervir nesses cen\u00e1rios de forma \u00e9tica e profissional.<\/p>\n<p>Al\u00e9m desses dois, mais um curso foi aprovado pelo Conselho Superior, que \u00e9 o curso de T\u00e9cnico em Eventos, cujo objetivo \u00e9 a forma\u00e7\u00e3o de profissionais para atuar junto \u00e0 organiza\u00e7\u00e3o e gest\u00e3o de eventos em empresas p\u00fablicas e privadas. O foco dessa habilita\u00e7\u00e3o \u00e9 a hospitalidade e o lazer e o estudante \u00e9 capacitado para ter uma vis\u00e3o estrat\u00e9gica e executiva, sendo capaz de identificar a necessidade de investimentos e materiais f\u00edsicos e humanos para a realiza\u00e7\u00e3o de eventos diversificados.<\/p>\n<p>Todos os cursos ser\u00e3o ministrados pelo Instituto Federal do Paran\u00e1, por meio da tecnologia do Ensino a Dist\u00e2ncia no Campus Santa In\u00eas.<\/p>\n<p>Para maiores informa\u00e7\u00f5es, confira o Edital do Processo Seletivo desses cursos em <a href=\"http:\/\/concursos.ifbaiano.edu.br\" target=\"_blank\">http:\/\/concursos.ifbaiano.edu.br<\/a><\/p>\n<div>\n<dl>\n<dt><a href=\"http:\/\/www.ifbaiano.edu.br\/unidades\/santaines\/files\/2011\/12\/Processo-seletivo-Cuso-tecnico-EAD.png\"><img decoding=\"async\" loading=\"lazy\" class=\"aligncenter\" src=\"http:\/\/www.ifbaiano.edu.br\/unidades\/santaines\/files\/2011\/12\/Processo-seletivo-Cuso-tecnico-EAD.png\" alt=\"\" width=\"600\" height=\"849\" \/><\/a><\/dt>\n<dd><\/dd>\n<\/dl>\n<\/div>\n","protected":false},"excerpt":{"rendered":"<p>Est\u00e3o abertas as inscri\u00e7\u00f5es do Processo Seletivo para novos cursos t\u00e9cnicos a dist\u00e2ncia na modalidade subsequente (curso para quem j\u00e1 concluiu o ensino m\u00e9dio). As inscri\u00e7\u00f5es ser\u00e3o realizadas gratuitamente entre os dias 26 de dezembro e 16 de janeiro atrav\u00e9s do endere\u00e7o eletr\u00f4nico http:\/\/concursos.ifbaiano.edu.br\/. Ser\u00e3o ao todo 80 vagas distribuidas entre os cursos. O Processo [&hellip;]<\/p>\n","protected":false},"author":26,"featured_media":0,"comment_status":"closed","ping_status":"closed","sticky":false,"template":"","format":"standard","meta":[],"categories":[10],"tags":[],"_links":{"self":[{"href":"https:\/\/www.ifbaiano.edu.br\/unidades\/santaines\/wp-json\/wp\/v2\/posts\/996"}],"collection":[{"href":"https:\/\/www.ifbaiano.edu.br\/unidades\/santaines\/wp-json\/wp\/v2\/posts"}],"about":[{"href":"https:\/\/www.ifbaiano.edu.br\/unidades\/santaines\/wp-json\/wp\/v2\/types\/post"}],"author":[{"embeddable":true,"href":"https:\/\/www.ifbaiano.edu.br\/unidades\/santaines\/wp-json\/wp\/v2\/users\/26"}],"replies":[{"embeddable":true,"href":"https:\/\/www.ifbaiano.edu.br\/unidades\/santaines\/wp-json\/wp\/v2\/comments?post=996"}],"version-history":[{"count":2,"href":"https:\/\/www.ifbaiano.edu.br\/unidades\/santaines\/wp-json\/wp\/v2\/posts\/996\/revisions"}],"predecessor-version":[{"id":998,"href":"https:\/\/www.ifbaiano.edu.br\/unidades\/santaines\/wp-json\/wp\/v2\/posts\/996\/revisions\/998"}],"wp:attachment":[{"href":"https:\/\/www.ifbaiano.edu.br\/unidades\/santaines\/wp-json\/wp\/v2\/media?parent=996"}],"wp:term":[{"taxonomy":"category","embeddable":true,"href":"https:\/\/www.ifbaiano.edu.br\/unidades\/santaines\/wp-json\/wp\/v2\/categories?post=996"},{"taxonomy":"post_tag","embeddable":true,"href":"https:\/\/www.ifbaiano.edu.br\/unidades\/santaines\/wp-json\/wp\/v2\/tags?post=996"}],"curies":[{"name":"wp","href":"https:\/\/api.w.org\/{rel}","templated":true}]}}