{"id":9994,"date":"2018-04-09T14:01:51","date_gmt":"2018-04-09T17:01:51","guid":{"rendered":"http:\/\/www.ifbaiano.edu.br\/unidades\/santaines\/?p=9994"},"modified":"2018-04-12T08:20:58","modified_gmt":"2018-04-12T11:20:58","slug":"edital-de-renovacao-de-matricula-para-o-ano-letivo-de-2018","status":"publish","type":"post","link":"https:\/\/www.ifbaiano.edu.br\/unidades\/santaines\/edital-de-renovacao-de-matricula-para-o-ano-letivo-de-2018\/","title":{"rendered":"Edital de Renova\u00e7\u00e3o de Matr\u00edcula para o Ano Letivo de 2018"},"content":{"rendered":"<hr \/>\n<div style=\"text-align: justify\">\n<p align=\"justify\"><span style=\"color: #333333\"><span style=\"font-family: 'Times New Roman', serif\"><span style=\"font-size: medium\">O Diretor-Geral Substituto do IF Baiano Campus\u00a0Santa In\u00eas, no uso de suas atribui\u00e7\u00f5es\u00a0legais,\u00a0torna p\u00fablico o Edital de Renova\u00e7\u00e3o de Matr\u00edcula para o Ano Letivo de 2018.<\/span><\/span><\/span><\/p>\n<p align=\"justify\"><span style=\"color: #333333\"><span style=\"font-family: 'Times New Roman', serif\"><span style=\"font-size: medium\">Poder\u00e3o renovar a matr\u00edcula os estudantes regularmente matriculados nos Cursos da\u00a0Educa\u00e7\u00e3o Profissional T\u00e9cnica de N\u00edvel M\u00e9dio na modalidade Integrada, que estiverem\u00a0cursando a 1\u00aa e 2\u00aa s\u00e9rie, assim como os alunos reprovados na 3\u00aa s\u00e9rie.<\/span><\/span><\/span><\/p>\n<p align=\"justify\"><span style=\"color: #333333\"><span style=\"font-family: 'Times New Roman', serif\"><span style=\"font-size: medium\">Per\u00edodos de Renova\u00e7\u00e3o de Matr\u00edcula:<\/span><\/span><\/span><\/p>\n<p align=\"justify\"><span style=\"color: #333333\"><span style=\"font-family: 'Times New Roman', serif\"><span style=\"font-size: medium\">Para as Primeiras e Segundas s\u00e9ries, de 12 a 23\/04\/2018, no hor\u00e1rio das 08h00min \u00e0s 16h00min;<\/span><\/span><\/span><\/p>\n<p align=\"justify\"><span style=\"color: #333333\"><span style=\"font-family: 'Times New Roman', serif\"><span style=\"font-size: medium\">Para as Terceiras s\u00e9ries, dia\u00a015\/05\/2018, das\u00a008h00min \u00e0s 16h00min;<\/span><\/span><\/span><\/p>\n<p align=\"justify\"><span style=\"color: #333333\"><span style=\"font-family: 'Times New Roman', serif\"><span style=\"font-size: medium\">Reintegrados, dia\u00a023\/05\/2018, das\u00a008h00min \u00e0s 16h00min.<\/span><\/span><\/span><\/p>\n<p align=\"justify\"><span style=\"color: #333333\"><span style=\"font-family: 'Times New Roman', serif\"><span style=\"font-size: medium\">Acesse o\u00a0<\/span><\/span><\/span><strong><a href=\"http:\/\/www.ifbaiano.edu.br\/unidades\/santaines\/files\/2018\/04\/EDITAL-DE-RENOVA%C3%87%C3%83O-DE-MATR%C3%8DCULA-_-ANO-LETIVO-2018.pdf\"><span style=\"color: #333333\"><span style=\"font-family: 'Times New Roman', serif\"><span style=\"font-size: medium\"><u><b>EDITAL aqui<\/b><\/u><\/span><\/span><\/span><\/a><\/strong><span style=\"color: #333333\"><span style=\"font-family: 'Times New Roman', serif\"><span style=\"font-size: medium\">\u00a0e veja os documentos necess\u00e1rios para a renova\u00e7\u00e3o e\u00a0demais\u00a0informa\u00e7\u00f5es.<\/span><\/span><\/span><\/p>\n<hr \/>\n<p align=\"justify\">\n<\/div>\n<div style=\"text-align: justify\"><\/div>\n","protected":false},"excerpt":{"rendered":"<p>A Renova\u00e7\u00e3o de Matr\u00edcula ser\u00e1 feita na Secretaria de Registros Acad\u00eamicos (SRA) do IF Baiano Campus Santa In\u00eas<\/p>\n","protected":false},"author":86,"featured_media":0,"comment_status":"closed","ping_status":"closed","sticky":false,"template":"","format":"standard","meta":[],"categories":[4,38,13,5,6,10,57],"tags":[],"_links":{"self":[{"href":"https:\/\/www.ifbaiano.edu.br\/unidades\/santaines\/wp-json\/wp\/v2\/posts\/9994"}],"collection":[{"href":"https:\/\/www.ifbaiano.edu.br\/unidades\/santaines\/wp-json\/wp\/v2\/posts"}],"about":[{"href":"https:\/\/www.ifbaiano.edu.br\/unidades\/santaines\/wp-json\/wp\/v2\/types\/post"}],"author":[{"embeddable":true,"href":"https:\/\/www.ifbaiano.edu.br\/unidades\/santaines\/wp-json\/wp\/v2\/users\/86"}],"replies":[{"embeddable":true,"href":"https:\/\/www.ifbaiano.edu.br\/unidades\/santaines\/wp-json\/wp\/v2\/comments?post=9994"}],"version-history":[{"count":5,"href":"https:\/\/www.ifbaiano.edu.br\/unidades\/santaines\/wp-json\/wp\/v2\/posts\/9994\/revisions"}],"predecessor-version":[{"id":10000,"href":"https:\/\/www.ifbaiano.edu.br\/unidades\/santaines\/wp-json\/wp\/v2\/posts\/9994\/revisions\/10000"}],"wp:attachment":[{"href":"https:\/\/www.ifbaiano.edu.br\/unidades\/santaines\/wp-json\/wp\/v2\/media?parent=9994"}],"wp:term":[{"taxonomy":"category","embeddable":true,"href":"https:\/\/www.ifbaiano.edu.br\/unidades\/santaines\/wp-json\/wp\/v2\/categories?post=9994"},{"taxonomy":"post_tag","embeddable":true,"href":"https:\/\/www.ifbaiano.edu.br\/unidades\/santaines\/wp-json\/wp\/v2\/tags?post=9994"}],"curies":[{"name":"wp","href":"https:\/\/api.w.org\/{rel}","templated":true}]}}