{"id":10917,"date":"2022-02-07T16:04:38","date_gmt":"2022-02-07T19:04:38","guid":{"rendered":"https:\/\/www.ifbaiano.edu.br\/unidades\/teixeira\/?p=10917"},"modified":"2022-02-25T16:39:48","modified_gmt":"2022-02-25T19:39:48","slug":"prosel-2022-nota-informativa-campus-teixeira-de-freitas","status":"publish","type":"post","link":"https:\/\/www.ifbaiano.edu.br\/unidades\/teixeira\/prosel-2022-nota-informativa-campus-teixeira-de-freitas\/","title":{"rendered":"PROSEL 2022 &#8211; Nota Informativa &#8211; Campus Teixeira de Freitas"},"content":{"rendered":"\n<p>O Instituto Federal de Educa\u00e7\u00e3o, Ci\u00eancia e Tecnologia Baiano (IF Baiano) \u2013 campus Teixeira de Freitas informa que a realiza\u00e7\u00e3o de Matr\u00edcula na institui\u00e7\u00e3o ocorre ap\u00f3s a realiza\u00e7\u00e3o do Processo Seletivo para Ingresso de Estudantes. Por sua vez, o Processo Seletivo para Ingresso de Estudantes 2022 para os cursos T\u00e9cnicos (Integrados e Subsequentes) do campus est\u00e1 em fase de planejamento para a publica\u00e7\u00e3o do Edital da sele\u00e7\u00e3o.<br>O campus Teixeira de Freitas ofertar\u00e1 um total de 240 vagas para ingresso no ano letivo de 2022 nos Cursos T\u00e9cnicos nas formas integradas e subsequentes, na modalidade presencial, divididas entre os seguintes cursos:<\/p>\n\n\n\n<p class=\"has-text-align-left\"><strong>CURSOS T\u00c9CNICOS INTEGRADOS AO ENSINO M\u00c9DIO<\/strong> (para estudantes que conclu\u00edram o Ensino Fundamental e v\u00e3o cursar o Ensino M\u00e9dio + Curso T\u00e9cnico):<br>a) T\u00e9cnico em Administra\u00e7\u00e3o Integrado ao Ensino M\u00e9dio (Integral, dura\u00e7\u00e3o m\u00ednima de 3 anos)<br>b) T\u00e9cnico em Agropecu\u00e1ria Integrado ao Ensino M\u00e9dio (Integral, dura\u00e7\u00e3o m\u00ednima de 3 anos)<br>c) T\u00e9cnico em Florestas Integrado ao Ensino M\u00e9dio (Integral, dura\u00e7\u00e3o m\u00ednima de 3 anos) <\/p>\n\n\n\n<p><strong>CURSOS T\u00c9CNICOS SUBSEQUENTES AO ENSINO M\u00c9DIO<\/strong> (para estudantes que conclu\u00edram o Ensino M\u00e9dio e v\u00e3o cursar apenas o Curso T\u00e9cnico):<br>a) T\u00e9cnico em Administra\u00e7\u00e3o Subsequente ao Ensino M\u00e9dio (Noturno, dura\u00e7\u00e3o m\u00ednima de 1,5 anos)<br>b) T\u00e9cnico em Agropecu\u00e1ria Subsequente ao Ensino M\u00e9dio (Vespertino, dura\u00e7\u00e3o m\u00ednima de 1,5 anos)<br>c) T\u00e9cnico em Florestas Subsequente ao Ensino M\u00e9dio (Matutino, dura\u00e7\u00e3o m\u00ednima de 1,5 anos)<br>d) T\u00e9cnico em Hospedagem Subsequente ao Ensino M\u00e9dio (Noturno, dura\u00e7\u00e3o m\u00ednima de 1 ano)<\/p>\n\n\n\n<p>Adiantamos que para os cursos integrados a sele\u00e7\u00e3o ser\u00e1 por an\u00e1lise de hist\u00f3rico escolar, com as disciplinas e anos a serem avaliados definidos no Edital de Sele\u00e7\u00e3o que ser\u00e1 publicado. Para os cursos subsequentes, a forma de sele\u00e7\u00e3o encontra-se em discuss\u00e3o. Todos os cursos s\u00e3o gratuitos e as inscri\u00e7\u00f5es tamb\u00e9m ser\u00e3o gratuitas.<br>Os cursos s\u00e3o essencialmente presenciais, mas em virtude da excepcionalidade da Pandemia da COVID-19, sendo necess\u00e1rio, as aulas poder\u00e3o ocorrer no formato de Atividades Pedag\u00f3gicas N\u00e3o Presenciais.<\/p>\n\n\n\n<p>Informamos ainda que o Calend\u00e1rio Acad\u00eamico do campus que est\u00e1 em andamento \u00e9 referente ao ano letivo de 2021, com previs\u00e3o de t\u00e9rmino em julho\/2022. Assim, dando sequ\u00eancia ao calend\u00e1rio vigente, o inicio do ano letivo 2022 tem previs\u00e3o para iniciar a partir de agosto\/2022.<br>Orientamos que continuem atentos aos nossos canais oficiais de comunica\u00e7\u00e3o para acompanharem informa\u00e7\u00f5es sobre os Editais do Processo Seletivo para Ingresso de Estudantes 2022 do Campus Teixeira de Freitas, em breve teremos mais informa\u00e7\u00f5es.<\/p>\n\n\n\n<ul><li>Site institucional do IF Baiano (<a rel=\"noreferrer noopener\" href=\"https:\/\/ifbaiano.edu.br\/portal\/\" target=\"_blank\">https:\/\/ifbaiano.edu.br\/portal\/<\/a>)<\/li><li>Site de concursos: <a href=\"http:\/\/concurso.ifbaiano.edu.br\" target=\"_blank\" rel=\"noreferrer noopener\">concurso.ifbaiano.edu.br<\/a><\/li><li>Site institucional do campus Teixeira de Freitas: <a href=\"https:\/\/www.ifbaiano.edu.br\/unidades\/teixeira\/\" target=\"_blank\" rel=\"noreferrer noopener\">https:\/\/www.ifbaiano.edu.br\/unidades\/teixeira\/<\/a><\/li><li>Redes sociais do campus Teixeira de Freitas &#8211; instagram e facebook: @ifbaianoteixeiradefreitas<\/li><\/ul>\n\n\n\n<p><\/p>\n","protected":false},"excerpt":{"rendered":"<p>O Instituto Federal de Educa\u00e7\u00e3o, Ci\u00eancia e Tecnologia Baiano (IF Baiano) \u2013 campus Teixeira de Freitas informa que a realiza\u00e7\u00e3o de Matr\u00edcula na institui\u00e7\u00e3o ocorre ap\u00f3s a realiza\u00e7\u00e3o do Processo Seletivo para Ingresso de Estudantes. Por sua vez, o Processo Seletivo para Ingresso de Estudantes 2022 para os cursos T\u00e9cnicos (Integrados e Subsequentes) do campus [&hellip;]<\/p>\n","protected":false},"author":139,"featured_media":10923,"comment_status":"open","ping_status":"open","sticky":false,"template":"","format":"standard","meta":[],"categories":[13,9,37],"tags":[],"_links":{"self":[{"href":"https:\/\/www.ifbaiano.edu.br\/unidades\/teixeira\/wp-json\/wp\/v2\/posts\/10917"}],"collection":[{"href":"https:\/\/www.ifbaiano.edu.br\/unidades\/teixeira\/wp-json\/wp\/v2\/posts"}],"about":[{"href":"https:\/\/www.ifbaiano.edu.br\/unidades\/teixeira\/wp-json\/wp\/v2\/types\/post"}],"author":[{"embeddable":true,"href":"https:\/\/www.ifbaiano.edu.br\/unidades\/teixeira\/wp-json\/wp\/v2\/users\/139"}],"replies":[{"embeddable":true,"href":"https:\/\/www.ifbaiano.edu.br\/unidades\/teixeira\/wp-json\/wp\/v2\/comments?post=10917"}],"version-history":[{"count":7,"href":"https:\/\/www.ifbaiano.edu.br\/unidades\/teixeira\/wp-json\/wp\/v2\/posts\/10917\/revisions"}],"predecessor-version":[{"id":11241,"href":"https:\/\/www.ifbaiano.edu.br\/unidades\/teixeira\/wp-json\/wp\/v2\/posts\/10917\/revisions\/11241"}],"wp:featuredmedia":[{"embeddable":true,"href":"https:\/\/www.ifbaiano.edu.br\/unidades\/teixeira\/wp-json\/wp\/v2\/media\/10923"}],"wp:attachment":[{"href":"https:\/\/www.ifbaiano.edu.br\/unidades\/teixeira\/wp-json\/wp\/v2\/media?parent=10917"}],"wp:term":[{"taxonomy":"category","embeddable":true,"href":"https:\/\/www.ifbaiano.edu.br\/unidades\/teixeira\/wp-json\/wp\/v2\/categories?post=10917"},{"taxonomy":"post_tag","embeddable":true,"href":"https:\/\/www.ifbaiano.edu.br\/unidades\/teixeira\/wp-json\/wp\/v2\/tags?post=10917"}],"curies":[{"name":"wp","href":"https:\/\/api.w.org\/{rel}","templated":true}]}}