{"id":11242,"date":"2022-03-28T23:46:42","date_gmt":"2022-03-29T02:46:42","guid":{"rendered":"https:\/\/www.ifbaiano.edu.br\/unidades\/teixeira\/?p=11242"},"modified":"2022-05-18T13:39:54","modified_gmt":"2022-05-18T16:39:54","slug":"confira-o-edital-e-anexos-do-prosel-2022","status":"publish","type":"post","link":"https:\/\/www.ifbaiano.edu.br\/unidades\/teixeira\/confira-o-edital-e-anexos-do-prosel-2022\/","title":{"rendered":"Confira o edital e anexos do PROSEL 2022"},"content":{"rendered":"\n<p> O Instituto Federal de Educa\u00e7\u00e3o, Ci\u00eancia e Tecnologia Baiano (IF Baiano) \u2013 campus Teixeira de Freitas informa que a realiza\u00e7\u00e3o de Matr\u00edcula na institui\u00e7\u00e3o ocorre ap\u00f3s a realiza\u00e7\u00e3o do Processo Seletivo para Ingresso de Estudantes.<\/p>\n\n\n\n<p><br>O campus Teixeira de Freitas ofertar\u00e1 um total de 240 vagas para ingresso no ano letivo de 2022 nos Cursos T\u00e9cnicos nas formas integradas e subsequentes, na modalidade presencial, divididas entre os seguintes cursos: <\/p>\n\n\n\n<p><\/p>\n\n\n\n<p><strong>CURSOS T\u00c9CNICOS INTEGRADOS AO ENSINO M\u00c9DIO<\/strong> (para estudantes que conclu\u00edram o Ensino Fundamental e v\u00e3o cursar o Ensino M\u00e9dio + Curso T\u00e9cnico):<br>a) T\u00e9cnico em Administra\u00e7\u00e3o Integrado ao Ensino M\u00e9dio (Integral, dura\u00e7\u00e3o m\u00ednima de 3 anos)<br>b) T\u00e9cnico em Agropecu\u00e1ria Integrado ao Ensino M\u00e9dio (Integral, dura\u00e7\u00e3o m\u00ednima de 3 anos)<br>c) T\u00e9cnico em Florestas Integrado ao Ensino M\u00e9dio (Integral, dura\u00e7\u00e3o m\u00ednima de 3 anos)<\/p>\n\n\n\n<p><\/p>\n\n\n\n<p> <strong>CURSOS T\u00c9CNICOS SUBSEQUENTES AO ENSINO M\u00c9DIO<\/strong> (para estudantes que conclu\u00edram o Ensino M\u00e9dio e v\u00e3o cursar apenas o Curso T\u00e9cnico):<br>a) T\u00e9cnico em Administra\u00e7\u00e3o Subsequente ao Ensino M\u00e9dio (Noturno, dura\u00e7\u00e3o m\u00ednima de 1,5 anos)<br>b) T\u00e9cnico em Agropecu\u00e1ria Subsequente ao Ensino M\u00e9dio (Vespertino, dura\u00e7\u00e3o m\u00ednima de 1,5 anos)<br>c) T\u00e9cnico em Florestas Subsequente ao Ensino M\u00e9dio (Matutino, dura\u00e7\u00e3o m\u00ednima de 1,5 anos)<br>d) T\u00e9cnico em Hospedagem Subsequente ao Ensino M\u00e9dio (Noturno, dura\u00e7\u00e3o m\u00ednima de 1 ano)<\/p>\n\n\n\n<p><\/p>\n\n\n\n<div class=\"wp-block-buttons is-content-justification-center is-layout-flex\">\n<div class=\"wp-block-button is-style-outline\"><a class=\"wp-block-button__link\" href=\"https:\/\/www.ifbaiano.edu.br\/unidades\/teixeira\/aluno\/ingresso-de-estudantes-2022\/2\/\"><strong>Acesse o Edital e Anexos<\/strong><\/a><\/div>\n<\/div>\n\n\n\n<p> <li>Site institucional do IF Baiano (<a rel=\"noreferrer noopener\" href=\"https:\/\/ifbaiano.edu.br\/portal\/\" target=\"_blank\">https:\/\/ifbaiano.edu.br\/portal\/<\/a>)<\/li><\/p>\n\n\n\n<p><li>Site de concursos: <a rel=\"noreferrer noopener\" href=\"http:\/\/concurso.ifbaiano.edu.br\" target=\"_blank\">concurso.ifbaiano.edu.br<\/a><\/li><\/p>\n\n\n\n<p><li>Site institucional do campus Teixeira de Freitas: <a rel=\"noreferrer noopener\" href=\"https:\/\/www.ifbaiano.edu.br\/unidades\/teixeira\/\" target=\"_blank\">https:\/\/www.ifbaiano.edu.br\/unidades\/teixeira\/<\/a><\/li><\/p>\n\n\n\n<p><li>Redes sociais do campus Teixeira de Freitas &#8211; instagram e facebook: @ifbaianoteixeiradefreitas<\/li> <\/p>\n","protected":false},"excerpt":{"rendered":"<p>O Instituto Federal de Educa\u00e7\u00e3o, Ci\u00eancia e Tecnologia Baiano (IF Baiano) \u2013 campus Teixeira de Freitas informa que a realiza\u00e7\u00e3o de Matr\u00edcula na institui\u00e7\u00e3o ocorre ap\u00f3s a realiza\u00e7\u00e3o do Processo Seletivo para Ingresso de Estudantes. O campus Teixeira de Freitas ofertar\u00e1 um total de 240 vagas para ingresso no ano letivo de 2022 nos Cursos [&hellip;]<\/p>\n","protected":false},"author":31,"featured_media":10923,"comment_status":"open","ping_status":"open","sticky":false,"template":"","format":"standard","meta":[],"categories":[39,33,28,32,61,13,6,7,40,41,4,9],"tags":[],"_links":{"self":[{"href":"https:\/\/www.ifbaiano.edu.br\/unidades\/teixeira\/wp-json\/wp\/v2\/posts\/11242"}],"collection":[{"href":"https:\/\/www.ifbaiano.edu.br\/unidades\/teixeira\/wp-json\/wp\/v2\/posts"}],"about":[{"href":"https:\/\/www.ifbaiano.edu.br\/unidades\/teixeira\/wp-json\/wp\/v2\/types\/post"}],"author":[{"embeddable":true,"href":"https:\/\/www.ifbaiano.edu.br\/unidades\/teixeira\/wp-json\/wp\/v2\/users\/31"}],"replies":[{"embeddable":true,"href":"https:\/\/www.ifbaiano.edu.br\/unidades\/teixeira\/wp-json\/wp\/v2\/comments?post=11242"}],"version-history":[{"count":1,"href":"https:\/\/www.ifbaiano.edu.br\/unidades\/teixeira\/wp-json\/wp\/v2\/posts\/11242\/revisions"}],"predecessor-version":[{"id":11243,"href":"https:\/\/www.ifbaiano.edu.br\/unidades\/teixeira\/wp-json\/wp\/v2\/posts\/11242\/revisions\/11243"}],"wp:featuredmedia":[{"embeddable":true,"href":"https:\/\/www.ifbaiano.edu.br\/unidades\/teixeira\/wp-json\/wp\/v2\/media\/10923"}],"wp:attachment":[{"href":"https:\/\/www.ifbaiano.edu.br\/unidades\/teixeira\/wp-json\/wp\/v2\/media?parent=11242"}],"wp:term":[{"taxonomy":"category","embeddable":true,"href":"https:\/\/www.ifbaiano.edu.br\/unidades\/teixeira\/wp-json\/wp\/v2\/categories?post=11242"},{"taxonomy":"post_tag","embeddable":true,"href":"https:\/\/www.ifbaiano.edu.br\/unidades\/teixeira\/wp-json\/wp\/v2\/tags?post=11242"}],"curies":[{"name":"wp","href":"https:\/\/api.w.org\/{rel}","templated":true}]}}