{"id":11709,"date":"2022-08-05T13:03:23","date_gmt":"2022-08-05T16:03:23","guid":{"rendered":"https:\/\/www.ifbaiano.edu.br\/unidades\/teixeira\/?p=11709"},"modified":"2022-08-19T15:37:52","modified_gmt":"2022-08-19T18:37:52","slug":"vagas-remanescentes-para-estudantes-dos-cursos-de-nivel-medio-integrado-e-subsequente","status":"publish","type":"post","link":"https:\/\/www.ifbaiano.edu.br\/unidades\/teixeira\/vagas-remanescentes-para-estudantes-dos-cursos-de-nivel-medio-integrado-e-subsequente\/","title":{"rendered":"Vagas Remanescentes para os cursos de n\u00edvel m\u00e9dio, integrado e subsequente"},"content":{"rendered":"\n<p>Publicamos Editais para sele\u00e7\u00e3o de estudantes dos cursos de n\u00edvel m\u00e9dio, integrado e subsequente.<\/p>\n\n\n\n<div id=\"documentoshome\"><div id=\"doctitulo\">\n\t\t\t\t\tN\u00edvel M\u00e9dio Integrado\n\t\t\t\t<\/div><\/div>\n\n\n\n<p>Para ingressar nos T\u00e9cnicos de N\u00edvel M\u00e9dio na forma integrada ao Ensino M\u00e9dio, na modalidade presencial do IF Baiano, \u00e9 necess\u00e1rio ter conclu\u00eddo o Ensino Fundamental at\u00e9 o dia da inscri\u00e7\u00e3o\/matr\u00edcula.<\/p>\n\n\n\n<p>N\u00famero de vagas dispon\u00edveis: (Atualizado em 19\/08)<\/p>\n\n\n\n<p><\/p>\n\n\n\n<p>T\u00e9cnico em Administra\u00e7\u00e3o &#8211; 03 vagas<\/p>\n\n\n\n<p>T\u00e9cnico em Agropecu\u00e1ria &#8211; 16 vagas<\/p>\n\n\n\n<p>T\u00e9cnico em Florestas &#8211; 01 vaga<\/p>\n\n\n\n<hr class=\"wp-block-separator is-style-wide\" \/>\n\n\n\n<p><a href=\"https:\/\/www.ifbaiano.edu.br\/unidades\/teixeira\/files\/2022\/08\/Resultado-da-Impugnacao-do-Edital-de-Vagas-Remanescentes-PROSEL-2022-Cursos-Integrados-campus-Teixeira-de-Freitas.pdf\" target=\"_blank\" rel=\"noreferrer noopener\">Resultado da Impugna\u00e7\u00e3o do Edital<\/a><\/p>\n\n\n\n<p><a href=\"https:\/\/www.ifbaiano.edu.br\/unidades\/teixeira\/files\/2022\/08\/Edital-19-Vagas-remanescentes-nivel-medio-integrado.pdf\">Edital n\u00ba19<\/a><\/p>\n\n\n\n<p><a href=\"https:\/\/concurso.ifbaiano.edu.br\/portal\/vagas-integrado-teixeira-agosto-2022\/\">Link do site<\/a><\/p>\n\n\n\n<div id=\"documentoshome\"><div id=\"doctitulo\">\n\t\t\t\t\tN\u00edvel M\u00e9dio Subsequente\n\t\t\t\t<\/div><\/div>\n\n\n\n<p>Para ingressar nos T\u00e9cnicos de N\u00edvel M\u00e9dio na forma subsequente ao Ensino M\u00e9dio, na modalidade presencial do IF Baiano, \u00e9 necess\u00e1rio ter conclu\u00eddo o Ensino M\u00e9dio at\u00e9 o dia da inscri\u00e7\u00e3o\/matr\u00edcula.<\/p>\n\n\n\n<p>N\u00famero de vagas dispon\u00edveis:  (Atualizado em 19\/08) <\/p>\n\n\n\n<p>T\u00e9cnico em Administra\u00e7\u00e3o &#8211; 20 vagas<\/p>\n\n\n\n<p>T\u00e9cnico em Agropecu\u00e1ria &#8211; 09 vagas<\/p>\n\n\n\n<p>T\u00e9cnico em Florestas &#8211; 25 vagas<\/p>\n\n\n\n<hr class=\"wp-block-separator is-style-wide\" \/>\n\n\n\n<p><a href=\"https:\/\/www.ifbaiano.edu.br\/unidades\/teixeira\/files\/2022\/08\/Resultado-da-Impugnacao-do-Edital-de-Vagas-Remanescentes-PROSEL-2022-Cursos-Subsequentes-modalidade-presencial-campus-Teixeira-de-Freitas.pdf\" target=\"_blank\" rel=\"noreferrer noopener\">Resultado da Impugna\u00e7\u00e3o do Edital <\/a><\/p>\n\n\n\n<p><a href=\"https:\/\/www.ifbaiano.edu.br\/unidades\/teixeira\/files\/2022\/08\/Edital-20-Vagas-remanescentes-nivel-medio-subsequente.pdf\">Edital n\u00ba20 <\/a><\/p>\n\n\n\n<p><a href=\"https:\/\/concurso.ifbaiano.edu.br\/portal\/vagas-subsequente-teixeira-agosto-2022\/\">Link do site<\/a><\/p>\n\n\n\n<div id=\"documentoshome\"><div id=\"doctitulo\">\n\t\t\t\t\tInscri\u00e7\u00f5es\n\t\t\t\t<\/div><\/div>\n\n\n\n<p>Manifesta\u00e7\u00e3o de Interesse e Inscri\u00e7\u00e3o\/Matr\u00edculas: 10 de agosto at\u00e9 02 de setembro de 2022, das 08h \u00e0s 13h, por ordem de chegada no local de inscri\u00e7\u00e3o\/matr\u00edcula.<\/p>\n\n\n\n<p><\/p>\n\n\n\n<p>Para acesso ao Campus ser\u00e1 exigido o uso de m\u00e1scara e a Comprova\u00e7\u00e3o Vacinal , conforme Resolu\u00e7\u00e3o 183\/2022 &#8211; OS-CONSUP\/IFBAIANO, DE 3 DE FEVEREIRO DE 2022, alterada pela Resolu\u00e7\u00e3o 186\/2022 &#8211; que torna obrigat\u00f3ria a comprova\u00e7\u00e3o de vacina\u00e7\u00e3o contra a Covid-19 para acesso \u00e0s depend\u00eancias de todas as unidades do Instituto.<\/p>\n\n\n\n<p><\/p>\n","protected":false},"excerpt":{"rendered":"<p>Publicamos Editais para sele\u00e7\u00e3o de estudantes dos cursos de n\u00edvel m\u00e9dio, integrado e subsequente. N\u00edvel M\u00e9dio Integrado Para ingressar nos T\u00e9cnicos de N\u00edvel M\u00e9dio na forma integrada ao Ensino M\u00e9dio, na modalidade presencial do IF Baiano, \u00e9 necess\u00e1rio ter conclu\u00eddo o Ensino Fundamental at\u00e9 o dia da inscri\u00e7\u00e3o\/matr\u00edcula. N\u00famero de vagas dispon\u00edveis: (Atualizado em 19\/08) [&hellip;]<\/p>\n","protected":false},"author":152,"featured_media":10923,"comment_status":"open","ping_status":"open","sticky":false,"template":"","format":"standard","meta":[],"categories":[32,13,5,9],"tags":[],"_links":{"self":[{"href":"https:\/\/www.ifbaiano.edu.br\/unidades\/teixeira\/wp-json\/wp\/v2\/posts\/11709"}],"collection":[{"href":"https:\/\/www.ifbaiano.edu.br\/unidades\/teixeira\/wp-json\/wp\/v2\/posts"}],"about":[{"href":"https:\/\/www.ifbaiano.edu.br\/unidades\/teixeira\/wp-json\/wp\/v2\/types\/post"}],"author":[{"embeddable":true,"href":"https:\/\/www.ifbaiano.edu.br\/unidades\/teixeira\/wp-json\/wp\/v2\/users\/152"}],"replies":[{"embeddable":true,"href":"https:\/\/www.ifbaiano.edu.br\/unidades\/teixeira\/wp-json\/wp\/v2\/comments?post=11709"}],"version-history":[{"count":15,"href":"https:\/\/www.ifbaiano.edu.br\/unidades\/teixeira\/wp-json\/wp\/v2\/posts\/11709\/revisions"}],"predecessor-version":[{"id":11767,"href":"https:\/\/www.ifbaiano.edu.br\/unidades\/teixeira\/wp-json\/wp\/v2\/posts\/11709\/revisions\/11767"}],"wp:featuredmedia":[{"embeddable":true,"href":"https:\/\/www.ifbaiano.edu.br\/unidades\/teixeira\/wp-json\/wp\/v2\/media\/10923"}],"wp:attachment":[{"href":"https:\/\/www.ifbaiano.edu.br\/unidades\/teixeira\/wp-json\/wp\/v2\/media?parent=11709"}],"wp:term":[{"taxonomy":"category","embeddable":true,"href":"https:\/\/www.ifbaiano.edu.br\/unidades\/teixeira\/wp-json\/wp\/v2\/categories?post=11709"},{"taxonomy":"post_tag","embeddable":true,"href":"https:\/\/www.ifbaiano.edu.br\/unidades\/teixeira\/wp-json\/wp\/v2\/tags?post=11709"}],"curies":[{"name":"wp","href":"https:\/\/api.w.org\/{rel}","templated":true}]}}