{"id":16147,"date":"2026-03-04T18:16:33","date_gmt":"2026-03-04T21:16:33","guid":{"rendered":"https:\/\/www.ifbaiano.edu.br\/unidades\/teixeira\/?p=16147"},"modified":"2026-03-04T18:16:34","modified_gmt":"2026-03-04T21:16:34","slug":"if-baiano-lanca-edital-do-programa-de-incentivo-a-cultura-esporte-e-lazer-pincel","status":"publish","type":"post","link":"https:\/\/www.ifbaiano.edu.br\/unidades\/teixeira\/if-baiano-lanca-edital-do-programa-de-incentivo-a-cultura-esporte-e-lazer-pincel\/","title":{"rendered":"IF Baiano lan\u00e7a edital do Programa de Incentivo \u00e0 Cultura, Esporte e Lazer (PINCEL)"},"content":{"rendered":"\n<p>O Instituto Federal Baiano (IF Baiano) \u2013 Campus Teixeira de Freitas publicou o <strong>Edital n\u00ba 18, de 04 de mar\u00e7o de 2026<\/strong>, referente ao <strong>Programa de Incentivo \u00e0 Cultura, Esporte e Lazer (PINCEL)<\/strong>, iniciativa vinculada \u00e0 Pol\u00edtica de Assist\u00eancia Estudantil da institui\u00e7\u00e3o.<\/p>\n\n\n\n<p>O programa tem como objetivo <strong>incentivar a participa\u00e7\u00e3o de estudantes em atividades culturais, art\u00edsticas, esportivas e de lazer<\/strong>, contribuindo para a melhoria do desempenho acad\u00eamico, a produ\u00e7\u00e3o do conhecimento e a forma\u00e7\u00e3o cidad\u00e3 dos estudantes.<\/p>\n\n\n\n<h2 class=\"wp-block-heading\">Modalidades de apoio<\/h2>\n\n\n\n<p>O PINCEL oferece apoio financeiro para participa\u00e7\u00e3o em atividades esportivas, art\u00edsticas e culturais, podendo contemplar estudantes individualmente ou em grupo, conforme a natureza da atividade e a disponibilidade or\u00e7ament\u00e1ria.<\/p>\n\n\n\n<p>Entre as modalidades previstas est\u00e3o:<\/p>\n\n\n\n<p><strong>Atividades esportivas:<\/strong><br>Destinadas a estudantes que representam o IF Baiano como atletas em competi\u00e7\u00f5es esportivas.<\/p>\n\n\n\n<p><strong>Atividades art\u00edsticas e culturais:<\/strong><br>Voltadas para a participa\u00e7\u00e3o em eventos e a\u00e7\u00f5es culturais vinculadas a projetos institucionais, como apresenta\u00e7\u00f5es, exposi\u00e7\u00f5es, mostras culturais e outras iniciativas relacionadas \u00e0 forma\u00e7\u00e3o acad\u00eamica.<\/p>\n\n\n\n<h2 class=\"wp-block-heading\">Despesas que podem ser custeadas<\/h2>\n\n\n\n<p>Os aux\u00edlios concedidos pelo programa podem apoiar despesas relacionadas \u00e0 participa\u00e7\u00e3o nas atividades, tais como:<\/p>\n\n\n\n<ul>\n<li>passagens terrestres ou a\u00e9reas<\/li>\n\n\n\n<li>hospedagem<\/li>\n\n\n\n<li>alimenta\u00e7\u00e3o<\/li>\n\n\n\n<li>taxa de inscri\u00e7\u00e3o em eventos<\/li>\n\n\n\n<li>aquisi\u00e7\u00e3o de materiais ou equipamentos<\/li>\n\n\n\n<li>forma\u00e7\u00e3o esportiva, art\u00edstica ou cultural<\/li>\n<\/ul>\n\n\n\n<h2 class=\"wp-block-heading\">Quem pode participar<\/h2>\n\n\n\n<p>Podem solicitar o aux\u00edlio estudantes que atendam aos seguintes requisitos:<\/p>\n\n\n\n<ul>\n<li>estar regularmente matriculado em curso do IF Baiano (n\u00edvel m\u00e9dio, t\u00e9cnico ou superior);<\/li>\n\n\n\n<li>possuir frequ\u00eancia m\u00ednima de 75%;<\/li>\n\n\n\n<li>estar inscrito no Cadastro \u00danico (Cad\u00danico) com dados atualizados.<\/li>\n<\/ul>\n\n\n\n<h2 class=\"wp-block-heading\">Como solicitar o aux\u00edlio<\/h2>\n\n\n\n<p>A solicita\u00e7\u00e3o deve ser realizada por meio da plataforma <strong>OPINA<\/strong>, com anteced\u00eancia m\u00ednima de <strong>30 dias<\/strong> e m\u00e1xima de <strong>60 dias antes do in\u00edcio da atividade<\/strong>.<\/p>\n\n\n\n<p>Durante o processo de solicita\u00e7\u00e3o, o estudante dever\u00e1 apresentar documentos que comprovem a participa\u00e7\u00e3o no evento ou atividade, al\u00e9m de justificativa do professor orientador ou treinador, quando aplic\u00e1vel.<\/p>\n\n\n\n<h2 class=\"wp-block-heading\">Presta\u00e7\u00e3o de contas<\/h2>\n\n\n\n<p>Ap\u00f3s a participa\u00e7\u00e3o no evento, o estudante contemplado dever\u00e1 apresentar <strong>relat\u00f3rio das atividades desenvolvidas, comprovante de participa\u00e7\u00e3o e presta\u00e7\u00e3o de contas<\/strong> no prazo de at\u00e9 <strong>30 dias<\/strong>.<\/p>\n\n\n\n<h2 class=\"wp-block-heading\">Mais informa\u00e7\u00f5es<\/h2>\n\n\n\n<p>D\u00favidas e orienta\u00e7\u00f5es sobre o programa podem ser obtidas junto \u00e0 <strong>Coordena\u00e7\u00e3o de Assuntos Estudantis (CAE)<\/strong> do Campus Teixeira de Freitas ou pelo e-mail institucional da Comiss\u00e3o Local de Assist\u00eancia Estudantil.<\/p>\n\n\n\n<div class=\"wp-block-file\"><object class=\"wp-block-file__embed\" data=\"https:\/\/www.ifbaiano.edu.br\/unidades\/teixeira\/files\/2026\/03\/EDITAL-N18-04-03-26-PINCEL-1.pdf\" type=\"application\/pdf\" style=\"width:100%;height:600px\" aria-label=\"Incorporado de EDITAL-N18-04-03-26-PINCEL-1.\"><\/object><a id=\"wp-block-file--media-9d4ca104-d32f-4926-bee5-8d94116e602f\" href=\"https:\/\/www.ifbaiano.edu.br\/unidades\/teixeira\/files\/2026\/03\/EDITAL-N18-04-03-26-PINCEL-1.pdf\">EDITAL-N18-04-03-26-PINCEL-1<\/a><a href=\"https:\/\/www.ifbaiano.edu.br\/unidades\/teixeira\/files\/2026\/03\/EDITAL-N18-04-03-26-PINCEL-1.pdf\" class=\"wp-block-file__button wp-element-button\" download aria-describedby=\"wp-block-file--media-9d4ca104-d32f-4926-bee5-8d94116e602f\">Baixar<\/a><\/div>\n","protected":false},"excerpt":{"rendered":"<p>O Instituto Federal Baiano (IF Baiano) \u2013 Campus Teixeira de Freitas publicou o Edital n\u00ba 18, de 04 de mar\u00e7o de 2026, referente ao Programa de Incentivo \u00e0 Cultura, Esporte e Lazer (PINCEL), iniciativa vinculada \u00e0 Pol\u00edtica de Assist\u00eancia Estudantil da institui\u00e7\u00e3o. O programa tem como objetivo incentivar a participa\u00e7\u00e3o de estudantes em atividades culturais, [&hellip;]<\/p>\n","protected":false},"author":31,"featured_media":16145,"comment_status":"open","ping_status":"open","sticky":false,"template":"","format":"standard","meta":[],"categories":[80,5,37],"tags":[],"_links":{"self":[{"href":"https:\/\/www.ifbaiano.edu.br\/unidades\/teixeira\/wp-json\/wp\/v2\/posts\/16147"}],"collection":[{"href":"https:\/\/www.ifbaiano.edu.br\/unidades\/teixeira\/wp-json\/wp\/v2\/posts"}],"about":[{"href":"https:\/\/www.ifbaiano.edu.br\/unidades\/teixeira\/wp-json\/wp\/v2\/types\/post"}],"author":[{"embeddable":true,"href":"https:\/\/www.ifbaiano.edu.br\/unidades\/teixeira\/wp-json\/wp\/v2\/users\/31"}],"replies":[{"embeddable":true,"href":"https:\/\/www.ifbaiano.edu.br\/unidades\/teixeira\/wp-json\/wp\/v2\/comments?post=16147"}],"version-history":[{"count":1,"href":"https:\/\/www.ifbaiano.edu.br\/unidades\/teixeira\/wp-json\/wp\/v2\/posts\/16147\/revisions"}],"predecessor-version":[{"id":16148,"href":"https:\/\/www.ifbaiano.edu.br\/unidades\/teixeira\/wp-json\/wp\/v2\/posts\/16147\/revisions\/16148"}],"wp:featuredmedia":[{"embeddable":true,"href":"https:\/\/www.ifbaiano.edu.br\/unidades\/teixeira\/wp-json\/wp\/v2\/media\/16145"}],"wp:attachment":[{"href":"https:\/\/www.ifbaiano.edu.br\/unidades\/teixeira\/wp-json\/wp\/v2\/media?parent=16147"}],"wp:term":[{"taxonomy":"category","embeddable":true,"href":"https:\/\/www.ifbaiano.edu.br\/unidades\/teixeira\/wp-json\/wp\/v2\/categories?post=16147"},{"taxonomy":"post_tag","embeddable":true,"href":"https:\/\/www.ifbaiano.edu.br\/unidades\/teixeira\/wp-json\/wp\/v2\/tags?post=16147"}],"curies":[{"name":"wp","href":"https:\/\/api.w.org\/{rel}","templated":true}]}}