{"id":16373,"date":"2026-05-01T01:17:58","date_gmt":"2026-05-01T04:17:58","guid":{"rendered":"https:\/\/www.ifbaiano.edu.br\/unidades\/teixeira\/?p=16373"},"modified":"2026-05-01T01:18:59","modified_gmt":"2026-05-01T04:18:59","slug":"if-baiano-realiza-aula-magna-do-curso-de-engenharia-florestal-e-marca-inicio-da-nova-turma","status":"publish","type":"post","link":"https:\/\/www.ifbaiano.edu.br\/unidades\/teixeira\/if-baiano-realiza-aula-magna-do-curso-de-engenharia-florestal-e-marca-inicio-da-nova-turma\/","title":{"rendered":"IF Baiano realiza Aula Magna do curso de Engenharia Florestal e marca in\u00edcio da nova turma"},"content":{"rendered":"\n<p>O Instituto Federal Baiano \u2013 Campus Teixeira de Freitas realizou, nesta quarta-feira (30), a Aula Magna do curso superior de Bacharelado em Engenharia Florestal, marcando oficialmente o in\u00edcio das atividades acad\u00eamicas da nova turma.<\/p>\n\n\n\n<p>O evento aconteceu na biblioteca do campus e contou com a presen\u00e7a do engenheiro florestal Aguinaldo Jos\u00e9 de Souza, representante da empresa Suzano, que ministrou a palestra principal, compartilhando experi\u00eancias profissionais e reflex\u00f5es sobre o cen\u00e1rio atual da \u00e1rea florestal.<\/p>\n\n\n\n<p>A solenidade reuniu os novos discentes do curso, al\u00e9m de gestores, servidores e representantes da comunidade externa. Estiveram presentes o coordenador do curso, professor Rodrigo Diego Quoos, a Diretora-Geral, professora Elen Rosa, a Diretora Administrativa, Marilene Fontoura, e o Diretor Acad\u00eamico, professor Welton Rodrigues, al\u00e9m de representantes da sociedade civil e de institui\u00e7\u00f5es parceiras.<\/p>\n\n\n\n<p>A Aula Magna teve como objetivo acolher os estudantes ingressantes e proporcionar um momento de integra\u00e7\u00e3o entre a comunidade acad\u00eamica e o setor produtivo, fortalecendo a rela\u00e7\u00e3o entre teoria e pr\u00e1tica na forma\u00e7\u00e3o profissional.<\/p>\n\n\n\n<p>A participa\u00e7\u00e3o de profissionais atuantes no mercado contribui para ampliar a vis\u00e3o dos estudantes sobre as possibilidades da carreira, al\u00e9m de refor\u00e7ar a import\u00e2ncia da Engenharia Florestal para o desenvolvimento sustent\u00e1vel e a gest\u00e3o respons\u00e1vel dos recursos naturais.<\/p>\n\n\n\n<p>Com a realiza\u00e7\u00e3o da Aula Magna, o IF Baiano reafirma seu compromisso com a forma\u00e7\u00e3o de qualidade, promovendo espa\u00e7os de di\u00e1logo, aprendizado e integra\u00e7\u00e3o entre ensino, pesquisa, extens\u00e3o e sociedade.<\/p>\n\n\n\n<figure class=\"wp-block-gallery has-nested-images columns-7 is-cropped wp-block-gallery-1 is-layout-flex\">\n<figure class=\"wp-block-image size-large\"><img decoding=\"async\" loading=\"lazy\" width=\"768\" height=\"1024\" data-id=\"16376\"  src=\"https:\/\/www.ifbaiano.edu.br\/unidades\/teixeira\/files\/2026\/05\/8978-20260430_142748-768x1024.webp\" alt=\"\" class=\"wp-image-16376\" srcset=\"https:\/\/www.ifbaiano.edu.br\/unidades\/teixeira\/files\/2026\/05\/8978-20260430_142748-768x1024.webp 768w, https:\/\/www.ifbaiano.edu.br\/unidades\/teixeira\/files\/2026\/05\/8978-20260430_142748-225x300.webp 225w, https:\/\/www.ifbaiano.edu.br\/unidades\/teixeira\/files\/2026\/05\/8978-20260430_142748-100x133.webp 100w, https:\/\/www.ifbaiano.edu.br\/unidades\/teixeira\/files\/2026\/05\/8978-20260430_142748.webp 810w\" sizes=\"(max-width: 768px) 100vw, 768px\" \/><\/figure>\n\n\n\n<figure class=\"wp-block-image size-large\"><img decoding=\"async\" loading=\"lazy\" width=\"768\" height=\"1024\" data-id=\"16378\"  src=\"https:\/\/www.ifbaiano.edu.br\/unidades\/teixeira\/files\/2026\/05\/8978-20260430_143210-768x1024.webp\" alt=\"\" class=\"wp-image-16378\" srcset=\"https:\/\/www.ifbaiano.edu.br\/unidades\/teixeira\/files\/2026\/05\/8978-20260430_143210-768x1024.webp 768w, https:\/\/www.ifbaiano.edu.br\/unidades\/teixeira\/files\/2026\/05\/8978-20260430_143210-225x300.webp 225w, https:\/\/www.ifbaiano.edu.br\/unidades\/teixeira\/files\/2026\/05\/8978-20260430_143210-100x133.webp 100w, https:\/\/www.ifbaiano.edu.br\/unidades\/teixeira\/files\/2026\/05\/8978-20260430_143210.webp 810w\" sizes=\"(max-width: 768px) 100vw, 768px\" \/><\/figure>\n\n\n\n<figure class=\"wp-block-image size-large\"><img decoding=\"async\" loading=\"lazy\" width=\"768\" height=\"1024\" data-id=\"16381\"  src=\"https:\/\/www.ifbaiano.edu.br\/unidades\/teixeira\/files\/2026\/05\/8979-20260430_143638-768x1024.webp\" alt=\"\" class=\"wp-image-16381\" srcset=\"https:\/\/www.ifbaiano.edu.br\/unidades\/teixeira\/files\/2026\/05\/8979-20260430_143638-768x1024.webp 768w, https:\/\/www.ifbaiano.edu.br\/unidades\/teixeira\/files\/2026\/05\/8979-20260430_143638-225x300.webp 225w, https:\/\/www.ifbaiano.edu.br\/unidades\/teixeira\/files\/2026\/05\/8979-20260430_143638-100x133.webp 100w, https:\/\/www.ifbaiano.edu.br\/unidades\/teixeira\/files\/2026\/05\/8979-20260430_143638.webp 810w\" sizes=\"(max-width: 768px) 100vw, 768px\" \/><\/figure>\n\n\n\n<figure class=\"wp-block-image size-large\"><img decoding=\"async\" loading=\"lazy\" width=\"768\" height=\"1024\" data-id=\"16377\"  src=\"https:\/\/www.ifbaiano.edu.br\/unidades\/teixeira\/files\/2026\/05\/8978-20260430_144110-768x1024.webp\" alt=\"\" class=\"wp-image-16377\" srcset=\"https:\/\/www.ifbaiano.edu.br\/unidades\/teixeira\/files\/2026\/05\/8978-20260430_144110-768x1024.webp 768w, https:\/\/www.ifbaiano.edu.br\/unidades\/teixeira\/files\/2026\/05\/8978-20260430_144110-225x300.webp 225w, https:\/\/www.ifbaiano.edu.br\/unidades\/teixeira\/files\/2026\/05\/8978-20260430_144110-100x133.webp 100w, https:\/\/www.ifbaiano.edu.br\/unidades\/teixeira\/files\/2026\/05\/8978-20260430_144110.webp 810w\" sizes=\"(max-width: 768px) 100vw, 768px\" \/><\/figure>\n\n\n\n<figure class=\"wp-block-image size-large\"><img decoding=\"async\" loading=\"lazy\" width=\"768\" height=\"1024\" data-id=\"16380\"  src=\"https:\/\/www.ifbaiano.edu.br\/unidades\/teixeira\/files\/2026\/05\/8979-20260430_144532-768x1024.webp\" alt=\"\" class=\"wp-image-16380\" srcset=\"https:\/\/www.ifbaiano.edu.br\/unidades\/teixeira\/files\/2026\/05\/8979-20260430_144532-768x1024.webp 768w, https:\/\/www.ifbaiano.edu.br\/unidades\/teixeira\/files\/2026\/05\/8979-20260430_144532-225x300.webp 225w, https:\/\/www.ifbaiano.edu.br\/unidades\/teixeira\/files\/2026\/05\/8979-20260430_144532-100x133.webp 100w, https:\/\/www.ifbaiano.edu.br\/unidades\/teixeira\/files\/2026\/05\/8979-20260430_144532.webp 810w\" sizes=\"(max-width: 768px) 100vw, 768px\" \/><\/figure>\n\n\n\n<figure class=\"wp-block-image size-large\"><img decoding=\"async\" loading=\"lazy\" width=\"768\" height=\"1024\" data-id=\"16375\"  src=\"https:\/\/www.ifbaiano.edu.br\/unidades\/teixeira\/files\/2026\/05\/8978-20260430_145500-768x1024.webp\" alt=\"\" class=\"wp-image-16375\" srcset=\"https:\/\/www.ifbaiano.edu.br\/unidades\/teixeira\/files\/2026\/05\/8978-20260430_145500-768x1024.webp 768w, https:\/\/www.ifbaiano.edu.br\/unidades\/teixeira\/files\/2026\/05\/8978-20260430_145500-225x300.webp 225w, https:\/\/www.ifbaiano.edu.br\/unidades\/teixeira\/files\/2026\/05\/8978-20260430_145500-100x133.webp 100w, https:\/\/www.ifbaiano.edu.br\/unidades\/teixeira\/files\/2026\/05\/8978-20260430_145500.webp 810w\" sizes=\"(max-width: 768px) 100vw, 768px\" \/><\/figure>\n\n\n\n<figure class=\"wp-block-image size-large\"><img decoding=\"async\" loading=\"lazy\" width=\"768\" height=\"1024\" data-id=\"16379\"  src=\"https:\/\/www.ifbaiano.edu.br\/unidades\/teixeira\/files\/2026\/05\/8978-20260430_171603-768x1024.webp\" alt=\"\" class=\"wp-image-16379\" srcset=\"https:\/\/www.ifbaiano.edu.br\/unidades\/teixeira\/files\/2026\/05\/8978-20260430_171603-768x1024.webp 768w, https:\/\/www.ifbaiano.edu.br\/unidades\/teixeira\/files\/2026\/05\/8978-20260430_171603-225x300.webp 225w, https:\/\/www.ifbaiano.edu.br\/unidades\/teixeira\/files\/2026\/05\/8978-20260430_171603-100x133.webp 100w, https:\/\/www.ifbaiano.edu.br\/unidades\/teixeira\/files\/2026\/05\/8978-20260430_171603.webp 810w\" sizes=\"(max-width: 768px) 100vw, 768px\" \/><\/figure>\n\n\n\n<figure class=\"wp-block-image size-large\"><img decoding=\"async\" data-id=\"16374\"  src=\"https:\/\/www.ifbaiano.edu.br\/unidades\/teixeira\/files\/2026\/05\/8968-20260430_165705-1024x768.webp\" alt=\"\" class=\"wp-image-16374\" \/><\/figure>\n<\/figure>\n","protected":false},"excerpt":{"rendered":"<p>O Instituto Federal Baiano \u2013 Campus Teixeira de Freitas realizou, nesta quarta-feira (30), a Aula Magna do curso superior de Bacharelado em Engenharia Florestal, marcando oficialmente o in\u00edcio das atividades acad\u00eamicas da nova turma. O evento aconteceu na biblioteca do campus e contou com a presen\u00e7a do engenheiro florestal Aguinaldo Jos\u00e9 de Souza, representante da [&hellip;]<\/p>\n","protected":false},"author":31,"featured_media":16374,"comment_status":"open","ping_status":"open","sticky":false,"template":"","format":"standard","meta":[],"categories":[5,7,81,26,37],"tags":[],"_links":{"self":[{"href":"https:\/\/www.ifbaiano.edu.br\/unidades\/teixeira\/wp-json\/wp\/v2\/posts\/16373"}],"collection":[{"href":"https:\/\/www.ifbaiano.edu.br\/unidades\/teixeira\/wp-json\/wp\/v2\/posts"}],"about":[{"href":"https:\/\/www.ifbaiano.edu.br\/unidades\/teixeira\/wp-json\/wp\/v2\/types\/post"}],"author":[{"embeddable":true,"href":"https:\/\/www.ifbaiano.edu.br\/unidades\/teixeira\/wp-json\/wp\/v2\/users\/31"}],"replies":[{"embeddable":true,"href":"https:\/\/www.ifbaiano.edu.br\/unidades\/teixeira\/wp-json\/wp\/v2\/comments?post=16373"}],"version-history":[{"count":1,"href":"https:\/\/www.ifbaiano.edu.br\/unidades\/teixeira\/wp-json\/wp\/v2\/posts\/16373\/revisions"}],"predecessor-version":[{"id":16382,"href":"https:\/\/www.ifbaiano.edu.br\/unidades\/teixeira\/wp-json\/wp\/v2\/posts\/16373\/revisions\/16382"}],"wp:featuredmedia":[{"embeddable":true,"href":"https:\/\/www.ifbaiano.edu.br\/unidades\/teixeira\/wp-json\/wp\/v2\/media\/16374"}],"wp:attachment":[{"href":"https:\/\/www.ifbaiano.edu.br\/unidades\/teixeira\/wp-json\/wp\/v2\/media?parent=16373"}],"wp:term":[{"taxonomy":"category","embeddable":true,"href":"https:\/\/www.ifbaiano.edu.br\/unidades\/teixeira\/wp-json\/wp\/v2\/categories?post=16373"},{"taxonomy":"post_tag","embeddable":true,"href":"https:\/\/www.ifbaiano.edu.br\/unidades\/teixeira\/wp-json\/wp\/v2\/tags?post=16373"}],"curies":[{"name":"wp","href":"https:\/\/api.w.org\/{rel}","templated":true}]}}