{"id":13430,"date":"2025-11-18T14:12:45","date_gmt":"2025-11-18T17:12:45","guid":{"rendered":"https:\/\/www.ifbaiano.edu.br\/unidades\/urucuca\/?p=13430"},"modified":"2026-02-26T10:23:33","modified_gmt":"2026-02-26T13:23:33","slug":"inscricoes-abertas-para-o-programa-de-monitoria","status":"publish","type":"post","link":"https:\/\/www.ifbaiano.edu.br\/unidades\/urucuca\/2025\/11\/18\/inscricoes-abertas-para-o-programa-de-monitoria\/","title":{"rendered":"Inscri\u00e7\u00f5es abertas para o Programa de Monitoria"},"content":{"rendered":"<div class=\"wp-block-image\">\n<figure class=\"aligncenter size-large is-resized\"><a href=\"https:\/\/www.ifbaiano.edu.br\/unidades\/urucuca\/files\/2025\/11\/5932-monitoria-1.webp\"><img decoding=\"async\" loading=\"lazy\" src=\"https:\/\/www.ifbaiano.edu.br\/unidades\/urucuca\/files\/2025\/11\/5932-monitoria-1-819x1024.webp\" alt=\"\" class=\"wp-image-13431\" width=\"368\" height=\"460\" srcset=\"https:\/\/www.ifbaiano.edu.br\/unidades\/urucuca\/files\/2025\/11\/5932-monitoria-1-819x1024.webp 819w, https:\/\/www.ifbaiano.edu.br\/unidades\/urucuca\/files\/2025\/11\/5932-monitoria-1-240x300.webp 240w, https:\/\/www.ifbaiano.edu.br\/unidades\/urucuca\/files\/2025\/11\/5932-monitoria-1-768x960.webp 768w, https:\/\/www.ifbaiano.edu.br\/unidades\/urucuca\/files\/2025\/11\/5932-monitoria-1-100x125.webp 100w, https:\/\/www.ifbaiano.edu.br\/unidades\/urucuca\/files\/2025\/11\/5932-monitoria-1.webp 864w\" sizes=\"(max-width: 368px) 100vw, 368px\" \/><\/a><\/figure><\/div>\n\n\n<p>O IF Baiano \u2013 Campus Uru\u00e7uca informa que est\u00e3o abertas, at\u00e9 o dia <strong>24 de novembro<\/strong>, as inscri\u00e7\u00f5es para o <strong>Programa de Monitoria<\/strong>, destinado a estudantes dos cursos <strong>Integrados<\/strong>, <strong>Subsequentes<\/strong> e <strong>Superiores<\/strong>.<\/p>\n\n\n\n<p>As vagas disponibilizadas contemplam as \u00e1reas de <strong>Linguagens<\/strong> e <strong>Matem\u00e1tica<\/strong>, oferecendo aos estudantes a oportunidade de ampliar sua forma\u00e7\u00e3o acad\u00eamica, desenvolver habilidades de ensino e contribuir com o processo de aprendizagem dos colegas.<\/p>\n\n\n\n<p>Os interessados devem consultar o edital completo e realizar sua inscri\u00e7\u00e3o por meio do link:<br><strong><a href=\"https:\/\/forms.gle\/98NN8GpxQSgwZYn4A\">https:\/\/forms.gle\/98NN8GpxQSgwZYn4A<\/a><\/strong>.<br>Edital &#8211; <a href=\"https:\/\/www.ifbaiano.edu.br\/unidades\/urucuca\/programa-de-monitoria\/\" target=\"_blank\" rel=\"noreferrer noopener\">https:\/\/www.ifbaiano.edu.br\/unidades\/urucuca\/programa-de-monitoria\/<\/a><\/p>\n\n\n\n<p>A monitoria \u00e9 uma atividade formativa fundamental, que fortalece o protagonismo estudantil e incentiva o aprofundamento dos conhecimentos adquiridos em sala de aula.<\/p>\n\n\n\n<p><\/p>\n","protected":false},"excerpt":{"rendered":"<p>O IF Baiano \u2013 Campus Uru\u00e7uca informa que est\u00e3o abertas, at\u00e9 o dia 24 de novembro, as inscri\u00e7\u00f5es para o Programa de Monitoria, destinado a estudantes dos cursos Integrados, Subsequentes e Superiores. As vagas disponibilizadas contemplam as \u00e1reas de Linguagens e Matem\u00e1tica, oferecendo aos estudantes a oportunidade de ampliar sua forma\u00e7\u00e3o acad\u00eamica, desenvolver habilidades de [&hellip;]<\/p>\n","protected":false},"author":154,"featured_media":13431,"comment_status":"closed","ping_status":"open","sticky":false,"template":"","format":"standard","meta":[],"categories":[24],"tags":[87,94],"_links":{"self":[{"href":"https:\/\/www.ifbaiano.edu.br\/unidades\/urucuca\/wp-json\/wp\/v2\/posts\/13430"}],"collection":[{"href":"https:\/\/www.ifbaiano.edu.br\/unidades\/urucuca\/wp-json\/wp\/v2\/posts"}],"about":[{"href":"https:\/\/www.ifbaiano.edu.br\/unidades\/urucuca\/wp-json\/wp\/v2\/types\/post"}],"author":[{"embeddable":true,"href":"https:\/\/www.ifbaiano.edu.br\/unidades\/urucuca\/wp-json\/wp\/v2\/users\/154"}],"replies":[{"embeddable":true,"href":"https:\/\/www.ifbaiano.edu.br\/unidades\/urucuca\/wp-json\/wp\/v2\/comments?post=13430"}],"version-history":[{"count":3,"href":"https:\/\/www.ifbaiano.edu.br\/unidades\/urucuca\/wp-json\/wp\/v2\/posts\/13430\/revisions"}],"predecessor-version":[{"id":13435,"href":"https:\/\/www.ifbaiano.edu.br\/unidades\/urucuca\/wp-json\/wp\/v2\/posts\/13430\/revisions\/13435"}],"wp:featuredmedia":[{"embeddable":true,"href":"https:\/\/www.ifbaiano.edu.br\/unidades\/urucuca\/wp-json\/wp\/v2\/media\/13431"}],"wp:attachment":[{"href":"https:\/\/www.ifbaiano.edu.br\/unidades\/urucuca\/wp-json\/wp\/v2\/media?parent=13430"}],"wp:term":[{"taxonomy":"category","embeddable":true,"href":"https:\/\/www.ifbaiano.edu.br\/unidades\/urucuca\/wp-json\/wp\/v2\/categories?post=13430"},{"taxonomy":"post_tag","embeddable":true,"href":"https:\/\/www.ifbaiano.edu.br\/unidades\/urucuca\/wp-json\/wp\/v2\/tags?post=13430"}],"curies":[{"name":"wp","href":"https:\/\/api.w.org\/{rel}","templated":true}]}}