{"id":13442,"date":"2025-12-01T15:05:42","date_gmt":"2025-12-01T18:05:42","guid":{"rendered":"https:\/\/www.ifbaiano.edu.br\/unidades\/urucuca\/?p=13442"},"modified":"2025-12-01T15:05:43","modified_gmt":"2025-12-01T18:05:43","slug":"vii-feira-de-saude-do-if-baiano-campus-urucuca-reforca-acoes-de-cuidado-e-prevencao-na-comunidade-academica","status":"publish","type":"post","link":"https:\/\/www.ifbaiano.edu.br\/unidades\/urucuca\/2025\/12\/01\/vii-feira-de-saude-do-if-baiano-campus-urucuca-reforca-acoes-de-cuidado-e-prevencao-na-comunidade-academica\/","title":{"rendered":"VII Feira de Sa\u00fade do IF Baiano \u2013 Campus Uru\u00e7uca refor\u00e7a a\u00e7\u00f5es de cuidado e preven\u00e7\u00e3o na comunidade acad\u00eamica"},"content":{"rendered":"\n<p>A VII Feira de Sa\u00fade do IF Baiano \u2013 Campus Uru\u00e7uca, realizada no dia <strong>26 de novembro de 2025<\/strong>, foi um grande sucesso. Com o tema <strong>\u201cUm Check-up de Carinho no Campus!\u201d<\/strong>, a a\u00e7\u00e3o promovida pelo <strong>Pr\u00f3-Sa\u00fade<\/strong> destacou a import\u00e2ncia do cuidado cont\u00ednuo e da preven\u00e7\u00e3o na rotina da comunidade acad\u00eamica.<\/p>\n\n\n\n<p>A participa\u00e7\u00e3o de estudantes e servidores superou as expectativas, com grande procura por todos os servi\u00e7os ofertados \u2014 um reflexo direto da relev\u00e2ncia da iniciativa no fortalecimento do bem-estar coletivo.<\/p>\n\n\n\n<figure class=\"wp-block-gallery has-nested-images columns-default is-cropped wp-block-gallery-1 is-layout-flex\">\n<figure class=\"wp-block-image size-large\"><a href=\"https:\/\/www.ifbaiano.edu.br\/unidades\/urucuca\/files\/2025\/12\/1457-WhatsApp-Image-2025-11-27-at-10.32.22.webp\"><img decoding=\"async\" loading=\"lazy\" width=\"576\" height=\"1024\" data-id=\"13443\"  src=\"https:\/\/www.ifbaiano.edu.br\/unidades\/urucuca\/files\/2025\/12\/1457-WhatsApp-Image-2025-11-27-at-10.32.22-576x1024.webp\" alt=\"\" class=\"wp-image-13443\" srcset=\"https:\/\/www.ifbaiano.edu.br\/unidades\/urucuca\/files\/2025\/12\/1457-WhatsApp-Image-2025-11-27-at-10.32.22-576x1024.webp 576w, https:\/\/www.ifbaiano.edu.br\/unidades\/urucuca\/files\/2025\/12\/1457-WhatsApp-Image-2025-11-27-at-10.32.22-169x300.webp 169w, https:\/\/www.ifbaiano.edu.br\/unidades\/urucuca\/files\/2025\/12\/1457-WhatsApp-Image-2025-11-27-at-10.32.22-100x178.webp 100w, https:\/\/www.ifbaiano.edu.br\/unidades\/urucuca\/files\/2025\/12\/1457-WhatsApp-Image-2025-11-27-at-10.32.22.webp 607w\" sizes=\"(max-width: 576px) 100vw, 576px\" \/><\/a><\/figure>\n\n\n\n<figure class=\"wp-block-image size-large\"><a href=\"https:\/\/www.ifbaiano.edu.br\/unidades\/urucuca\/files\/2025\/12\/1458-WhatsApp-Image-2025-11-27-at-10.32.23.webp\"><img decoding=\"async\" loading=\"lazy\" width=\"576\" height=\"1024\" data-id=\"13445\"  src=\"https:\/\/www.ifbaiano.edu.br\/unidades\/urucuca\/files\/2025\/12\/1458-WhatsApp-Image-2025-11-27-at-10.32.23-576x1024.webp\" alt=\"\" class=\"wp-image-13445\" srcset=\"https:\/\/www.ifbaiano.edu.br\/unidades\/urucuca\/files\/2025\/12\/1458-WhatsApp-Image-2025-11-27-at-10.32.23-576x1024.webp 576w, https:\/\/www.ifbaiano.edu.br\/unidades\/urucuca\/files\/2025\/12\/1458-WhatsApp-Image-2025-11-27-at-10.32.23-169x300.webp 169w, https:\/\/www.ifbaiano.edu.br\/unidades\/urucuca\/files\/2025\/12\/1458-WhatsApp-Image-2025-11-27-at-10.32.23-100x178.webp 100w, https:\/\/www.ifbaiano.edu.br\/unidades\/urucuca\/files\/2025\/12\/1458-WhatsApp-Image-2025-11-27-at-10.32.23.webp 607w\" sizes=\"(max-width: 576px) 100vw, 576px\" \/><\/a><\/figure>\n\n\n\n<figure class=\"wp-block-image size-large\"><a href=\"https:\/\/www.ifbaiano.edu.br\/unidades\/urucuca\/files\/2025\/12\/1459-WhatsApp-Image-2025-11-27-at-10.32.24-1.webp\"><img decoding=\"async\" loading=\"lazy\" width=\"576\" height=\"1024\" data-id=\"13446\"  src=\"https:\/\/www.ifbaiano.edu.br\/unidades\/urucuca\/files\/2025\/12\/1459-WhatsApp-Image-2025-11-27-at-10.32.24-1-576x1024.webp\" alt=\"\" class=\"wp-image-13446\" srcset=\"https:\/\/www.ifbaiano.edu.br\/unidades\/urucuca\/files\/2025\/12\/1459-WhatsApp-Image-2025-11-27-at-10.32.24-1-576x1024.webp 576w, https:\/\/www.ifbaiano.edu.br\/unidades\/urucuca\/files\/2025\/12\/1459-WhatsApp-Image-2025-11-27-at-10.32.24-1-169x300.webp 169w, https:\/\/www.ifbaiano.edu.br\/unidades\/urucuca\/files\/2025\/12\/1459-WhatsApp-Image-2025-11-27-at-10.32.24-1-100x178.webp 100w, https:\/\/www.ifbaiano.edu.br\/unidades\/urucuca\/files\/2025\/12\/1459-WhatsApp-Image-2025-11-27-at-10.32.24-1.webp 607w\" sizes=\"(max-width: 576px) 100vw, 576px\" \/><\/a><\/figure>\n\n\n\n<figure class=\"wp-block-image size-large\"><a href=\"https:\/\/www.ifbaiano.edu.br\/unidades\/urucuca\/files\/2025\/12\/1461-WhatsApp-Image-2025-11-27-at-10.32.25.webp\"><img decoding=\"async\" loading=\"lazy\" width=\"1024\" height=\"576\" data-id=\"13448\"  src=\"https:\/\/www.ifbaiano.edu.br\/unidades\/urucuca\/files\/2025\/12\/1461-WhatsApp-Image-2025-11-27-at-10.32.25-1024x576.webp\" alt=\"\" class=\"wp-image-13448\" srcset=\"https:\/\/www.ifbaiano.edu.br\/unidades\/urucuca\/files\/2025\/12\/1461-WhatsApp-Image-2025-11-27-at-10.32.25-1024x576.webp 1024w, https:\/\/www.ifbaiano.edu.br\/unidades\/urucuca\/files\/2025\/12\/1461-WhatsApp-Image-2025-11-27-at-10.32.25-300x169.webp 300w, https:\/\/www.ifbaiano.edu.br\/unidades\/urucuca\/files\/2025\/12\/1461-WhatsApp-Image-2025-11-27-at-10.32.25-768x432.webp 768w, https:\/\/www.ifbaiano.edu.br\/unidades\/urucuca\/files\/2025\/12\/1461-WhatsApp-Image-2025-11-27-at-10.32.25-1536x864.webp 1536w, https:\/\/www.ifbaiano.edu.br\/unidades\/urucuca\/files\/2025\/12\/1461-WhatsApp-Image-2025-11-27-at-10.32.25-100x56.webp 100w, https:\/\/www.ifbaiano.edu.br\/unidades\/urucuca\/files\/2025\/12\/1461-WhatsApp-Image-2025-11-27-at-10.32.25.webp 1600w\" sizes=\"(max-width: 1024px) 100vw, 1024px\" \/><\/a><\/figure>\n<\/figure>\n\n\n\n<p>Durante o evento, o p\u00fablico teve acesso a atendimentos essenciais, como:<\/p>\n\n\n\n<ul>\n<li><strong>Aferi\u00e7\u00e3o de press\u00e3o arterial<\/strong><\/li>\n\n\n\n<li><strong>Glicemia de jejum<\/strong><\/li>\n\n\n\n<li><strong>Auriculoterapia<\/strong><\/li>\n\n\n\n<li><strong>Orienta\u00e7\u00f5es e servi\u00e7os de promo\u00e7\u00e3o da sa\u00fade<\/strong><\/li>\n<\/ul>\n\n\n\n<p>A ades\u00e3o foi excelente, e muitos participantes destacaram a import\u00e2ncia de ter um momento dedicado \u00e0 sa\u00fade dentro do pr\u00f3prio campus, possibilitando um check-up r\u00e1pido, acolhedor e acess\u00edvel.<\/p>\n\n\n\n<p>O Pr\u00f3-Sa\u00fade do IF Baiano \u2013 Campus Uru\u00e7uca reafirma seu compromisso com a promo\u00e7\u00e3o da qualidade de vida, fortalecendo a\u00e7\u00f5es que aproximam educa\u00e7\u00e3o, preven\u00e7\u00e3o e cuidado. A Feira de Sa\u00fade j\u00e1 se consolida como um evento fundamental na constru\u00e7\u00e3o de uma cultura de sa\u00fade preventiva em nosso instituto.<\/p>\n\n\n\n<p><strong>Agradecemos a todos os estudantes, servidores e colaboradores que contribu\u00edram para o sucesso desta edi\u00e7\u00e3o!<\/strong><\/p>\n","protected":false},"excerpt":{"rendered":"<p>A VII Feira de Sa\u00fade do IF Baiano \u2013 Campus Uru\u00e7uca, realizada no dia 26 de novembro de 2025, foi um grande sucesso. Com o tema \u201cUm Check-up de Carinho no Campus!\u201d, a a\u00e7\u00e3o promovida pelo Pr\u00f3-Sa\u00fade destacou a import\u00e2ncia do cuidado cont\u00ednuo e da preven\u00e7\u00e3o na rotina da comunidade acad\u00eamica. A participa\u00e7\u00e3o de estudantes [&hellip;]<\/p>\n","protected":false},"author":154,"featured_media":13447,"comment_status":"closed","ping_status":"open","sticky":false,"template":"","format":"standard","meta":[],"categories":[68],"tags":[41],"_links":{"self":[{"href":"https:\/\/www.ifbaiano.edu.br\/unidades\/urucuca\/wp-json\/wp\/v2\/posts\/13442"}],"collection":[{"href":"https:\/\/www.ifbaiano.edu.br\/unidades\/urucuca\/wp-json\/wp\/v2\/posts"}],"about":[{"href":"https:\/\/www.ifbaiano.edu.br\/unidades\/urucuca\/wp-json\/wp\/v2\/types\/post"}],"author":[{"embeddable":true,"href":"https:\/\/www.ifbaiano.edu.br\/unidades\/urucuca\/wp-json\/wp\/v2\/users\/154"}],"replies":[{"embeddable":true,"href":"https:\/\/www.ifbaiano.edu.br\/unidades\/urucuca\/wp-json\/wp\/v2\/comments?post=13442"}],"version-history":[{"count":1,"href":"https:\/\/www.ifbaiano.edu.br\/unidades\/urucuca\/wp-json\/wp\/v2\/posts\/13442\/revisions"}],"predecessor-version":[{"id":13449,"href":"https:\/\/www.ifbaiano.edu.br\/unidades\/urucuca\/wp-json\/wp\/v2\/posts\/13442\/revisions\/13449"}],"wp:featuredmedia":[{"embeddable":true,"href":"https:\/\/www.ifbaiano.edu.br\/unidades\/urucuca\/wp-json\/wp\/v2\/media\/13447"}],"wp:attachment":[{"href":"https:\/\/www.ifbaiano.edu.br\/unidades\/urucuca\/wp-json\/wp\/v2\/media?parent=13442"}],"wp:term":[{"taxonomy":"category","embeddable":true,"href":"https:\/\/www.ifbaiano.edu.br\/unidades\/urucuca\/wp-json\/wp\/v2\/categories?post=13442"},{"taxonomy":"post_tag","embeddable":true,"href":"https:\/\/www.ifbaiano.edu.br\/unidades\/urucuca\/wp-json\/wp\/v2\/tags?post=13442"}],"curies":[{"name":"wp","href":"https:\/\/api.w.org\/{rel}","templated":true}]}}