{"id":13549,"date":"2026-01-07T13:51:17","date_gmt":"2026-01-07T16:51:17","guid":{"rendered":"https:\/\/www.ifbaiano.edu.br\/unidades\/urucuca\/?p=13549"},"modified":"2026-02-19T18:50:49","modified_gmt":"2026-02-19T21:50:49","slug":"if-baiano-abre-processo-seletivo-de-vagas-remanescentes-para-cursos-tecnicos-ead-ingresso-2026","status":"publish","type":"post","link":"https:\/\/www.ifbaiano.edu.br\/unidades\/urucuca\/2026\/01\/07\/if-baiano-abre-processo-seletivo-de-vagas-remanescentes-para-cursos-tecnicos-ead-ingresso-2026\/","title":{"rendered":"IF Baiano abre Processo Seletivo de Vagas Remanescentes para Cursos T\u00e9cnicos Subsequentes \u2013 Ingresso 2026"},"content":{"rendered":"\n<p>O Instituto Federal Baiano \u2013 Campus Uru\u00e7uca torna p\u00fablico o <strong>Processo Seletivo de Vagas Remanescentes<\/strong> para o ingresso de estudantes nos <strong>Cursos da Educa\u00e7\u00e3o Profissional T\u00e9cnica de N\u00edvel M\u00e9dio<\/strong>, na <strong>forma subsequente ao Ensino M\u00e9dio<\/strong>, nas <strong>modalidades presencial e a dist\u00e2ncia (EaD)<\/strong>, com ingresso previsto para o <strong>ano letivo de 2026<\/strong>.<\/p>\n\n\n\n<p>As vagas s\u00e3o destinadas aos cursos t\u00e9cnicos presenciais de Agrimensura, Agropecu\u00e1ria e Alimentos, no campus Uru\u00e7uca, e aos cursos t\u00e9cnicos EaD de Vendas, Secretaria Escolar e Inform\u00e1tica, nos polos de <strong>Uru\u00e7uca, Buerarema e Itacar\u00e9<\/strong>, conforme estabelecido nos editais.<\/p>\n\n\n\n<h3 class=\"wp-block-heading\">Forma de ingresso<\/h3>\n\n\n\n<p>O ingresso dos candidatos ser\u00e1 realizado por meio de <strong>procedimento classificat\u00f3rio de Manifesta\u00e7\u00e3o de Interesse<\/strong>, obedecendo rigorosamente \u00e0 <strong>ordem de chegada<\/strong>, de acordo com a disponibilidade de vagas.<\/p>\n\n\n\n<p>O candidato realizar\u00e1 a matr\u00edcula no curso escolhido conforme a exist\u00eancia de vagas no momento da manifesta\u00e7\u00e3o de interesse.<\/p>\n\n\n\n<h3 class=\"wp-block-heading\">Inscri\u00e7\u00f5es e matr\u00edculas<\/h3>\n\n\n\n<p>As <strong>inscri\u00e7\u00f5es\/matr\u00edculas<\/strong> estar\u00e3o abertas no per\u00edodo de <strong>07 de janeiro a 03 de mar\u00e7o de 2025<\/strong>.<\/p>\n\n\n\n<p>O procedimento poder\u00e1 ser realizado das seguintes formas:<\/p>\n\n\n\n<ul>\n<li>Presencialmente, nos <strong>polos EaD<\/strong> das cidades de Uru\u00e7uca, Camac\u00e3, Buerarema ou Itacar\u00e9;<\/li>\n\n\n\n<li>Na <strong>Secretaria do IF Baiano \u2013 Campus Uru\u00e7uca<\/strong>;<\/li>\n\n\n\n<li>Ou por meio do envio da documenta\u00e7\u00e3o exigida para o e-mail: <strong><a>secretaria@urucuca.ifbaiano.edu.br<\/a><\/strong><\/li>\n<\/ul>\n\n\n\n<p>Os candidatos dever\u00e3o apresentar toda a documenta\u00e7\u00e3o prevista no <strong>item 7.2 do edital<\/strong>. Os endere\u00e7os dos polos EaD est\u00e3o dispon\u00edveis no <strong>Quadro 2 do edital<\/strong>.<\/p>\n\n\n\n<p>Para mais informa\u00e7\u00f5es, os interessados devem consultar os editais completos dispon\u00edveis abaixo.<\/p>\n\n\n\n<p class=\"has-white-color has-text-color has-background\" style=\"background-color:#287606\"><strong>DOCUMENTOS<\/strong><\/p>\n\n\n\n<p><a rel=\"noreferrer noopener\" href=\"https:\/\/www.ifbaiano.edu.br\/unidades\/urucuca\/files\/2026\/01\/Edital-No-01-de-05-de-Janeiro-de-2026-Vagas-remanescentes-cursos-subsequentes-presenciais.pdf\" data-type=\"URL\" data-id=\"https:\/\/www.ifbaiano.edu.br\/unidades\/urucuca\/files\/2026\/01\/Edital-No-01-de-05-de-Janeiro-de-2026-Vagas-remanescentes-cursos-subsequentes-presenciais.pdf\" target=\"_blank\">Edital N\u00ba 01, de 05 de Janeiro de 2026 &#8211; Vagas remanescentes cursos subsequentes presenciais<\/a><br><a href=\"https:\/\/www.ifbaiano.edu.br\/unidades\/urucuca\/files\/2026\/01\/Edital-No-02-de-05-de-Janeiro-de-2025-Vagas-remanescentes-Cursos-subsequentes-modalidade-EaD.Ingresso-2026.-Campus-Urucuca-Polos-Urucuca-Buerarema-e-Itacare.pdf\" data-type=\"URL\" data-id=\"https:\/\/www.ifbaiano.edu.br\/unidades\/urucuca\/files\/2026\/01\/Edital-No-02-de-05-de-Janeiro-de-2025-Vagas-remanescentes-Cursos-subsequentes-modalidade-EaD.Ingresso-2026.-Campus-Urucuca-Polos-Urucuca-Buerarema-e-Itacare.pdf\" target=\"_blank\" rel=\"noreferrer noopener\">Edital N\u00ba 02 , de 05 de Janeiro de 2025 &#8211; Vagas remanescentes &#8211; Cursos subsequentes, modalidade EaD &#8211; Polos Uru\u00e7uca, Buerarema e Itacar\u00e9<\/a><\/p>\n","protected":false},"excerpt":{"rendered":"<p>O Instituto Federal Baiano \u2013 Campus Uru\u00e7uca torna p\u00fablico o Processo Seletivo de Vagas Remanescentes para o ingresso de estudantes nos Cursos da Educa\u00e7\u00e3o Profissional T\u00e9cnica de N\u00edvel M\u00e9dio, na forma subsequente ao Ensino M\u00e9dio, nas modalidades presencial e a dist\u00e2ncia (EaD), com ingresso previsto para o ano letivo de 2026. As vagas s\u00e3o destinadas [&hellip;]<\/p>\n","protected":false},"author":154,"featured_media":13554,"comment_status":"closed","ping_status":"open","sticky":false,"template":"","format":"standard","meta":[],"categories":[5],"tags":[167,87,35],"_links":{"self":[{"href":"https:\/\/www.ifbaiano.edu.br\/unidades\/urucuca\/wp-json\/wp\/v2\/posts\/13549"}],"collection":[{"href":"https:\/\/www.ifbaiano.edu.br\/unidades\/urucuca\/wp-json\/wp\/v2\/posts"}],"about":[{"href":"https:\/\/www.ifbaiano.edu.br\/unidades\/urucuca\/wp-json\/wp\/v2\/types\/post"}],"author":[{"embeddable":true,"href":"https:\/\/www.ifbaiano.edu.br\/unidades\/urucuca\/wp-json\/wp\/v2\/users\/154"}],"replies":[{"embeddable":true,"href":"https:\/\/www.ifbaiano.edu.br\/unidades\/urucuca\/wp-json\/wp\/v2\/comments?post=13549"}],"version-history":[{"count":4,"href":"https:\/\/www.ifbaiano.edu.br\/unidades\/urucuca\/wp-json\/wp\/v2\/posts\/13549\/revisions"}],"predecessor-version":[{"id":13660,"href":"https:\/\/www.ifbaiano.edu.br\/unidades\/urucuca\/wp-json\/wp\/v2\/posts\/13549\/revisions\/13660"}],"wp:featuredmedia":[{"embeddable":true,"href":"https:\/\/www.ifbaiano.edu.br\/unidades\/urucuca\/wp-json\/wp\/v2\/media\/13554"}],"wp:attachment":[{"href":"https:\/\/www.ifbaiano.edu.br\/unidades\/urucuca\/wp-json\/wp\/v2\/media?parent=13549"}],"wp:term":[{"taxonomy":"category","embeddable":true,"href":"https:\/\/www.ifbaiano.edu.br\/unidades\/urucuca\/wp-json\/wp\/v2\/categories?post=13549"},{"taxonomy":"post_tag","embeddable":true,"href":"https:\/\/www.ifbaiano.edu.br\/unidades\/urucuca\/wp-json\/wp\/v2\/tags?post=13549"}],"curies":[{"name":"wp","href":"https:\/\/api.w.org\/{rel}","templated":true}]}}