{"id":13561,"date":"2026-01-14T12:34:51","date_gmt":"2026-01-14T15:34:51","guid":{"rendered":"https:\/\/www.ifbaiano.edu.br\/unidades\/urucuca\/?p=13561"},"modified":"2026-03-17T18:35:07","modified_gmt":"2026-03-17T21:35:07","slug":"sisu-2026-inscreva-se-para-estudar-no-if-baiano-campus-urucuca","status":"publish","type":"post","link":"https:\/\/www.ifbaiano.edu.br\/unidades\/urucuca\/2026\/01\/14\/sisu-2026-inscreva-se-para-estudar-no-if-baiano-campus-urucuca\/","title":{"rendered":"SiSU 2026 &#8211; Inscreva-se para estudar no IF Baiano Campus Uru\u00e7uca"},"content":{"rendered":"\n<p>O Instituto Federal Baiano \u2013 Campus Uru\u00e7uca est\u00e1 com inscri\u00e7\u00f5es abertas para o SiSU 2026. Chegou a sua chance de ingressar em um dos nossos cursos superiores gratuitos e dar o pr\u00f3ximo passo rumo ao seu futuro profissional.<\/p>\n\n\n\n<p>Confira as op\u00e7\u00f5es de cursos dispon\u00edveis:<\/p>\n\n\n\n<ul>\n<li><strong>Agroecologia<\/strong>&nbsp;\u2013 30 vagas<\/li>\n\n\n\n<li><strong>Engenharia de Alimentos<\/strong>&nbsp;\u2013 40 vagas<\/li>\n\n\n\n<li><strong>Gest\u00e3o de Turismo<\/strong>&nbsp;\u2013 40 vagas<\/li>\n<\/ul>\n\n\n\n<p><strong>Inscreva-se pelo site oficial do SiSU:<\/strong>&nbsp;<a>acessounico.mec.gov.br\/sisu<\/a> <\/p>\n\n\n\n<p><strong>Mais<\/strong> <strong>informa\u00e7\u00f5es<\/strong>: <a rel=\"noreferrer noopener\" href=\"https:\/\/ingresso.ifbaiano.edu.br\/concursos\/sisu-2026\/urucuca\/\" data-type=\"URL\" data-id=\"https:\/\/ingresso.ifbaiano.edu.br\/concursos\/sisu-2026\/urucuca\/\" target=\"_blank\">ingresso.ifbaiano.edu.br\/concursos\/sisu-2026\/urucuca\/<\/a><\/p>\n\n\n\n<p>In\u00edcio das aulas 05\/02\/2026<\/p>\n\n\n<div class=\"wp-block-image\">\n<figure class=\"aligncenter size-large is-resized\"><a href=\"https:\/\/www.ifbaiano.edu.br\/unidades\/urucuca\/files\/2026\/01\/1926-card-urucuca-sisu-2026.webp\"><img decoding=\"async\" loading=\"lazy\" src=\"https:\/\/www.ifbaiano.edu.br\/unidades\/urucuca\/files\/2026\/01\/1926-card-urucuca-sisu-2026-819x1024.webp\" alt=\"\" class=\"wp-image-13569\" width=\"511\" height=\"639\" srcset=\"https:\/\/www.ifbaiano.edu.br\/unidades\/urucuca\/files\/2026\/01\/1926-card-urucuca-sisu-2026-819x1024.webp 819w, https:\/\/www.ifbaiano.edu.br\/unidades\/urucuca\/files\/2026\/01\/1926-card-urucuca-sisu-2026-240x300.webp 240w, https:\/\/www.ifbaiano.edu.br\/unidades\/urucuca\/files\/2026\/01\/1926-card-urucuca-sisu-2026-768x960.webp 768w, https:\/\/www.ifbaiano.edu.br\/unidades\/urucuca\/files\/2026\/01\/1926-card-urucuca-sisu-2026-100x125.webp 100w, https:\/\/www.ifbaiano.edu.br\/unidades\/urucuca\/files\/2026\/01\/1926-card-urucuca-sisu-2026.webp 864w\" sizes=\"(max-width: 511px) 100vw, 511px\" \/><\/a><\/figure><\/div>\n\n\n<p>D\u00favidas: secretaria@urucuca.ifbaiano.edu.br <\/p>\n\n\n\n<p>Para participar, basta ter feito o Enem 2025 e n\u00e3o ter zerado a reda\u00e7\u00e3o. A sele\u00e7\u00e3o ser\u00e1 realizada com base na nota obtida no exame.<\/p>\n\n\n\n<p>Escolha o IF Baiano \u2013 Campus Uru\u00e7uca e fa\u00e7a parte de uma institui\u00e7\u00e3o p\u00fablica de excel\u00eancia, totalmente gratuita e comprometida com a forma\u00e7\u00e3o de profissionais qualificados.<\/p>\n\n\n\n<p>\ud83d\udca1&nbsp;<strong>Transforme seu futuro com educa\u00e7\u00e3o de qualidade!<\/strong><\/p>\n\n\n\n<p class=\"has-white-color has-text-color has-background\" style=\"background-color:#006b09\"><strong>DOCUMENTOS<\/strong><\/p>\n\n\n\n<p><\/p>\n\n\n\n<p><a href=\"https:\/\/www.ifbaiano.edu.br\/unidades\/urucuca\/files\/2026\/03\/Edital-No-03-de-14-de-Janeiro-de-2026-Convocacao-dosas-candidatosas-autodeclarados-pretos-pardos-ou-indigenas-para-a-banca-de-heteroidentificacao-etnico-racial.pdf\" data-type=\"URL\" data-id=\"https:\/\/www.ifbaiano.edu.br\/unidades\/urucuca\/files\/2026\/03\/Edital-No-03-de-14-de-Janeiro-de-2026-Convocacao-dosas-candidatosas-autodeclarados-pretos-pardos-ou-indigenas-para-a-banca-de-heteroidentificacao-etnico-racial.pdf\" target=\"_blank\" rel=\"noreferrer noopener\">Edital N\u00ba 03 , de 14 de Janeiro de 2026- Convoca\u00e7\u00e3o dos(as) candidatos(as) autodeclarados pretos, pardos ou ind\u00edgenas para a banca de heteroidentifica\u00e7\u00e3o \u00e9tnico-racial<\/a><br><a rel=\"noreferrer noopener\" href=\"https:\/\/ingresso.ifbaiano.edu.br\/wp-content\/uploads\/2026\/01\/2o-Retificacao-do-Edital-No-03-de-14-de-Janeiro-de-2026-CHAMADA-PARA-MATRICULA-E-LISTAS-DE-ESPERA-SISU-2026.1-Campus-Urucuca.pdf\" target=\"_blank\">2\u00ba Retifica\u00e7\u00e3o do Edital N\u00ba 03 , de 14 de Janeiro de 2026-CHAMADA PARA MATR\u00cdCULA E LISTAS DE ESPERA SISU 2026.1- Campus Uru\u00e7uca<\/a><br><a rel=\"noreferrer noopener\" href=\"https:\/\/ingresso.ifbaiano.edu.br\/wp-content\/uploads\/2026\/01\/Publicacao-final-da-lista-de-espera-registrada-no-sistema-do-SISU-gestao-2026-IF-Baiano-Campus-Urucuca.pdf\" target=\"_blank\">Publica\u00e7\u00e3o final da lista de espera registrada no sistema do SISU gest\u00e3o 2026- IF Baiano Campus Uru\u00e7uca<\/a><br><a rel=\"noreferrer noopener\" href=\"https:\/\/ingresso.ifbaiano.edu.br\/wp-content\/uploads\/2026\/01\/Lista-dos-aprovados-na-chamada-regular-do-SISU-2026-IF-Baiano-Campus-Urucuca.pdf\" target=\"_blank\">Lista dos aprovados na chamada regular do SISU 2026- IF Baiano Campus Uru\u00e7uca<\/a><br><a rel=\"noreferrer noopener\" href=\"https:\/\/ingresso.ifbaiano.edu.br\/wp-content\/uploads\/2026\/01\/1o-Retificacao-do-Edital-No-03-de-14-de-Janeiro-de-2026-CHAMADA-PARA-MATRICULA-E-LISTAS-DE-ESPERA-SISU-2026.1-Campus-Urucuca.pdf\" target=\"_blank\">1\u00ba Retifica\u00e7\u00e3o do Edital N\u00ba 03 , de 14 de Janeiro de 2026-CHAMADA PARA MATR\u00cdCULA E LISTAS DE ESPERA SISU 2026.1- Campus Uru\u00e7uca<\/a><br><a rel=\"noreferrer noopener\" href=\"https:\/\/ingresso.ifbaiano.edu.br\/wp-content\/uploads\/2026\/01\/Edital-No-03-de-14-de-Janeiro-de-2026-CHAMADA-PARA-MATRICULA-E-LISTAS-DE-ESPERA-SISU-2026.1-Campus-Urucuca.pdf\" target=\"_blank\">Edital N\u00ba 03 , de 14 de Janeiro de 2026-CHAMADA PARA MATR\u00cdCULA E LISTAS DE ESPERA SISU 2026.1- Campus Uru\u00e7uca<\/a><\/p>\n","protected":false},"excerpt":{"rendered":"<p>O Instituto Federal Baiano \u2013 Campus Uru\u00e7uca est\u00e1 com inscri\u00e7\u00f5es abertas para o SiSU 2026. Chegou a sua chance de ingressar em um dos nossos cursos superiores gratuitos e dar o pr\u00f3ximo passo rumo ao seu futuro profissional. Confira as op\u00e7\u00f5es de cursos dispon\u00edveis: Inscreva-se pelo site oficial do SiSU:&nbsp;acessounico.mec.gov.br\/sisu Mais informa\u00e7\u00f5es: ingresso.ifbaiano.edu.br\/concursos\/sisu-2026\/urucuca\/ In\u00edcio das [&hellip;]<\/p>\n","protected":false},"author":154,"featured_media":13569,"comment_status":"closed","ping_status":"open","sticky":false,"template":"","format":"standard","meta":[],"categories":[68],"tags":[87,134,35,143,227,144],"_links":{"self":[{"href":"https:\/\/www.ifbaiano.edu.br\/unidades\/urucuca\/wp-json\/wp\/v2\/posts\/13561"}],"collection":[{"href":"https:\/\/www.ifbaiano.edu.br\/unidades\/urucuca\/wp-json\/wp\/v2\/posts"}],"about":[{"href":"https:\/\/www.ifbaiano.edu.br\/unidades\/urucuca\/wp-json\/wp\/v2\/types\/post"}],"author":[{"embeddable":true,"href":"https:\/\/www.ifbaiano.edu.br\/unidades\/urucuca\/wp-json\/wp\/v2\/users\/154"}],"replies":[{"embeddable":true,"href":"https:\/\/www.ifbaiano.edu.br\/unidades\/urucuca\/wp-json\/wp\/v2\/comments?post=13561"}],"version-history":[{"count":11,"href":"https:\/\/www.ifbaiano.edu.br\/unidades\/urucuca\/wp-json\/wp\/v2\/posts\/13561\/revisions"}],"predecessor-version":[{"id":13731,"href":"https:\/\/www.ifbaiano.edu.br\/unidades\/urucuca\/wp-json\/wp\/v2\/posts\/13561\/revisions\/13731"}],"wp:featuredmedia":[{"embeddable":true,"href":"https:\/\/www.ifbaiano.edu.br\/unidades\/urucuca\/wp-json\/wp\/v2\/media\/13569"}],"wp:attachment":[{"href":"https:\/\/www.ifbaiano.edu.br\/unidades\/urucuca\/wp-json\/wp\/v2\/media?parent=13561"}],"wp:term":[{"taxonomy":"category","embeddable":true,"href":"https:\/\/www.ifbaiano.edu.br\/unidades\/urucuca\/wp-json\/wp\/v2\/categories?post=13561"},{"taxonomy":"post_tag","embeddable":true,"href":"https:\/\/www.ifbaiano.edu.br\/unidades\/urucuca\/wp-json\/wp\/v2\/tags?post=13561"}],"curies":[{"name":"wp","href":"https:\/\/api.w.org\/{rel}","templated":true}]}}