{"id":13573,"date":"2026-01-23T13:45:42","date_gmt":"2026-01-23T16:45:42","guid":{"rendered":"https:\/\/www.ifbaiano.edu.br\/unidades\/urucuca\/?p=13573"},"modified":"2026-02-26T10:23:21","modified_gmt":"2026-02-26T13:23:21","slug":"processo-seletivo-para-residencia-estudantil-2026-1-edital-04-2026","status":"publish","type":"post","link":"https:\/\/www.ifbaiano.edu.br\/unidades\/urucuca\/2026\/01\/23\/processo-seletivo-para-residencia-estudantil-2026-1-edital-04-2026\/","title":{"rendered":"PROCESSO SELETIVO PARA RESID\u00caNCIA ESTUDANTIL 2026.1 &#8211; Edital 04\/2026"},"content":{"rendered":"\n<p class=\"has-white-color has-text-color\">Apresenta\u00e7<\/p>\n\n\n\n<p class=\"has-white-color has-text-color has-background\" style=\"background-color:#006400\"><strong>APRESENTA\u00c7\u00c3O<\/strong><\/p>\n\n\n\n<p>A Resid\u00eancia Estudantil integra a Pol\u00edtica de Assist\u00eancia Estudantil do IF Baiano e destina-se aos(\u00e0s) estudantes regularmente matriculados(as), com renda per capita de at\u00e9 um sal\u00e1rio-m\u00ednimo e meio.<\/p>\n\n\n\n<p>Para participar do Processo Seletivo da Resid\u00eancia Estudantil, o(a) estudante dever\u00e1: <\/p>\n\n\n\n<p>I \u2013 Estar regularmente matriculado em curso ofertado pelo Campus; <br>II \u2013 Ser de outro estado, de outro munic\u00edpio ou da zona rural de Uru\u00e7uca.<\/p>\n\n\n\n<p><strong>Documentos necess\u00e1rios:<\/strong><\/p>\n\n\n\n<ul>\n<li>Espelho do CAD\u00daNICO;<\/li>\n\n\n\n<li>Comprovante de resid\u00eancia;<\/li>\n<\/ul>\n\n\n\n<p><strong>Observa\u00e7\u00e3o:<\/strong> O CAD\u00daNICO pode ser acessado em https:\/\/www.gov.br\/pt-br\/servicos\/consultar-dados-do-cadastro-unico-cadunico<\/p>\n\n\n\n<p><\/p>\n\n\n\n<p class=\"has-white-color has-text-color has-background\" style=\"background-color:#006400\"><strong>INSCRI\u00c7\u00d5ES<\/strong><\/p>\n\n\n\n<p><strong>28\/01\/2026 a 29\/01\/2026<\/strong><\/p>\n\n\n\n<p><strong>Link de inscri\u00e7\u00e3o:<\/strong> <a href=\"https:\/\/opinanovo.ifbaiano.edu.br\/index.php\/512749\/lang\/pt-BR\/newtest\/Y\" target=\"_blank\" rel=\"noreferrer noopener\">https:\/\/opinanovo.ifbaiano.edu.br\/index.php\/512749\/lang\/pt-BR\/newtest\/Y<\/a><\/p>\n\n\n\n<p>Em caso de d\u00favidas, enviar mensagem para o e-mail da Coordena\u00e7\u00e3o de Assuntos Estudantis:&nbsp;cae@urucuca.ifbaiano.edu.br&nbsp;<em><a rel=\"noreferrer noopener\" href=\"https:\/\/opinanovo.ifbaiano.edu.br\/index.php\/183176?lang=pt-BR\" target=\"_blank\"><\/a><\/em><\/p>\n\n\n\n<p class=\"has-white-color has-text-color has-background\" style=\"background-color:#006400\"><strong>CRONOGRAMA<\/strong><\/p>\n\n\n\n<figure class=\"wp-block-image size-full\"><a href=\"https:\/\/www.ifbaiano.edu.br\/unidades\/urucuca\/files\/2026\/01\/6451-3B7FB641-2694-4C68-8CB4-FCA475C49341.webp\"><img decoding=\"async\" loading=\"lazy\" width=\"498\" height=\"475\" src=\"https:\/\/www.ifbaiano.edu.br\/unidades\/urucuca\/files\/2026\/01\/6451-3B7FB641-2694-4C68-8CB4-FCA475C49341.webp\" alt=\"\" class=\"wp-image-13574\" srcset=\"https:\/\/www.ifbaiano.edu.br\/unidades\/urucuca\/files\/2026\/01\/6451-3B7FB641-2694-4C68-8CB4-FCA475C49341.webp 498w, https:\/\/www.ifbaiano.edu.br\/unidades\/urucuca\/files\/2026\/01\/6451-3B7FB641-2694-4C68-8CB4-FCA475C49341-300x286.webp 300w, https:\/\/www.ifbaiano.edu.br\/unidades\/urucuca\/files\/2026\/01\/6451-3B7FB641-2694-4C68-8CB4-FCA475C49341-100x95.webp 100w\" sizes=\"(max-width: 498px) 100vw, 498px\" \/><\/a><\/figure>\n\n\n\n<p class=\"has-white-color has-text-color has-background\" style=\"background-color:#006400\"><strong>DOCUMENTOS<\/strong> <\/p>\n\n\n\n<p><a href=\"https:\/\/www.ifbaiano.edu.br\/unidades\/urucuca\/files\/2026\/02\/Selecao-para-Residencia-Estudantil-2026-Resultado-final.pdf\" data-type=\"URL\" data-id=\"https:\/\/www.ifbaiano.edu.br\/unidades\/urucuca\/files\/2026\/02\/Selecao-para-Residencia-Estudantil-2026-Resultado-final.pdf\" target=\"_blank\" rel=\"noreferrer noopener\"><strong>Resultado Final<br><\/strong><\/a><a rel=\"noreferrer noopener\" style=\"font-weight: bold\" href=\"https:\/\/www.ifbaiano.edu.br\/unidades\/urucuca\/files\/2026\/01\/Selecao-para-Residencia-Estudantil-2026-Resultado-preliminar.pdf\" data-type=\"URL\" data-id=\"https:\/\/www.ifbaiano.edu.br\/unidades\/urucuca\/files\/2026\/01\/Selecao-para-Residencia-Estudantil-2026-Resultado-preliminar.pdf\" target=\"_blank\"><strong>Resultado Preliminar<\/strong><\/a><b><strong><br><\/strong><\/b><a rel=\"noreferrer noopener\" href=\"https:\/\/www.ifbaiano.edu.br\/unidades\/urucuca\/files\/2026\/01\/EDITAL-No-04-2026-de-23-de-janeiro-de-2026-PROCESSO-SELETIVO-PARA-RESIDENCIA-ESTUDANTIL.pdf\" data-type=\"URL\" data-id=\"https:\/\/www.ifbaiano.edu.br\/unidades\/urucuca\/files\/2026\/01\/EDITAL-No-04-2026-de-23-de-janeiro-de-2026-PROCESSO-SELETIVO-PARA-RESIDENCIA-ESTUDANTIL.pdf\" target=\"_blank\"><strong>EDITAL 04\/2026 &#8211; PROCESSO SELETIVO PARA RESID\u00caNCIA ESTUDANTIL<\/strong><\/a><\/p>\n","protected":false},"excerpt":{"rendered":"<p>Apresenta\u00e7 APRESENTA\u00c7\u00c3O A Resid\u00eancia Estudantil integra a Pol\u00edtica de Assist\u00eancia Estudantil do IF Baiano e destina-se aos(\u00e0s) estudantes regularmente matriculados(as), com renda per capita de at\u00e9 um sal\u00e1rio-m\u00ednimo e meio. Para participar do Processo Seletivo da Resid\u00eancia Estudantil, o(a) estudante dever\u00e1: I \u2013 Estar regularmente matriculado em curso ofertado pelo Campus; II \u2013 Ser de [&hellip;]<\/p>\n","protected":false},"author":154,"featured_media":13580,"comment_status":"closed","ping_status":"open","sticky":false,"template":"","format":"standard","meta":[],"categories":[68],"tags":[101,41,87,48],"_links":{"self":[{"href":"https:\/\/www.ifbaiano.edu.br\/unidades\/urucuca\/wp-json\/wp\/v2\/posts\/13573"}],"collection":[{"href":"https:\/\/www.ifbaiano.edu.br\/unidades\/urucuca\/wp-json\/wp\/v2\/posts"}],"about":[{"href":"https:\/\/www.ifbaiano.edu.br\/unidades\/urucuca\/wp-json\/wp\/v2\/types\/post"}],"author":[{"embeddable":true,"href":"https:\/\/www.ifbaiano.edu.br\/unidades\/urucuca\/wp-json\/wp\/v2\/users\/154"}],"replies":[{"embeddable":true,"href":"https:\/\/www.ifbaiano.edu.br\/unidades\/urucuca\/wp-json\/wp\/v2\/comments?post=13573"}],"version-history":[{"count":5,"href":"https:\/\/www.ifbaiano.edu.br\/unidades\/urucuca\/wp-json\/wp\/v2\/posts\/13573\/revisions"}],"predecessor-version":[{"id":13624,"href":"https:\/\/www.ifbaiano.edu.br\/unidades\/urucuca\/wp-json\/wp\/v2\/posts\/13573\/revisions\/13624"}],"wp:featuredmedia":[{"embeddable":true,"href":"https:\/\/www.ifbaiano.edu.br\/unidades\/urucuca\/wp-json\/wp\/v2\/media\/13580"}],"wp:attachment":[{"href":"https:\/\/www.ifbaiano.edu.br\/unidades\/urucuca\/wp-json\/wp\/v2\/media?parent=13573"}],"wp:term":[{"taxonomy":"category","embeddable":true,"href":"https:\/\/www.ifbaiano.edu.br\/unidades\/urucuca\/wp-json\/wp\/v2\/categories?post=13573"},{"taxonomy":"post_tag","embeddable":true,"href":"https:\/\/www.ifbaiano.edu.br\/unidades\/urucuca\/wp-json\/wp\/v2\/tags?post=13573"}],"curies":[{"name":"wp","href":"https:\/\/api.w.org\/{rel}","templated":true}]}}