{"id":13888,"date":"2026-04-27T09:10:21","date_gmt":"2026-04-27T12:10:21","guid":{"rendered":"https:\/\/www.ifbaiano.edu.br\/unidades\/urucuca\/?p=13888"},"modified":"2026-04-27T15:41:18","modified_gmt":"2026-04-27T18:41:18","slug":"edital-no-07-de-24-de-abril-de-2026","status":"publish","type":"post","link":"https:\/\/www.ifbaiano.edu.br\/unidades\/urucuca\/2026\/04\/27\/edital-no-07-de-24-de-abril-de-2026\/","title":{"rendered":"EDITAL N\u00ba 07, DE 24 DE ABRIL DE 2026"},"content":{"rendered":"\n<p>\u200b\u200b\u200b\u200b\u200b\u200b\u200b<strong>PROGRAMA DE INCENTIVO \u00c0 PARTICIPA\u00c7\u00c3O POL\u00cdTICO-ACAD\u00caMICA \u2013 PROPAC<\/strong><\/p>\n\n\n\n<p class=\"has-text-align-left\">O Programa de Incentivo \u00e0 Participa\u00e7\u00e3o Pol\u00edtico-Acad\u00eamica \u2013 PROPAC visa apoiar a realiza\u00e7\u00e3o de a\u00e7\u00f5es que contribuam para a produ\u00e7\u00e3o cient\u00edfica, acad\u00eamica e tecnol\u00f3gica, o exerc\u00edcio da cidadania e o direito de organiza\u00e7\u00e3o pol\u00edtica do estudante.<br><br>O PROPAC \u00e9 composto por tr\u00eas aux\u00edlios:<br><br>     <strong>Aux\u00edlio Participa\u00e7\u00e3o em Eventos de Car\u00e1ter Cient\u00edfico, Acad\u00eamico ou Tecnol\u00f3gico<\/strong>;<br>     <strong>Aux\u00edlio Participa\u00e7\u00e3o em Eventos de Organiza\u00e7\u00e3o Estudantil;<\/strong><br>     <strong>Aux\u00edlio Formaliza\u00e7\u00e3o de Entidades Estudantis.<\/strong><br><br>Os pedidos devem ser encaminhados via Sistema Unificado de Administra\u00e7\u00e3o P\u00fablica \u2013 SUAP ou \u00e0 Coordena\u00e7\u00e3o de Assuntos Estudantis do Campus ou atrav\u00e9s de plataformas digitais definidas pelo   Campus, com prazo m\u00ednimo de 30 (trinta) dias corridos e m\u00e1ximo de 60 (sessenta) de anteced\u00eancia da data de in\u00edcio do evento, para os aux\u00edlios referentes \u00e0 participa\u00e7\u00e3o em eventos de car\u00e1ter cient\u00edfico, acad\u00eamico ou tecnol\u00f3gico e de organiza\u00e7\u00e3o estudantil. <\/p>\n\n\n\n<p>O estudante dever\u00e1 solicitar o aux\u00edlio em formul\u00e1rio pr\u00f3prio (Anexo I) disponibilizado no presente Edital, anexando os seguintes documentos<br><br><a rel=\"noreferrer noopener\" href=\"https:\/\/www.ifbaiano.edu.br\/unidades\/urucuca\/files\/2026\/04\/EDITAL-N07-DE-24-DE-ABRIL-DE-2026-PROPAC.pdf\" target=\"_blank\">Edital N\u00ba 07 &#8211; PROPAC<\/a><\/p>\n","protected":false},"excerpt":{"rendered":"<p>\u200b\u200b\u200b\u200b\u200b\u200b\u200bPROGRAMA DE INCENTIVO \u00c0 PARTICIPA\u00c7\u00c3O POL\u00cdTICO-ACAD\u00caMICA \u2013 PROPAC O Programa de Incentivo \u00e0 Participa\u00e7\u00e3o Pol\u00edtico-Acad\u00eamica \u2013 PROPAC visa apoiar a realiza\u00e7\u00e3o de a\u00e7\u00f5es que contribuam para a produ\u00e7\u00e3o cient\u00edfica, acad\u00eamica e tecnol\u00f3gica, o exerc\u00edcio da cidadania e o direito de organiza\u00e7\u00e3o pol\u00edtica do estudante. O PROPAC \u00e9 composto por tr\u00eas aux\u00edlios: Aux\u00edlio Participa\u00e7\u00e3o em Eventos [&hellip;]<\/p>\n","protected":false},"author":69,"featured_media":0,"comment_status":"closed","ping_status":"open","sticky":false,"template":"","format":"standard","meta":[],"categories":[5,24,68],"tags":[],"_links":{"self":[{"href":"https:\/\/www.ifbaiano.edu.br\/unidades\/urucuca\/wp-json\/wp\/v2\/posts\/13888"}],"collection":[{"href":"https:\/\/www.ifbaiano.edu.br\/unidades\/urucuca\/wp-json\/wp\/v2\/posts"}],"about":[{"href":"https:\/\/www.ifbaiano.edu.br\/unidades\/urucuca\/wp-json\/wp\/v2\/types\/post"}],"author":[{"embeddable":true,"href":"https:\/\/www.ifbaiano.edu.br\/unidades\/urucuca\/wp-json\/wp\/v2\/users\/69"}],"replies":[{"embeddable":true,"href":"https:\/\/www.ifbaiano.edu.br\/unidades\/urucuca\/wp-json\/wp\/v2\/comments?post=13888"}],"version-history":[{"count":3,"href":"https:\/\/www.ifbaiano.edu.br\/unidades\/urucuca\/wp-json\/wp\/v2\/posts\/13888\/revisions"}],"predecessor-version":[{"id":13899,"href":"https:\/\/www.ifbaiano.edu.br\/unidades\/urucuca\/wp-json\/wp\/v2\/posts\/13888\/revisions\/13899"}],"wp:attachment":[{"href":"https:\/\/www.ifbaiano.edu.br\/unidades\/urucuca\/wp-json\/wp\/v2\/media?parent=13888"}],"wp:term":[{"taxonomy":"category","embeddable":true,"href":"https:\/\/www.ifbaiano.edu.br\/unidades\/urucuca\/wp-json\/wp\/v2\/categories?post=13888"},{"taxonomy":"post_tag","embeddable":true,"href":"https:\/\/www.ifbaiano.edu.br\/unidades\/urucuca\/wp-json\/wp\/v2\/tags?post=13888"}],"curies":[{"name":"wp","href":"https:\/\/api.w.org\/{rel}","templated":true}]}}